{"id":499208,"date":"2025-10-30T05:14:15","date_gmt":"2025-10-30T05:14:15","guid":{"rendered":"https:\/\/www.europesays.com\/fr\/499208\/"},"modified":"2025-10-30T05:14:15","modified_gmt":"2025-10-30T05:14:15","slug":"cest-un-contact-direct-avec-les-gens","status":"publish","type":"post","link":"https:\/\/www.europesays.com\/fr\/499208\/","title":{"rendered":"\u00ab\u00a0C\u2019est un contact direct avec les gens\u00a0\u00bb"},"content":{"rendered":"<p class=\"insetTitle\">Un deuxi\u00e8me salon lyonnais en mars\u00a02026<\/p>\n<p>Avec Paris, Lyon est l\u2019autre ville \u00e0 accueillir un deuxi\u00e8me rendez-vous des Vignerons ind\u00e9pendants. Il aura lieu du 6 au 8\u00a0mars 2026 \u00e0 Lyon Eurexpo. Il est\u00a0loin d\u2019\u00eatre une nouveaut\u00e9, puisqu\u2019il s\u2019agira de la 20e \u00e9dition \u00e0 Chassieu. Plus petit en taille (102 exposants en 2025), il a su tout de m\u00eame trouver sa place chez les amateurs de vin.<\/p>\n<p>\u00ab\u00a0Nous l\u2019avons cr\u00e9\u00e9, il y a une vingtaine d\u2019ann\u00e9es parce qu\u2019il y avait trop de demandes, tant public qu\u2019exposants, pour le salon historique \u00e0 Tony-Garnier\u00a0\u00bb, souligne Jean-Marie Fabre. \u00ab\u00a0Nous avions aussi beaucoup de gens qui venaient de l\u2019Is\u00e8re, de l\u2019Ain ou de Savoie. Un salon \u00e0 Eurexpo leur correspondait parfaitement. Au final, les deux salons se tiennent\u00a0\u00bb.<\/p>\n","protected":false},"excerpt":{"rendered":"Un deuxi\u00e8me salon lyonnais en mars\u00a02026 Avec Paris, Lyon est l\u2019autre ville \u00e0 accueillir un deuxi\u00e8me rendez-vous des&hellip;\n","protected":false},"author":2,"featured_media":499209,"comment_status":"","ping_status":"","sticky":false,"template":"","format":"standard","meta":{"footnotes":""},"categories":[1889],"tags":[1111,11,2430,33,3152,2757,3153,3154,3155,3156,1777,674,1011,27,2428,2756,12,25,2429,6182],"class_list":{"0":"post-499208","1":"post","2":"type-post","3":"status-publish","4":"format-standard","5":"has-post-thumbnail","7":"category-lyon","8":"tag-actu","9":"tag-actualites","10":"tag-auvergne-rhone-alpes","11":"tag-economie","12":"tag-edition-est-lyonnais","13":"tag-edition-lyon-villeurbanne","14":"tag-edition-ouest-lyonnais","15":"tag-edition-sud-lyonnais","16":"tag-edition-tarare","17":"tag-edition-villefranche","18":"tag-eu","19":"tag-europe","20":"tag-fr","21":"tag-france","22":"tag-lyon","23":"tag-lyon-bassin","24":"tag-news","25":"tag-republique-francaise","26":"tag-rhone","27":"tag-vins-et-viticulture"},"share_on_mastodon":{"url":"https:\/\/pubeurope.com\/@fr\/115461414091354170","error":""},"_links":{"self":[{"href":"https:\/\/www.europesays.com\/fr\/wp-json\/wp\/v2\/posts\/499208","targetHints":{"allow":["GET"]}}],"collection":[{"href":"https:\/\/www.europesays.com\/fr\/wp-json\/wp\/v2\/posts"}],"about":[{"href":"https:\/\/www.europesays.com\/fr\/wp-json\/wp\/v2\/types\/post"}],"author":[{"embeddable":true,"href":"https:\/\/www.europesays.com\/fr\/wp-json\/wp\/v2\/users\/2"}],"replies":[{"embeddable":true,"href":"https:\/\/www.europesays.com\/fr\/wp-json\/wp\/v2\/comments?post=499208"}],"version-history":[{"count":0,"href":"https:\/\/www.europesays.com\/fr\/wp-json\/wp\/v2\/posts\/499208\/revisions"}],"wp:featuredmedia":[{"embeddable":true,"href":"https:\/\/www.europesays.com\/fr\/wp-json\/wp\/v2\/media\/499209"}],"wp:attachment":[{"href":"https:\/\/www.europesays.com\/fr\/wp-json\/wp\/v2\/media?parent=499208"}],"wp:term":[{"taxonomy":"category","embeddable":true,"href":"https:\/\/www.europesays.com\/fr\/wp-json\/wp\/v2\/categories?post=499208"},{"taxonomy":"post_tag","embeddable":true,"href":"https:\/\/www.europesays.com\/fr\/wp-json\/wp\/v2\/tags?post=499208"}],"curies":[{"name":"wp","href":"https:\/\/api.w.org\/{rel}","templated":true}]}}