{"id":499214,"date":"2025-10-30T05:19:12","date_gmt":"2025-10-30T05:19:12","guid":{"rendered":"https:\/\/www.europesays.com\/fr\/499214\/"},"modified":"2025-10-30T05:19:12","modified_gmt":"2025-10-30T05:19:12","slug":"8-spas-a-paris-pour-une-deconnexion-absolue","status":"publish","type":"post","link":"https:\/\/www.europesays.com\/fr\/499214\/","title":{"rendered":"8 spas \u00e0 Paris pour une d\u00e9connexion absolue"},"content":{"rendered":"<p><strong>O\u00f9 ?<\/strong> 14, rue des Saints-P\u00e8res 75007 Paris<br \/><strong>Site internet ?<\/strong> <a data-offer-url=\"https:\/\/www.spaclemens.com\/\" class=\"external-link\" data-event-click=\"{&quot;element&quot;:&quot;ExternalLink&quot;,&quot;outgoingURL&quot;:&quot;https:\/\/www.spaclemens.com\/&quot;}\" href=\"https:\/\/www.spaclemens.com\/\" rel=\"nofollow noopener\" target=\"_blank\">spaclemens.com<\/a><br \/><strong>Combien ?<\/strong> \u200b\u200bMassage flottant\u2009: 150 euros (60 mn). Privatisation, 150 euros pour deux (50 mn).<\/p>\n<p><strong>Massage cr\u00e2nien &#8211; FAUVE<\/strong><\/p>\n<p>Fauve, expert du cuir chevelu, r\u00e9invente l&rsquo;exp\u00e9rience du soin capillaire dans son studio du Marais, install\u00e9 dans d\u2019anciennes \u00e9curies. Ce lieu \u00e9l\u00e9gant, alliant le bois de ch\u00eane et le b\u00e9ton, cr\u00e9e une atmosph\u00e8re \u00e0 la fois moderne et chaleureuse, id\u00e9ale pour se d\u00e9tendre et prendre soin de soi. L\u2019exp\u00e9rience propos\u00e9e par Fauve repose sur un massage capillaire unique, r\u00e9alis\u00e9 par des fasciath\u00e9rapeutes. S\u2019inspirant de la m\u00e9decine chinoise, ce soin utilise des courants d\u2019\u00e9nergie pour dynamiser et apaiser le cuir chevelu. Chaque geste est pens\u00e9 pour favoriser une sensation de bien-\u00eatre et de relaxation intense. Les effets sont imm\u00e9diats : le soin procure un sentiment de fra\u00eecheur gr\u00e2ce \u00e0 l&rsquo;huile d\u00e9licatement pulv\u00e9ris\u00e9e sur le cuir chevelu. De plus, il stimule la production de s\u00e9rotonine et de dopamine, am\u00e9liorant ainsi l\u2019humeur et procurant une v\u00e9ritable sensation de l\u00e9g\u00e8ret\u00e9. Un petit rituel de lavage des mains avant le soin ajoute une touche de bien-\u00eatre suppl\u00e9mentaire, permettant de se pr\u00e9parer pleinement \u00e0 l&rsquo;exp\u00e9rience.<\/p>\n<p><img decoding=\"async\" alt=\"Fauve\" loading=\"lazy\" class=\"ResponsiveImageContainer-eNxvmU cfBbTk responsive-image__image\"   src=\"https:\/\/www.europesays.com\/fr\/wp-content\/uploads\/2025\/10\/Fauve.jpg\"\/><\/p>\n<p>FauveFauve\/Vanity Fair<\/p>\n<p><strong>O\u00f9 ?<\/strong> 29, rue des Gravilliers 75003 Paris<br \/><strong>Site internet ?<\/strong> <a data-offer-url=\"https:\/\/fauve-paris.com\/\" class=\"external-link\" data-event-click=\"{&quot;element&quot;:&quot;ExternalLink&quot;,&quot;outgoingURL&quot;:&quot;https:\/\/fauve-paris.com\/&quot;}\" href=\"https:\/\/fauve-paris.com\/\" rel=\"nofollow noopener\" target=\"_blank\">fauve-paris.com<\/a><br \/><strong>Combien ?<\/strong> \u200b\u200bSoin signature \u00e9nergisant\u2009: 65 euros (30 mn), 90 euros (50\u2009mn), 130 euros (70 mn).<\/p>\n<p><strong>Massage aux bambous &#8211; Spa Iko\u00ef<\/strong><\/p>\n<p>Le Spa Iko\u00ef de l\u2019H\u00f4tel Balzac, un \u00e9tablissement Relais &amp; Ch\u00e2teaux, offre un v\u00e9ritable havre de paix au c\u0153ur de Paris. L&rsquo;espace, d\u00e9di\u00e9 \u00e0 la s\u00e9r\u00e9nit\u00e9, abrite trois cabines priv\u00e9es o\u00f9 des rituels authentiques, inspir\u00e9s des m\u00e9thodes japonaises, invitent \u00e0 la d\u00e9tente et \u00e0 la r\u00e9g\u00e9n\u00e9ration. L\u2019exp\u00e9rience du spa se distingue par un massage aux b\u00e2tons de bambou, une technique fluide et rythm\u00e9e, qui varie les pressions, tant\u00f4t l\u00e9g\u00e8res, tant\u00f4t profondes. Ce soin, v\u00e9ritable voyage m\u00e9ditatif, permet de lib\u00e9rer les tensions et d\u2019atteindre un \u00e9tat de relaxation total. Les effets attendus sont multiples : une circulation stimul\u00e9e, des raideurs corporelles apais\u00e9es et une sensation de s\u00e9r\u00e9nit\u00e9 qui perdure bien apr\u00e8s la s\u00e9ance. Pour compl\u00e9ter cette exp\u00e9rience de bien-\u00eatre, le spa offre un acc\u00e8s privil\u00e9gi\u00e9 au bassin et au sauna, \u00e0 savourer avant ou apr\u00e8s le massage, pour prolonger le l\u00e2cher-prise dans une atmosph\u00e8re de calme absolu.<\/p>\n","protected":false},"excerpt":{"rendered":"O\u00f9 ? 14, rue des Saints-P\u00e8res 75007 ParisSite internet ? spaclemens.comCombien ? \u200b\u200bMassage flottant\u2009: 150 euros (60 mn).&hellip;\n","protected":false},"author":2,"featured_media":499215,"comment_status":"","ping_status":"","sticky":false,"template":"","format":"standard","meta":{"footnotes":""},"categories":[1888],"tags":[62161,1111,1928,11,1927,1777,674,1011,27,1305,1031,12,1926,626,1925,25,6747],"class_list":{"0":"post-499214","1":"post","2":"type-post","3":"status-publish","4":"format-standard","5":"has-post-thumbnail","7":"category-paris","8":"tag-_seo","9":"tag-actu","10":"tag-actu-paris","11":"tag-actualites","12":"tag-actualites-paris","13":"tag-eu","14":"tag-europe","15":"tag-fr","16":"tag-france","17":"tag-lifestyle","18":"tag-magazine","19":"tag-news","20":"tag-news-paris","21":"tag-paris","22":"tag-paris-news","23":"tag-republique-francaise","24":"tag-textabovecentergridwidth"},"share_on_mastodon":{"url":"https:\/\/pubeurope.com\/@fr\/115461433923126949","error":""},"_links":{"self":[{"href":"https:\/\/www.europesays.com\/fr\/wp-json\/wp\/v2\/posts\/499214","targetHints":{"allow":["GET"]}}],"collection":[{"href":"https:\/\/www.europesays.com\/fr\/wp-json\/wp\/v2\/posts"}],"about":[{"href":"https:\/\/www.europesays.com\/fr\/wp-json\/wp\/v2\/types\/post"}],"author":[{"embeddable":true,"href":"https:\/\/www.europesays.com\/fr\/wp-json\/wp\/v2\/users\/2"}],"replies":[{"embeddable":true,"href":"https:\/\/www.europesays.com\/fr\/wp-json\/wp\/v2\/comments?post=499214"}],"version-history":[{"count":0,"href":"https:\/\/www.europesays.com\/fr\/wp-json\/wp\/v2\/posts\/499214\/revisions"}],"wp:featuredmedia":[{"embeddable":true,"href":"https:\/\/www.europesays.com\/fr\/wp-json\/wp\/v2\/media\/499215"}],"wp:attachment":[{"href":"https:\/\/www.europesays.com\/fr\/wp-json\/wp\/v2\/media?parent=499214"}],"wp:term":[{"taxonomy":"category","embeddable":true,"href":"https:\/\/www.europesays.com\/fr\/wp-json\/wp\/v2\/categories?post=499214"},{"taxonomy":"post_tag","embeddable":true,"href":"https:\/\/www.europesays.com\/fr\/wp-json\/wp\/v2\/tags?post=499214"}],"curies":[{"name":"wp","href":"https:\/\/api.w.org\/{rel}","templated":true}]}}