{"id":499218,"date":"2025-10-30T05:22:05","date_gmt":"2025-10-30T05:22:05","guid":{"rendered":"https:\/\/www.europesays.com\/fr\/499218\/"},"modified":"2025-10-30T05:22:05","modified_gmt":"2025-10-30T05:22:05","slug":"lol-avait-le-match-en-mains-et-se-fait-rejoindre","status":"publish","type":"post","link":"https:\/\/www.europesays.com\/fr\/499218\/","title":{"rendered":"l&rsquo;OL avait le match en mains et se fait rejoindre"},"content":{"rendered":"<p>M\u00eame s&rsquo;ils \u00e9taient fragilis\u00e9s par la blessure de leur ailier Malick Fofana, les Lyonnais visaient au Paris FC une dixi\u00e8me victoire en treize matchs toutes comp\u00e9titions confondues. Les Lyonnais ont ouvert la marque d\u00e8s la cinqui\u00e8me minute par Corentin Tolisso et Afonso Moreira avait doubl\u00e9 la mise (30e) mais son but a \u00e9t\u00e9 refus\u00e9.D\u00e8s la reprise, le Tch\u00e8que Sulc a sign\u00e9 un doubl\u00e9 (51e, 58e) et l&rsquo;OL menait 3\u00e0 0 \u00e0 l&rsquo;heure de jeu. Puis Abner a \u00e9t\u00e9 expuls\u00e9 et Camara a r\u00e9duit le score (65e) avant l&rsquo;expulsion de De Smet (67e) c\u00f4t\u00e9 parisien. Mais Kebbal a r\u00e9duit le score (77e) et une frappe contr\u00e9e de Marchetti a lob\u00e9 Greif, pas exempt de reproches sur les deux derniers buts, pour l&rsquo;\u00e9galisation du Paris FC (3-3).<br \/>L&rsquo;OL peut nourrir de gros regrets car d&rsquo;une place de co-leader qui lui tendait les bras, il se retrouve cinqui\u00e8me.<\/p>\n<p>&#13;<br \/>\n              Norbert Bonnet &#8211; &#13;<br \/>\n        &#13;<br \/>\n          Hier \u00e0 20:30&#13;<br \/>\n    &#13;<br \/>\n                  | mis \u00e0 jour hier \u00e0 00:20&#13;<br \/>\n              &#8211; Temps de lecture : &#13;<br \/>\n  &#13;\n<\/p>\n<p>                        &#13;<br \/>\n    &#13;<br \/>\n    &#13;<br \/>\n    <a href=\"https:\/\/cdn-s-www.leprogres.fr\/images\/3009E67B-05A0-4083-B782-542744E3A0EF\/NW_raw\/nicolas-tagliafico-et-les-lyonnais-avaient-le-match-en-mains-avant-de-s-ecrouler-et-partir-de-charlety-avec-un-match-nul-frustrant-(3-3)-photo-stephane-guiochon-1761777406.jpg\" title=\"Nicolas Tagliafico et les Lyonnais avaient le match en mains avant de s&#039;\u00e9crouler et partir de Charl\u00e9ty avec un match nul frustrant (3-3). Photo St\u00e9phane Guiochon\" class=\"chocolat-image GA-tracking\" data-ga_type=\"click\" data-ga_category=\"D\u00e9tail\" data-ga_action=\"zoomer\" data-ga_label=\"aggrandir image\" target=\"_blank\" rel=\"noopener\">&#13;<br \/>\n        <img src=\"https:\/\/www.europesays.com\/fr\/wp-content\/uploads\/2025\/10\/nicolas-tagliafico-et-les-lyonnais-avaient-le-match-en-mains-avant-de-s-ecrouler-et-partir-de-charle.jpeg\"   alt=\"Nicolas Tagliafico et les Lyonnais avaient le match en mains avant de s'\u00e9crouler et partir de Charl\u00e9ty avec un match nul frustrant (3-3). Photo St\u00e9phane Guiochon\" fetchpriority=\"high\" decoding=\"async\" data-mobile=\"NW_detail_M|1761777406\" data-base=\"NW_detail|1761777406\"\/>&#13;<br \/>\n    <\/a>&#13;<\/p>\n<p>\u00a0Nicolas Tagliafico et les Lyonnais avaient le match en mains avant de s&rsquo;\u00e9crouler et partir de Charl\u00e9ty avec un match nul frustrant (3-3). Photo St\u00e9phane Guiochon<\/p>\n","protected":false},"excerpt":{"rendered":"M\u00eame s&rsquo;ils \u00e9taient fragilis\u00e9s par la blessure de leur ailier Malick Fofana, les Lyonnais visaient au Paris FC&hellip;\n","protected":false},"author":2,"featured_media":499219,"comment_status":"","ping_status":"","sticky":false,"template":"","format":"standard","meta":{"footnotes":""},"categories":[1888],"tags":[11,3545,1777,674,107,63,1011,27,7020,12,2755,626,25,2429,517],"class_list":{"0":"post-499218","1":"post","2":"type-post","3":"status-publish","4":"format-standard","5":"has-post-thumbnail","7":"category-paris","8":"tag-actualites","9":"tag-direct-sport","10":"tag-eu","11":"tag-europe","12":"tag-fil-info","13":"tag-football","14":"tag-fr","15":"tag-france","16":"tag-ligue-1-football","17":"tag-news","18":"tag-ol-olympique-lyonnais-football","19":"tag-paris","20":"tag-republique-francaise","21":"tag-rhone","22":"tag-sport"},"share_on_mastodon":{"url":"https:\/\/pubeurope.com\/@fr\/115461446539749859","error":""},"_links":{"self":[{"href":"https:\/\/www.europesays.com\/fr\/wp-json\/wp\/v2\/posts\/499218","targetHints":{"allow":["GET"]}}],"collection":[{"href":"https:\/\/www.europesays.com\/fr\/wp-json\/wp\/v2\/posts"}],"about":[{"href":"https:\/\/www.europesays.com\/fr\/wp-json\/wp\/v2\/types\/post"}],"author":[{"embeddable":true,"href":"https:\/\/www.europesays.com\/fr\/wp-json\/wp\/v2\/users\/2"}],"replies":[{"embeddable":true,"href":"https:\/\/www.europesays.com\/fr\/wp-json\/wp\/v2\/comments?post=499218"}],"version-history":[{"count":0,"href":"https:\/\/www.europesays.com\/fr\/wp-json\/wp\/v2\/posts\/499218\/revisions"}],"wp:featuredmedia":[{"embeddable":true,"href":"https:\/\/www.europesays.com\/fr\/wp-json\/wp\/v2\/media\/499219"}],"wp:attachment":[{"href":"https:\/\/www.europesays.com\/fr\/wp-json\/wp\/v2\/media?parent=499218"}],"wp:term":[{"taxonomy":"category","embeddable":true,"href":"https:\/\/www.europesays.com\/fr\/wp-json\/wp\/v2\/categories?post=499218"},{"taxonomy":"post_tag","embeddable":true,"href":"https:\/\/www.europesays.com\/fr\/wp-json\/wp\/v2\/tags?post=499218"}],"curies":[{"name":"wp","href":"https:\/\/api.w.org\/{rel}","templated":true}]}}