{"id":499220,"date":"2025-10-30T05:23:12","date_gmt":"2025-10-30T05:23:12","guid":{"rendered":"https:\/\/www.europesays.com\/fr\/499220\/"},"modified":"2025-10-30T05:23:12","modified_gmt":"2025-10-30T05:23:12","slug":"en-direct-ukraine-washington-et-pekin-vont-travailler-ensemble-sur-le-conflit-dit-trump","status":"publish","type":"post","link":"https:\/\/www.europesays.com\/fr\/499220\/","title":{"rendered":"EN DIRECT &#8211; Ukraine : Washington et P\u00e9kin vont \u00ab\u00a0travailler ensemble\u00a0\u00bb sur le conflit, dit Trump"},"content":{"rendered":"<ul class=\"jsx-862013697 ArticleChapo__List\">\n<li class=\"jsx-862013697 ArticleChapo__List_Item flex\">Le pr\u00e9sident am\u00e9ricain a assur\u00e9 jeudi que Washington et P\u00e9kin allaient \u00ab\u00a0travailler ensemble\u00a0\u00bb sur la guerre en Ukraine, apr\u00e8s une rencontre avec son homologue chinois Xi Jinping en Cor\u00e9e du Sud.<\/li>\n<li class=\"jsx-862013697 ArticleChapo__List_Item flex\">Suivez les derni\u00e8res informations.<\/li>\n<\/ul>\n<p data-module=\"article-paragraph\" class=\"jsx-3046738180 Paragraph Paragraph__End\"><a href=\"https:\/\/www.tf1info.fr\/international\/guerre-ukraine-russie-vladimir-poutine-souhaite-en-decoudre-la-mise-en-garde-de-jean-noel-barrot-concernant-la-russie-2403561.html\" target=\"_blank\" rel=\"noopener\">Invit\u00e9 ce mercredi soir sur LCI \u00e0 l&rsquo;occasion du Forum de Paris sur la paix<\/a>, Jean-No\u00ebl Barrot a \u00e9voqu\u00e9 les derniers d\u00e9veloppements concernant la guerre en Ukraine. L&rsquo;occasion pour le patron de la diplomatie fran\u00e7aise de mettre en garde : \u00ab\u00a0Le niveau de menace\u00a0\u00bb concernant la Russie \u00ab\u00a0augmente.\u00a0\u00bb \u00ab\u00a0Vladimir Poutine r\u00e9arme la Russie, en consacrant une part importante de son budget ou en d\u00e9cidant d&rsquo;une conscription militaire la plus importante depuis 14 ans\u00a0\u00bb, a jug\u00e9 le ministre. Et de pr\u00e9venir : l&rsquo;h\u00f4te du Kremlin \u00ab\u00a0souhaite clairement en d\u00e9coudre.\u00a0\u00bb<\/p>\n<p>Les \u00e9l\u00e9ments marquantsCHINE ET \u00c9TATS-UNIS VONT \u00ab\u00a0TRAVAILLER ENSEMBLE\u00a0\u00bb, DIT TRUMP06:12<\/p>\n<p>Le pr\u00e9sident am\u00e9ricain Donald Trump a assur\u00e9 jeudi que Washington et P\u00e9kin allaient \u00ab\u00a0travailler ensemble\u00a0\u00bb sur la guerre en Ukraine, apr\u00e8s une rencontre avec son homologue chinois Xi Jinping en Cor\u00e9e du Sud.<\/p>\n<p>\u00ab\u00a0L&rsquo;Ukraine a \u00e9t\u00e9 abord\u00e9e de mani\u00e8re tr\u00e8s forte. Nous en avons parl\u00e9 pendant longtemps, et nous allons tous les deux travailler ensemble pour voir si nous pouvons obtenir quelque chose\u00a0\u00bb, a-t-il d\u00e9clar\u00e9 aux journalistes \u00e0 bord d&rsquo;Air Force One. Xi Jinping va \u00ab\u00a0nous aider, et nous allons travailler ensemble sur l&rsquo;Ukraine\u00a0\u00bb, a d\u00e9clar\u00e9 Donald Trump.<\/p>\n<p>Minute par minuteCHINE ET \u00c9TATS-UNIS VONT \u00ab\u00a0TRAVAILLER ENSEMBLE\u00a0\u00bb, DIT TRUMP06:12<\/p>\n<p>Le pr\u00e9sident am\u00e9ricain Donald Trump a assur\u00e9 jeudi que Washington et P\u00e9kin allaient \u00ab\u00a0travailler ensemble\u00a0\u00bb sur la guerre en Ukraine, apr\u00e8s une rencontre avec son homologue chinois Xi Jinping en Cor\u00e9e du Sud.<\/p>\n<p>\u00ab\u00a0L&rsquo;Ukraine a \u00e9t\u00e9 abord\u00e9e de mani\u00e8re tr\u00e8s forte. Nous en avons parl\u00e9 pendant longtemps, et nous allons tous les deux travailler ensemble pour voir si nous pouvons obtenir quelque chose\u00a0\u00bb, a-t-il d\u00e9clar\u00e9 aux journalistes \u00e0 bord d&rsquo;Air Force One. Xi Jinping va \u00ab\u00a0nous aider, et nous allons travailler ensemble sur l&rsquo;Ukraine\u00a0\u00bb, a d\u00e9clar\u00e9 Donald Trump.<\/p>\n<p>BONJOUR \u00c0 TOUS06:12<\/p>\n<p>Bonjour \u00e0 toutes et \u00e0 tous et bienvenue dans ce direct du jeudi 30 octobre consacr\u00e9 \u00e0 la guerre en Ukraine.<\/p>\n<p data-module=\"article-paragraph\" class=\"jsx-3046738180 Paragraph Paragraph__End\">Comment expliquer l&rsquo;attitude du pr\u00e9sident russe ? \u00ab\u00a0Il est en \u00e9chec militairement, politiquement, \u00e9conomiquement\u00a0\u00bb, assure Jean-No\u00ebl Barrot. \u00ab\u00a0En 1000 jours, il n&rsquo;a conquis que 1% du territoire ukrainien. Sur le plan \u00e9conomique, le pays s&rsquo;effondre, sous le triple coup de l&rsquo;effort de guerre, les sanctions et les frappes ukrainiennes touchant les infrastructures\u00a0\u00bb, a d\u00e9velopp\u00e9 le ministre fran\u00e7ais. Selon ce dernier, Vladimir Poutine \u00ab\u00a0masque son \u00e9chec en pilonnant les villes de l&rsquo;arri\u00e8re (\u2026) ou en tentant d&rsquo;intimider les Europ\u00e9ens ou affaiblir le niveau de leur soutien \u00e0 Kiev.\u00a0\u00bb<\/p>\n<p>La r\u00e9daction de TF1info<\/p>\n","protected":false},"excerpt":{"rendered":"Le pr\u00e9sident am\u00e9ricain a assur\u00e9 jeudi que Washington et P\u00e9kin allaient \u00ab\u00a0travailler ensemble\u00a0\u00bb sur la guerre en Ukraine,&hellip;\n","protected":false},"author":2,"featured_media":499221,"comment_status":"","ping_status":"","sticky":false,"template":"","format":"standard","meta":{"footnotes":""},"categories":[1591],"tags":[1111,11,1921,1887,28083,1922,2121,12,1885,1886,132,220,1917,59253,133,1920,135],"class_list":{"0":"post-499220","1":"post","2":"type-post","3":"status-publish","4":"format-standard","5":"has-post-thumbnail","7":"category-russie","8":"tag-actu","9":"tag-actualites","10":"tag-article-video","11":"tag-federation-de-russie","12":"tag-guerre-en-ukraine-une-treve-sera-t-elle-possible","13":"tag-info","14":"tag-jean-noel-barrot","15":"tag-news","16":"tag-russia","17":"tag-russian-federation","18":"tag-russie","19":"tag-ukraine","20":"tag-ukraine-4-annee-de-guerre","21":"tag-ukraine-russie-lespoir-de-negociations-au-point-mort","22":"tag-video","23":"tag-video-international","24":"tag-vladimir-poutine"},"share_on_mastodon":{"url":"https:\/\/pubeurope.com\/@fr\/115461449527585991","error":""},"_links":{"self":[{"href":"https:\/\/www.europesays.com\/fr\/wp-json\/wp\/v2\/posts\/499220","targetHints":{"allow":["GET"]}}],"collection":[{"href":"https:\/\/www.europesays.com\/fr\/wp-json\/wp\/v2\/posts"}],"about":[{"href":"https:\/\/www.europesays.com\/fr\/wp-json\/wp\/v2\/types\/post"}],"author":[{"embeddable":true,"href":"https:\/\/www.europesays.com\/fr\/wp-json\/wp\/v2\/users\/2"}],"replies":[{"embeddable":true,"href":"https:\/\/www.europesays.com\/fr\/wp-json\/wp\/v2\/comments?post=499220"}],"version-history":[{"count":0,"href":"https:\/\/www.europesays.com\/fr\/wp-json\/wp\/v2\/posts\/499220\/revisions"}],"wp:featuredmedia":[{"embeddable":true,"href":"https:\/\/www.europesays.com\/fr\/wp-json\/wp\/v2\/media\/499221"}],"wp:attachment":[{"href":"https:\/\/www.europesays.com\/fr\/wp-json\/wp\/v2\/media?parent=499220"}],"wp:term":[{"taxonomy":"category","embeddable":true,"href":"https:\/\/www.europesays.com\/fr\/wp-json\/wp\/v2\/categories?post=499220"},{"taxonomy":"post_tag","embeddable":true,"href":"https:\/\/www.europesays.com\/fr\/wp-json\/wp\/v2\/tags?post=499220"}],"curies":[{"name":"wp","href":"https:\/\/api.w.org\/{rel}","templated":true}]}}