{"id":499222,"date":"2025-10-30T05:24:20","date_gmt":"2025-10-30T05:24:20","guid":{"rendered":"https:\/\/www.europesays.com\/fr\/499222\/"},"modified":"2025-10-30T05:24:20","modified_gmt":"2025-10-30T05:24:20","slug":"droits-de-douane-guerre-en-ukraine-terres-rares-donald-trump-revele-le-contenu-de-ses-discussions-avec-xi-jinping","status":"publish","type":"post","link":"https:\/\/www.europesays.com\/fr\/499222\/","title":{"rendered":"Droits de douane, guerre en Ukraine, terres rares&#8230; Donald Trump r\u00e9v\u00e8le le contenu de ses discussions avec Xi Jinping"},"content":{"rendered":"<p>\n    \u00c0 bord de l\u2019avion Air Force One, le pr\u00e9sident am\u00e9ricain a fait le point avec la presse sur la rencontre bilat\u00e9rale de jeudi avec son homologue chinois.<\/p>\n<p class=\"fig-paragraph\">Est-ce la fin de la brutale guerre commerciale qui \u00e9branle toute l\u2019\u00e9conomie mondiale depuis de longs mois\u00a0? Donald Trump et le pr\u00e9sident chinois Xi Jinping\u00a0<a href=\"http:\/\/www.lefigaro.fr\/international\/un-grand-accord-pour-les-deux-parties-donald-trump-et-xi-jinping-en-quete-d-une-prolongation-de-leur-armistice-20251029\" data-fig-type=\"Article\" data-gtm-custom-categorie=\"navigation\" data-gtm-custom-action=\"crossclick\" data-gtm-custom-label=\"Contextuel\" data-gtm-event=\"customEventSPE\" data-fig-domain=\"LEFIGARO\" rel=\"nofollow noopener\" target=\"_blank\">se sont entretenus jeudi en Cor\u00e9e du Sud<\/a>\u00a0pour sceller une s\u00e9rie d\u2019accords. Apr\u00e8s cette r\u00e9union d\u20191h40 qu\u2019il a qualifi\u00e9e de \u00abgrand succ\u00e8s\u00bb, le pr\u00e9sident Donald Trump a livr\u00e9 les points cl\u00e9s des discussions aux journalistes pr\u00e9sents \u00e0 bord de l\u2019avion Air Force One qui le ram\u00e8ne \u00e0 Washington.<\/p>\n<p>Une r\u00e9duction des droits de douane pour la Chine li\u00e9s au fentanyl<\/p>\n<p class=\"fig-paragraph\">Donald Trump a annonc\u00e9 avoir convenu de r\u00e9duire \u00e0 10% les droits de douane contre la Chine li\u00e9s au trafic de fentanyl. Il a aussi affirm\u00e9 que le diff\u00e9rend entre la Chine et les \u00c9tats-Unis avait \u00e9t\u00e9 \u00abr\u00e9solu\u00bb.<\/p>\n<p>                                    <a class=\"fig-a11y-skip a11y-hidden\" href=\"#fig-a11y-skip-main-inarticle\"><br \/>\n        Passer la publicit\u00e9<br \/>\n    <\/a><\/p>\n<p>Un accord sur les terres rares<\/p>\n<p class=\"fig-paragraph\">Les \u00c9tats-Unis et la Chine ont conclu un accord d\u2019un an, reconductible, sur l\u2019approvisionnement en\u00a0<a href=\"http:\/\/www.lefigaro.fr\/flash-eco\/terres-rares-le-japon-et-les-etats-unis-signent-un-accord-pour-securiser-leurs-approvisionnements-20251028\" data-fig-type=\"NewsFlash\" data-gtm-custom-categorie=\"navigation\" data-gtm-custom-action=\"crossclick\" data-gtm-custom-label=\"Contextuel\" data-gtm-event=\"customEventSPE\" data-fig-domain=\"LEFIGARO\" rel=\"nofollow noopener\" target=\"_blank\">terres rares<\/a>\u00a0&#8211; mat\u00e9riau essentiel sur lequel la Chine exerce un quasi-monopole. \u00abL\u2019accord concernant les terres rares est d\u00e9sormais conclu, et c\u2019est valable pour le monde entier\u00bb, a affirm\u00e9 Donald Trump, pr\u00e9cisant que cet accord \u00e9tait conclu pour un an et serait ren\u00e9goci\u00e9 chaque ann\u00e9e.<\/p>\n<p>Xi Jinping, un dirigeant \u00abexceptionnel\u00bb<\/p>\n<p class=\"fig-paragraph\">Le pr\u00e9sident am\u00e9ricain a annonc\u00e9 qu\u2019il se rendrait en Chine en avril prochain pour de nouvelles discussions. \u00abJe serai en Chine en avril et (M. Xi) viendra ici peu apr\u00e8s, que ce soit en Floride, \u00e0 Palm Beach, ou \u00e0 Washington\u00bb, a d\u00e9clar\u00e9 Donald Trump. \u00abNous avons finalis\u00e9 de nombreux points\u00bb lors de l\u2019entretien \u00e0 Busan, a-t-il ajout\u00e9, qualifiant Xi Jinping de \u00abdirigeant exceptionnel d\u2019un pays tr\u00e8s puissant\u00bb.<\/p>\n<p>Aucune discussion sur Ta\u00efwan<\/p>\n<p class=\"fig-paragraph\">Donald Trump a assur\u00e9 que la question de\u00a0<a href=\"http:\/\/www.lefigaro.fr\/conjoncture\/comment-la-croissance-de-taiwan-a-5-5-est-propulsee-par-l-intelligence-artificielle-20251026\" data-fig-type=\"Article\" data-gtm-custom-categorie=\"navigation\" data-gtm-custom-action=\"crossclick\" data-gtm-custom-label=\"Contextuel\" data-gtm-event=\"customEventSPE\" data-fig-domain=\"LEFIGARO\" rel=\"nofollow noopener\" target=\"_blank\">Ta\u00efwan\u00a0<\/a>n\u2019avait pas \u00e9t\u00e9 abord\u00e9e lors de sa rencontre avec Xi Jinping. \u00abTa\u00efwan n\u2019a jamais \u00e9t\u00e9 \u00e9voqu\u00e9. Ce sujet n\u2019a pas \u00e9t\u00e9 abord\u00e9\u00bb, a affirm\u00e9 le pr\u00e9sident am\u00e9ricain. P\u00e9kin revendique la souverainet\u00e9 de l\u2019\u00eele, dont Washington reste le soutien le plus puissant.<\/p>\n<p>Washington et P\u00e9kin vont \u00abtravailler ensemble\u00bb sur la guerre en Ukraine<\/p>\n<p class=\"fig-paragraph\">Washington et P\u00e9kin vont \u00abtravailler ensemble\u00bb sur la guerre en Ukraine, selon Donald Trump. \u00abL\u2019Ukraine a \u00e9t\u00e9 abord\u00e9e de mani\u00e8re tr\u00e8s forte. Nous en avons parl\u00e9 pendant longtemps, et nous allons tous les deux travailler ensemble pour voir si nous pouvons obtenir quelque chose\u00bb, a-t-il d\u00e9clar\u00e9 aux journalistes. Et d\u2019ajouter\u00a0: Xi Jinping va \u00abnous aider, et nous allons travailler ensemble sur l\u2019Ukraine\u00bb.<\/p>\n<p>\u00abTrop occup\u00e9\u00bb pour rencontre Kim Jong-un<\/p>\n<p class=\"fig-paragraph\">Donald Trump dit avoir \u00e9t\u00e9 \u00abtrop occup\u00e9\u00bb pour rencontrer le dirigeant de la Cor\u00e9e du Nord, Kim Jong-un, lors sa tourn\u00e9e asiatique, mais assure qu\u2019il pourra \u00abrevenir\u00bb.<\/p>\n","protected":false},"excerpt":{"rendered":"\u00c0 bord de l\u2019avion Air Force One, le pr\u00e9sident am\u00e9ricain a fait le point avec la presse sur&hellip;\n","protected":false},"author":2,"featured_media":499223,"comment_status":"","ping_status":"","sticky":false,"template":"","format":"standard","meta":{"footnotes":""},"categories":[1590],"tags":[11,309,75,1777,674,12,220,7084],"class_list":{"0":"post-499222","1":"post","2":"type-post","3":"status-publish","4":"format-standard","5":"has-post-thumbnail","7":"category-ukraine","8":"tag-actualites","9":"tag-chine","10":"tag-donald-trump","11":"tag-eu","12":"tag-europe","13":"tag-news","14":"tag-ukraine","15":"tag-xi-jinping"},"share_on_mastodon":{"url":"https:\/\/pubeurope.com\/@fr\/115461453480597210","error":""},"_links":{"self":[{"href":"https:\/\/www.europesays.com\/fr\/wp-json\/wp\/v2\/posts\/499222","targetHints":{"allow":["GET"]}}],"collection":[{"href":"https:\/\/www.europesays.com\/fr\/wp-json\/wp\/v2\/posts"}],"about":[{"href":"https:\/\/www.europesays.com\/fr\/wp-json\/wp\/v2\/types\/post"}],"author":[{"embeddable":true,"href":"https:\/\/www.europesays.com\/fr\/wp-json\/wp\/v2\/users\/2"}],"replies":[{"embeddable":true,"href":"https:\/\/www.europesays.com\/fr\/wp-json\/wp\/v2\/comments?post=499222"}],"version-history":[{"count":0,"href":"https:\/\/www.europesays.com\/fr\/wp-json\/wp\/v2\/posts\/499222\/revisions"}],"wp:featuredmedia":[{"embeddable":true,"href":"https:\/\/www.europesays.com\/fr\/wp-json\/wp\/v2\/media\/499223"}],"wp:attachment":[{"href":"https:\/\/www.europesays.com\/fr\/wp-json\/wp\/v2\/media?parent=499222"}],"wp:term":[{"taxonomy":"category","embeddable":true,"href":"https:\/\/www.europesays.com\/fr\/wp-json\/wp\/v2\/categories?post=499222"},{"taxonomy":"post_tag","embeddable":true,"href":"https:\/\/www.europesays.com\/fr\/wp-json\/wp\/v2\/tags?post=499222"}],"curies":[{"name":"wp","href":"https:\/\/api.w.org\/{rel}","templated":true}]}}