{"id":499228,"date":"2025-10-30T05:27:11","date_gmt":"2025-10-30T05:27:11","guid":{"rendered":"https:\/\/www.europesays.com\/fr\/499228\/"},"modified":"2025-10-30T05:27:11","modified_gmt":"2025-10-30T05:27:11","slug":"demain-dans-vos-agendas-afrique-transformation-digitale-allemagne-innovation-technologique-benin-togo-japon","status":"publish","type":"post","link":"https:\/\/www.europesays.com\/fr\/499228\/","title":{"rendered":"Demain dans vos agendas : Afrique, transformation digitale, Allemagne, innovation technologique, B\u00e9nin &#8211; Togo, Japon"},"content":{"rendered":"<p><b>Afrique : <\/b>L\u2019\u00e9v\u00e9nement <strong>Ambition Africa<\/strong> organis\u00e9 par Business France, sous l\u2019\u00e9gide du Minist\u00e8re de l\u2019Economie, des Finances et de la souverainet\u00e9 Industrielle et Num\u00e9rique et le Minist\u00e8re de l\u2019Europe et des Affaires \u00c9trang\u00e8res aura lieu les <strong>18 et 19 novembre \u00e0 Paris<\/strong>. Durant ces deux jours, entreprises, investisseurs, d\u00e9cideurs publics et experts se retrouveront pour d\u00e9battre et \u00e9changer autour des grands enjeux \u00e9conomiques entre la France et l\u2019Afrique. Au programme : tables rondes th\u00e9matiques, rencontres B2B, et interventions de haut niveau sur l\u2019innovation, le financement, les infrastructures, l\u2019\u00e9nergie ou encore le num\u00e9rique. L\u2019ann\u00e9e derni\u00e8re, Ambition Africa 2024 a rassembl\u00e9 plus de 1 500 participants fran\u00e7ais et africains, venus de 43 pays d\u2019Afrique. <br \/>Pour plus d\u2019informations et vous inscrire, <a href=\"https:\/\/event.businessfrance.fr\/ambition-africa\/\" target=\"_blank\" rel=\"noopener nofollow\">cliquez ici !<\/a>\u00a0<\/p>\n<p><b>Transformation digitale : <\/b>Du <strong>24 au 28 novembre<\/strong> se tiendra l\u2019\u00e9dition virtuelle des <strong>DEICy 2025<\/strong> (\u00e9conomie digitale, Internet des objets, cybers\u00e9curit\u00e9). Organis\u00e9 par Enterprise Europe Network et DELab UW (laboratoire d\u2019\u00e9conomie digitale de l\u2019universit\u00e9 de Varsovie en Pologne), cet \u00e9v\u00e9nement rassemble des entreprises issues d\u2019un grand nombre de pays europ\u00e9ens autour de rendez-vous BtoB. L\u2019objectif est de cr\u00e9er un r\u00e9seau solide pour am\u00e9liorer la connaissance de la transformation num\u00e9rique dans des domaines tel que l\u2019\u00e9conomie num\u00e9rique, l\u2019IA, le machine learning, la cybers\u00e9curit\u00e9, la robotique, le cloud computing, les logiciels d\u2019entreprise et bien d\u2019autres encore. <br \/>Pour avoir plus d\u2019informations et vous inscrire, <a href=\"https:\/\/www.b2match.com\/e\/deicy2025\/components\/57875\/info\" target=\"_blank\" rel=\"noopener nofollow\">cliquez sur ce lien.\u00a0<\/a><\/p>\n<p><b>Allemagne :<\/b> La 11e \u00e9dition de la <strong>Journ\u00e9e Franco-Allemande de l\u2019\u00c9conomie<\/strong>, aura lieu le <strong>lundi 24 novembre \u00e0 Paris<\/strong>. Elle abordera la r\u00e9silience du couple franco-allemand face aux al\u00e9as politiques et \u00e9conomiques dans plusieurs tables rondes. Cette rencontre, sur le th\u00e8me \u00ab L\u2019Europe \u00e0 l\u2019heure du sursaut\u2026 \u00bb, r\u00e9unira dirigeants politiques et chefs d\u2019entreprises fran\u00e7ais et allemands, en pr\u00e9sence de Katherina Reiche, Ministre f\u00e9d\u00e9rale de l\u2019\u00c9conomie et de l\u2019\u00c9nergie de l\u2019Allemagne. Des sessions de r\u00e9seautage sont pr\u00e9vues durant l\u2019\u00e9v\u00e9nement. <br \/>Pour en savoir plus, <a href=\"https:\/\/www.journeedeleconomie.fr\/\" target=\"_blank\" rel=\"noopener nofollow\">cliquez ici !\u00a0<\/a><\/p>\n<p><b>Innovation technologique :<\/b><strong> Emerging Valley,<\/strong> sommet euro-africain de la Tech, se tiendra <strong>\u00e0 Marseille le 26 novembre<\/strong> sous le Haut Patronage du Pr\u00e9sident Emmanuel Macron. Cette 9\u00e8me \u00e9dition, r\u00e9unissant plus de 70 pays, vise \u00e0 renforcer la coop\u00e9ration Afrique-Europe dans l\u2019investissement technologique mondial, avec un focus sur l\u2019IA et les financements strat\u00e9giques. L\u2019\u00e9v\u00e9nement propose un parcours d\u2019investissement complet avec dialogues de haut niveau, pitchs de startups, ateliers B2B et rencontres en t\u00eate-\u00e0-t\u00eate dans un lounge d\u00e9di\u00e9.<br \/>Pour plus d\u2019informations, <a href=\"https:\/\/www.emergingvalley.co\/\" target=\"_blank\" rel=\"noopener nofollow\">cliquez ici !\u00a0<\/a><\/p>\n<p><b>B\u00e9nin \u2013 Togo :<\/b> Medef International invite les entreprises \u00e0 prendre part \u00e0 la <strong>mission d\u2019entreprises<\/strong> qui se tiendra du <strong>1er au 3 d\u00e9cembre au B\u00e9nin et du 3 et 4 d\u00e9cembre au Togo<\/strong>. Le B\u00e9nin est strat\u00e9giquement situ\u00e9 au c\u0153ur de la Communaut\u00e9 \u00e9conomique des \u00c9tats de l\u2019Afrique de l\u2019Ouest (CEDEAO), avec le port de Cotonou comme hub r\u00e9gional. Il conna\u00eet une croissance \u00e9conomique dynamique (5-6%) gr\u00e2ce \u00e0 des r\u00e9formes favorables aux investisseurs. Les secteurs porteurs incluent les infrastructures, l\u2019agriculture, le num\u00e9rique, les services financiers, le tourisme et la culture. De plus, la France entretient une relation privil\u00e9gi\u00e9e avec ce partenaire historique et francophone.<br \/>Pour vous inscrire, <a href=\"https:\/\/event.medefinternational.fr\/benin-togo-mission-dentreprises-4340\" target=\"_blank\" rel=\"noopener nofollow\">cliquez sur le lien.\u00a0<\/a><\/p>\n<p><b>Japon : <\/b>Le <strong>Business Summit 2025<\/strong>, organis\u00e9 par la CCI France Japon en partenariat avec Nikkei, aura lieu le <strong>6 novembre \u00e0 Tokyo<\/strong>. Cette 8e \u00e9dition aura pour th\u00e8me \u00ab Le r\u00eave japonais : cultiver l\u2019optimisme en p\u00e9riode d\u2019incertitude \u00bb. L\u2019\u00e9v\u00e9nement r\u00e9unira des intervenants internationaux pour des conf\u00e9rences et du r\u00e9seautage, en explorant l\u2019innovation et la coop\u00e9ration franco-japonaise.<br \/>Pour vous inscrire, <a href=\"https:\/\/fjbusinesssummit.com\/#about\" target=\"_blank\" rel=\"noopener nofollow\">cliquez ici !<\/a><\/p>\n","protected":false},"excerpt":{"rendered":"Afrique : L\u2019\u00e9v\u00e9nement Ambition Africa organis\u00e9 par Business France, sous l\u2019\u00e9gide du Minist\u00e8re de l\u2019Economie, des Finances et&hellip;\n","protected":false},"author":2,"featured_media":499229,"comment_status":"","ping_status":"","sticky":false,"template":"","format":"standard","meta":{"footnotes":""},"categories":[1587],"tags":[11,879,4763,672,2921,1804,1805,1803,1777,674,1801,27861,2070,12,1802,17716,31301],"class_list":{"0":"post-499228","1":"post","2":"type-post","3":"status-publish","4":"format-standard","5":"has-post-thumbnail","7":"category-allemagne","8":"tag-actualites","9":"tag-afrique","10":"tag-agenda","11":"tag-allemagne","12":"tag-benin","13":"tag-bundesrepublik-deutschland","14":"tag-de","15":"tag-deutschland","16":"tag-eu","17":"tag-europe","18":"tag-germany","19":"tag-innovation-technologique","20":"tag-japon","21":"tag-news","22":"tag-republique-federale-dallemagne","23":"tag-togo","24":"tag-transformation-digitale"},"share_on_mastodon":{"url":"https:\/\/pubeurope.com\/@fr\/115461465408017379","error":""},"_links":{"self":[{"href":"https:\/\/www.europesays.com\/fr\/wp-json\/wp\/v2\/posts\/499228","targetHints":{"allow":["GET"]}}],"collection":[{"href":"https:\/\/www.europesays.com\/fr\/wp-json\/wp\/v2\/posts"}],"about":[{"href":"https:\/\/www.europesays.com\/fr\/wp-json\/wp\/v2\/types\/post"}],"author":[{"embeddable":true,"href":"https:\/\/www.europesays.com\/fr\/wp-json\/wp\/v2\/users\/2"}],"replies":[{"embeddable":true,"href":"https:\/\/www.europesays.com\/fr\/wp-json\/wp\/v2\/comments?post=499228"}],"version-history":[{"count":0,"href":"https:\/\/www.europesays.com\/fr\/wp-json\/wp\/v2\/posts\/499228\/revisions"}],"wp:featuredmedia":[{"embeddable":true,"href":"https:\/\/www.europesays.com\/fr\/wp-json\/wp\/v2\/media\/499229"}],"wp:attachment":[{"href":"https:\/\/www.europesays.com\/fr\/wp-json\/wp\/v2\/media?parent=499228"}],"wp:term":[{"taxonomy":"category","embeddable":true,"href":"https:\/\/www.europesays.com\/fr\/wp-json\/wp\/v2\/categories?post=499228"},{"taxonomy":"post_tag","embeddable":true,"href":"https:\/\/www.europesays.com\/fr\/wp-json\/wp\/v2\/tags?post=499228"}],"curies":[{"name":"wp","href":"https:\/\/api.w.org\/{rel}","templated":true}]}}