{"id":499244,"date":"2025-10-30T05:40:12","date_gmt":"2025-10-30T05:40:12","guid":{"rendered":"https:\/\/www.europesays.com\/fr\/499244\/"},"modified":"2025-10-30T05:40:12","modified_gmt":"2025-10-30T05:40:12","slug":"une-journee-pour-faire-briller-les-cyclistes-a-chateauroux","status":"publish","type":"post","link":"https:\/\/www.europesays.com\/fr\/499244\/","title":{"rendered":"Une journ\u00e9e pour faire briller les cyclistes \u00e0 Ch\u00e2teauroux"},"content":{"rendered":"<p>C\u2019est devenu une tradition, et pourtant, la le\u00e7on ne semble toujours pas retenue par certains amateurs de bicyclettes. Dans <a title=\"Lire l&#039;article de la NR\" target=\"_self\" href=\"https:\/\/www.lanouvellerepublique.fr\/chateauroux\/a-chateauroux-l-atelier-de-chateau-roule-en-connait-un-rayon\" rel=\"noopener\">le local de Ch\u00e2teau\u2019roule<\/a>, association de d\u00e9fense du v\u00e9lo en ville, Thierry Chareyre et\u00a0\u00c9ric Domange-Abeau font le point sur l\u2019\u00e9quipement, les accessoires et \u00e9clairages dont dispose l\u2019association en vue de l\u2019animation \u00ab\u00a0Cyclistes brillez\u00a0!\u00a0\u00bb, pr\u00e9vue le 1er\u00a0novembre 2025, premier samedi apr\u00e8s le changement d\u2019heure. Catadioptres, bracelets r\u00e9tror\u00e9fl\u00e9chissants, \u00e9clairages, gilets, gants\u2026 Le but est de proposer un \u00e9quipement vari\u00e9 pour tous les cyclistes en mal de lumi\u00e8re. \u00ab\u00a0C\u2019est un \u00e9v\u00e9nement lanc\u00e9 par la Fub [F\u00e9d\u00e9ration fran\u00e7aise des usagers de la bicyclette] tous les ans, d\u00e9veloppe\u00a0Thierry Chareyre. Avec notre sponsor la Maif, on organise, comme chaque ann\u00e9e sur une journ\u00e9e, une animation pour permettre aux personnes de s\u2019\u00e9quiper et se sensibiliser \u00e0 l\u2019importance d\u2019\u00eatre visible la nuit quand on est cycliste&#8230;. <\/p>\n<p>    Cet article a \u00e9t\u00e9 tronqu\u00e9. Abonnez-vous pour lire l&rsquo;article complet sur notre site.<\/p>\n<p>\u00a0\u00bb<\/p>\n<p style=\"margin: 0 !important; padding: 0 !important; font-size: 12px !important;\">Cet article a \u00e9t\u00e9 tronqu\u00e9. Abonnez-vous pour lire l&rsquo;article complet.<\/p>\n<p>    <a href=\"https:\/\/www.lanouvellerepublique.fr\/abonnements\" style=\"display: inline-block; margin-top: 5px !important; padding: 6px 12px !important; background: #cb1c27; color: white; text-decoration: none; border-radius: 4px; font-size: 12px !important;\" target=\"_blank\" rel=\"noopener\"><br \/>\n      S&rsquo;abonner<br \/>\n    <\/a><\/p>\n","protected":false},"excerpt":{"rendered":"C\u2019est devenu une tradition, et pourtant, la le\u00e7on ne semble toujours pas retenue par certains amateurs de bicyclettes.&hellip;\n","protected":false},"author":2,"featured_media":499245,"comment_status":"","ping_status":"","sticky":false,"template":"","format":"standard","meta":{"footnotes":""},"categories":[1411],"tags":[1392,4351,1154,207,1011,27,5052,5009,60,800,208],"class_list":{"0":"post-499244","1":"post","2":"type-post","3":"status-publish","4":"format-standard","5":"has-post-thumbnail","7":"category-cyclisme","8":"tag-a-la-une-local","9":"tag-chateauroux","10":"tag-cycling","11":"tag-cyclisme","12":"tag-fr","13":"tag-france","14":"tag-indre","15":"tag-securite-routiere","16":"tag-sports","17":"tag-transports","18":"tag-velo"},"share_on_mastodon":{"url":"https:\/\/pubeurope.com\/@fr\/115461516364662422","error":""},"_links":{"self":[{"href":"https:\/\/www.europesays.com\/fr\/wp-json\/wp\/v2\/posts\/499244","targetHints":{"allow":["GET"]}}],"collection":[{"href":"https:\/\/www.europesays.com\/fr\/wp-json\/wp\/v2\/posts"}],"about":[{"href":"https:\/\/www.europesays.com\/fr\/wp-json\/wp\/v2\/types\/post"}],"author":[{"embeddable":true,"href":"https:\/\/www.europesays.com\/fr\/wp-json\/wp\/v2\/users\/2"}],"replies":[{"embeddable":true,"href":"https:\/\/www.europesays.com\/fr\/wp-json\/wp\/v2\/comments?post=499244"}],"version-history":[{"count":0,"href":"https:\/\/www.europesays.com\/fr\/wp-json\/wp\/v2\/posts\/499244\/revisions"}],"wp:featuredmedia":[{"embeddable":true,"href":"https:\/\/www.europesays.com\/fr\/wp-json\/wp\/v2\/media\/499245"}],"wp:attachment":[{"href":"https:\/\/www.europesays.com\/fr\/wp-json\/wp\/v2\/media?parent=499244"}],"wp:term":[{"taxonomy":"category","embeddable":true,"href":"https:\/\/www.europesays.com\/fr\/wp-json\/wp\/v2\/categories?post=499244"},{"taxonomy":"post_tag","embeddable":true,"href":"https:\/\/www.europesays.com\/fr\/wp-json\/wp\/v2\/tags?post=499244"}],"curies":[{"name":"wp","href":"https:\/\/api.w.org\/{rel}","templated":true}]}}