{"id":499246,"date":"2025-10-30T05:41:14","date_gmt":"2025-10-30T05:41:14","guid":{"rendered":"https:\/\/www.europesays.com\/fr\/499246\/"},"modified":"2025-10-30T05:41:14","modified_gmt":"2025-10-30T05:41:14","slug":"psg-accroche-a-lorient-paris-perd-doue","status":"publish","type":"post","link":"https:\/\/www.europesays.com\/fr\/499246\/","title":{"rendered":"PSG\u00a0: accroch\u00e9 \u00e0 Lorient, Paris perd Dou\u00e9"},"content":{"rendered":"<p><strong>Le PSG se d\u00e9pla\u00e7ait ce mercredi \u00e0 Lorient. O\u00f9 l\u2019\u00e9quipe de Luis Enrique n\u2019a pu faire mieux que match nul (1-1) dans un match marqu\u00e9 par la blessure de D\u00e9sir\u00e9 Dou\u00e9.<\/strong><\/p>\n<p>C\u2019est sans Hakimi, Ruiz et Lee, mais avec Joao Neves de retour dans le groupe mais rempla\u00e7ant, que le PSG s\u2019est d\u00e9plac\u00e9 ce mercredi \u00e0 Lorient. Un PSG encore fortement remani\u00e9, avec notamment les titularisations de Ndjantou, Mbaye ou encore Beraldo. Avec un milieu estampill\u00e9 Titis (Ndjantou, Mayulu, Za\u00efre-Emery), et Marquinhos lat\u00e9ral droit, Luis Enrique avait concoct\u00e9 un onze in\u00e9dit dans lequel Demb\u00e9l\u00e9 retrouvait une place de titulaire.<\/p>\n<p>Zabarnyi encore en difficult\u00e9, Dou\u00e9 a rechut\u00e9<\/p>\n<p>Malgr\u00e9 une nette possession, les champions de France ont pein\u00e9 \u00e0 se montrer dangereux en premi\u00e8re mi-temps, g\u00ean\u00e9s par le bloc bas des Merlus. Un PSG en panne d\u2019inspiration, qui s\u2019est surtout signal\u00e9 par deux interventions rugueuses de Zabarnyi qui ont provoqu\u00e9 la col\u00e8re du banc lorientais, de Cahuzac en particulier. Au retour des vestiaires, Nuno Mendes a ouvert le score sur un centre de D\u00e9sir\u00e9 Dou\u00e9 mais Lorient a \u00e9galis\u00e9 dans la foul\u00e9e par Igor Silva, apr\u00e8s un centre de Kouassi qui s\u2019\u00e9tait jou\u00e9 de Zabarnyi. Et le fait marquant de la rencontre s\u2019est produit \u00e0 l\u2019heure de jeu lorsque Dou\u00e9 s\u2019est \u00e9croul\u00e9, en se tenant derri\u00e8re la cuisse avant de sortir sur une civi\u00e8re. Une blessure musculaire, sans doute un claquage, qui devrait le tenir \u00e9loign\u00e9 des terrains jusqu\u2019\u00e0 la fin de l\u2019ann\u00e9e civile. Averti pour un tacle rugueux sur Pagis, Zabarnyi, lui, n\u2019aura pas rassur\u00e9. Et Paris, peu fringuant, et sauv\u00e9 par Marquinhos sur une tentative de Tosin puis d\u2019Avom, a d\u00fb se contenter d\u2019un nul plut\u00f4t \u00e9quitable, Mvogo s\u2019interposant avec brio devant Barcola sur la plus grosse occasion parisienne de la deuxi\u00e8me mi-temps.<\/p>\n","protected":false},"excerpt":{"rendered":"Le PSG se d\u00e9pla\u00e7ait ce mercredi \u00e0 Lorient. O\u00f9 l\u2019\u00e9quipe de Luis Enrique n\u2019a pu faire mieux que&hellip;\n","protected":false},"author":2,"featured_media":499247,"comment_status":"","ping_status":"","sticky":false,"template":"","format":"standard","meta":{"footnotes":""},"categories":[1410],"tags":[11,448,63,1011,27,66,3388,12,60,10662],"class_list":{"0":"post-499246","1":"post","2":"type-post","3":"status-publish","4":"format-standard","5":"has-post-thumbnail","7":"category-football","8":"tag-actualites","9":"tag-champions-league","10":"tag-football","11":"tag-fr","12":"tag-france","13":"tag-ligue-1","14":"tag-matchs","15":"tag-news","16":"tag-sports","17":"tag-transferts"},"share_on_mastodon":{"url":"https:\/\/pubeurope.com\/@fr\/115461520294607659","error":""},"_links":{"self":[{"href":"https:\/\/www.europesays.com\/fr\/wp-json\/wp\/v2\/posts\/499246","targetHints":{"allow":["GET"]}}],"collection":[{"href":"https:\/\/www.europesays.com\/fr\/wp-json\/wp\/v2\/posts"}],"about":[{"href":"https:\/\/www.europesays.com\/fr\/wp-json\/wp\/v2\/types\/post"}],"author":[{"embeddable":true,"href":"https:\/\/www.europesays.com\/fr\/wp-json\/wp\/v2\/users\/2"}],"replies":[{"embeddable":true,"href":"https:\/\/www.europesays.com\/fr\/wp-json\/wp\/v2\/comments?post=499246"}],"version-history":[{"count":0,"href":"https:\/\/www.europesays.com\/fr\/wp-json\/wp\/v2\/posts\/499246\/revisions"}],"wp:featuredmedia":[{"embeddable":true,"href":"https:\/\/www.europesays.com\/fr\/wp-json\/wp\/v2\/media\/499247"}],"wp:attachment":[{"href":"https:\/\/www.europesays.com\/fr\/wp-json\/wp\/v2\/media?parent=499246"}],"wp:term":[{"taxonomy":"category","embeddable":true,"href":"https:\/\/www.europesays.com\/fr\/wp-json\/wp\/v2\/categories?post=499246"},{"taxonomy":"post_tag","embeddable":true,"href":"https:\/\/www.europesays.com\/fr\/wp-json\/wp\/v2\/tags?post=499246"}],"curies":[{"name":"wp","href":"https:\/\/api.w.org\/{rel}","templated":true}]}}