{"id":499248,"date":"2025-10-30T05:42:13","date_gmt":"2025-10-30T05:42:13","guid":{"rendered":"https:\/\/www.europesays.com\/fr\/499248\/"},"modified":"2025-10-30T05:42:13","modified_gmt":"2025-10-30T05:42:13","slug":"la-quete-du-futur-president-confiee-a-brigitte-lemercier","status":"publish","type":"post","link":"https:\/\/www.europesays.com\/fr\/499248\/","title":{"rendered":"la qu\u00eate du futur pr\u00e9sident confi\u00e9e \u00e0 Brigitte Lemercier"},"content":{"rendered":"<p>Son nom n\u2019\u00e9tait encore sorti nulle part, mais le voir rejaillir sur cette chasse est presque une \u00e9vidence. Selon nos informations, Brigitte Lemercier, la discr\u00e8te papesse des chasseurs de t\u00eates du CAC40, notamment \u00e0 l\u2019origine des placements de Luca de Meo et de Catherine MacGregor, a \u00e9t\u00e9 mandat\u00e9e par Orange dans le cadre de la recherche d\u2019un nouveau pr\u00e9sident. Depuis 2022, le poste est occup\u00e9 par Jacques Aschenbroich, l\u2019ancien homme fort de Valeo. \u00c0 71\u00a0ans, il est d\u00e9sormais atteint par la limite d\u2019\u00e2ge. Sauf \u00e0 modifier les statuts, une d\u00e9cision non tranch\u00e9e \u00e0 ce jour, il ne pourra donc pas rester \u00e0 son poste \u00e0 l\u2019issue de son mandat en mai\u00a02026.<\/p>\n","protected":false},"excerpt":{"rendered":"Son nom n\u2019\u00e9tait encore sorti nulle part, mais le voir rejaillir sur cette chasse est presque une \u00e9vidence.&hellip;\n","protected":false},"author":2,"featured_media":499249,"comment_status":"","ping_status":"","sticky":false,"template":"","format":"standard","meta":{"footnotes":""},"categories":[1359],"tags":[6486,4757,58,59,1011,27,5553,62162,738,973],"class_list":{"0":"post-499248","1":"post","2":"type-post","3":"status-publish","4":"format-standard","5":"has-post-thumbnail","7":"category-people","8":"tag-bpifrance","9":"tag-business-france","10":"tag-divertissement","11":"tag-entertainment","12":"tag-fr","13":"tag-france","14":"tag-le-parisien","15":"tag-les-echos","16":"tag-orange","17":"tag-people"},"share_on_mastodon":{"url":"https:\/\/pubeurope.com\/@fr\/115461524316111007","error":""},"_links":{"self":[{"href":"https:\/\/www.europesays.com\/fr\/wp-json\/wp\/v2\/posts\/499248","targetHints":{"allow":["GET"]}}],"collection":[{"href":"https:\/\/www.europesays.com\/fr\/wp-json\/wp\/v2\/posts"}],"about":[{"href":"https:\/\/www.europesays.com\/fr\/wp-json\/wp\/v2\/types\/post"}],"author":[{"embeddable":true,"href":"https:\/\/www.europesays.com\/fr\/wp-json\/wp\/v2\/users\/2"}],"replies":[{"embeddable":true,"href":"https:\/\/www.europesays.com\/fr\/wp-json\/wp\/v2\/comments?post=499248"}],"version-history":[{"count":0,"href":"https:\/\/www.europesays.com\/fr\/wp-json\/wp\/v2\/posts\/499248\/revisions"}],"wp:featuredmedia":[{"embeddable":true,"href":"https:\/\/www.europesays.com\/fr\/wp-json\/wp\/v2\/media\/499249"}],"wp:attachment":[{"href":"https:\/\/www.europesays.com\/fr\/wp-json\/wp\/v2\/media?parent=499248"}],"wp:term":[{"taxonomy":"category","embeddable":true,"href":"https:\/\/www.europesays.com\/fr\/wp-json\/wp\/v2\/categories?post=499248"},{"taxonomy":"post_tag","embeddable":true,"href":"https:\/\/www.europesays.com\/fr\/wp-json\/wp\/v2\/tags?post=499248"}],"curies":[{"name":"wp","href":"https:\/\/api.w.org\/{rel}","templated":true}]}}