{"id":499264,"date":"2025-10-30T05:51:26","date_gmt":"2025-10-30T05:51:26","guid":{"rendered":"https:\/\/www.europesays.com\/fr\/499264\/"},"modified":"2025-10-30T05:51:26","modified_gmt":"2025-10-30T05:51:26","slug":"amazon-et-cdiscount-font-une-remise-suffisamment-importante-sur-le-dernier-ipad-pour-quon-vous-en-parle","status":"publish","type":"post","link":"https:\/\/www.europesays.com\/fr\/499264\/","title":{"rendered":"Amazon et Cdiscount font une remise suffisamment importante sur le dernier iPad pour qu&rsquo;on vous en parle"},"content":{"rendered":"<p>Gr\u00e2ce \u00e0 sa puce A16 et son superbe \u00e9cran Liquid Retina de 11 pouces, l\u2019iPad 11 est un bon compromis entre qualit\u00e9 et accessibilit\u00e9. Vous pourrez le retrouver en promotion \u00e0 335,14 euros au lieu de 409 euros chez Amazon et Cdiscount. <\/p>\n<p><a href=\"https:\/\/images.frandroid.com\/wp-content\/uploads\/2025\/10\/ipad-a16-2025.jpg\" target=\"_blank\" class=\"article-content__figure\" rel=\"noopener\"><img fetchpriority=\"high\" decoding=\"async\" loading=\"eager\" width=\"1200\" height=\"777\" src=\"https:\/\/www.europesays.com\/fr\/wp-content\/uploads\/2025\/10\/ipad-a16-2025.jpg\" alt=\"\" class=\"wp-image-2848031 wp-image wp-image\"  \/><\/a>Source : Apple.<\/p>\n<p>Au fil des ann\u00e9es, Apple a su faire de l\u2019iPad un outil ultra-polyvalent capable de m\u00ealer la prise de notes, le montage vid\u00e9o, mais aussi l\u2019\u00e9dition de photos. Cette 11\u1d49 g\u00e9n\u00e9ration ne d\u00e9roge pas \u00e0 la r\u00e8gle puisque la marque \u00e0 la pomme offre un gain de puissance \u00e0 sa tablette gr\u00e2ce \u00e0 l\u2019int\u00e9gration d\u2019une puce A16 qui vient remplacer la A14 pr\u00e9sente pr\u00e9c\u00e9demment. \u00c9galement dot\u00e9 d\u2019un superbe \u00e9cran Liquid Retina 11 pouces, il saura aussi convaincre ceux qui souhaitent s\u2019en servir pour surfer sur Netflix ou YouTube. Et bonne nouvelle, en ce moment il est en promotion chez <a href=\"https:\/\/shop.frandroid.com\/4f9j5ddm\" target=\"_blank\" rel=\"noreferrer noopener affiliate nofollow\" data-gtm=\"{&quot;event&quot;:&quot;afficlic&quot;,&quot;nom_marchand&quot;:&quot;amazon_fr&quot;,&quot;nom_produit&quot;:&quot;inconnu&quot;,&quot;categorie_produit&quot;:&quot;inconnu&quot;,&quot;module_produit&quot;:&quot;editolink&quot;,&quot;position_marchand&quot;:0,&quot;texte&quot;:&quot;amazon&quot;,&quot;offer_url&quot;:&quot;https:\/\/shop.frandroid.com\/4f9j5ddm&quot;,&quot;zone&quot;:&quot;contenu-page&quot;}\">Amazon<\/a> et <a href=\"https:\/\/shop.frandroid.com\/cg9n4jnl\" target=\"_blank\" rel=\"noreferrer noopener affiliate nofollow\" data-gtm=\"{&quot;event&quot;:&quot;afficlic&quot;,&quot;nom_marchand&quot;:&quot;cdiscount&quot;,&quot;nom_produit&quot;:&quot;inconnu&quot;,&quot;categorie_produit&quot;:&quot;inconnu&quot;,&quot;module_produit&quot;:&quot;editolink&quot;,&quot;position_marchand&quot;:0,&quot;texte&quot;:&quot;c-discount&quot;,&quot;offer_url&quot;:&quot;https:\/\/shop.frandroid.com\/cg9n4jnl&quot;,&quot;zone&quot;:&quot;contenu-page&quot;}\">Cdiscount<\/a>.<\/p>\n<p>Les points essentiels de l\u2019iPad A16<\/p>\n<ul class=\"wp-block-list\">\n<li>Une puce A16 Bionic : De quoi pouvoir laisser pleinement s\u2019exprimer votre c\u00f4t\u00e9 cr\u00e9atif sans aucune contrainte.<\/li>\n<li>Une stabilisation automatique des photos pour prendre des clich\u00e9s de superbe qualit\u00e9.  <\/li>\n<li>Une autonomie d\u2019une journ\u00e9e : Parfait pour pouvoir s\u2019occuper durant les longs d\u00e9placements.<\/li>\n<\/ul>\n<p>\u00c0 l\u2019approche des f\u00eates de fin d\u2019ann\u00e9e, <a href=\"https:\/\/shop.frandroid.com\/4f9j5ddm\" target=\"_blank\" rel=\"noreferrer noopener affiliate nofollow\" data-gtm=\"{&quot;event&quot;:&quot;afficlic&quot;,&quot;nom_marchand&quot;:&quot;amazon_fr&quot;,&quot;nom_produit&quot;:&quot;inconnu&quot;,&quot;categorie_produit&quot;:&quot;inconnu&quot;,&quot;module_produit&quot;:&quot;editolink&quot;,&quot;position_marchand&quot;:0,&quot;texte&quot;:&quot;amazon&quot;,&quot;offer_url&quot;:&quot;https:\/\/shop.frandroid.com\/4f9j5ddm&quot;,&quot;zone&quot;:&quot;contenu-page&quot;}\">Amazon<\/a> et <a href=\"https:\/\/shop.frandroid.com\/cg9n4jnl\" target=\"_blank\" rel=\"noreferrer noopener affiliate nofollow\" data-gtm=\"{&quot;event&quot;:&quot;afficlic&quot;,&quot;nom_marchand&quot;:&quot;cdiscount&quot;,&quot;nom_produit&quot;:&quot;inconnu&quot;,&quot;categorie_produit&quot;:&quot;inconnu&quot;,&quot;module_produit&quot;:&quot;editolink&quot;,&quot;position_marchand&quot;:0,&quot;texte&quot;:&quot;cdiscount&quot;,&quot;offer_url&quot;:&quot;https:\/\/shop.frandroid.com\/cg9n4jnl&quot;,&quot;zone&quot;:&quot;contenu-page&quot;}\">Cdiscount<\/a> d\u00e9cident de baisser le prix de cet iPad passant de 409 euros \u00e0 335,14 euros. Chez le premier, il suffit de cliquer sur le coupon de 25 euros et le deuxi\u00e8me de saisir le code promo <strong>25DES249 <\/strong>avant de proc\u00e9der au paiement.<\/p>\n<p>Si, par la suite, l\u2019offre mentionn\u00e9e dans cet article n\u2019est plus disponible, merci de jeter un coup d\u2019\u0153il ci-dessous afin de d\u00e9nicher d\u2019autres offres concernant l\u2019iPad A16 2025. Le tableau s\u2019actualise automatiquement. <\/p>\n<p>La puissance oui, mais sans se ruiner<\/p>\n<p>Avec l\u2019int\u00e9gration de la puce A16 Bionic, Apple fait de cet iPad 2025 un exemple en mati\u00e8re de tablette \u00e0 un prix abordable. Ce produit permet sans aucun probl\u00e8me de r\u00e9aliser des montages vid\u00e9o simples ou de l\u2019\u00e9dition de photos sans que la machine ne connaisse un quelconque ralentissement. Autre point fort de cet iPad 2025, la gestion du multit\u00e2che qui est tr\u00e8s fluide et permet d\u2019avoir facilement plusieurs fen\u00eatres ouvertes au m\u00eame moment.<\/p>\n<p>Pour ceux qui souhaiteraient b\u00e9n\u00e9ficier de la mobilit\u00e9 d\u2019une tablette pour jouer \u00e0 des jeux vid\u00e9o, n\u2019ayez crainte ! Cet iPad 2025 peut faire tourner les jeux les plus gourmands en \u00e9nergie. Toutefois, cet appareil va trouver ses limites dans le montage de vid\u00e9os plus complexes qui n\u00e9cessitent beaucoup d\u2019\u00e9l\u00e9ments, mais pour son prix, cet iPad 2025 r\u00e9pond \u00e0 \u00e9norm\u00e9ment de besoins.  <\/p>\n<p>Une superbe qualit\u00e9 d\u2019image<\/p>\n<p>Autre point qui vient compl\u00e9ter le pr\u00e9c\u00e9dent, l\u2019\u00e9cran Liquid Retina 11 pouces qui vient apporter plusieurs choses. Tout d\u2019abord, il est tr\u00e8s r\u00e9actif, ce qui permet de naviguer \u00e0 travers plusieurs onglets sans ralentissement, mais aussi de visionner des s\u00e9ries ou des films avec un parfait confort visuel.<\/p>\n<p>Deuxi\u00e8me point, cet \u00e9cran s\u2019adapte tr\u00e8s bien \u00e0 la lumi\u00e8re ext\u00e9rieure, ce qui permet \u00e0 cet iPad d\u2019\u00eatre un v\u00e9ritable outil \u00e0 emmener avec soi partout sans craindre qu\u2019il soit inutilisable les jours o\u00f9 le soleil bat son plein.<\/p>\n<p>Justement, en parlant de sortie en ext\u00e9rieur, deux choses \u00e0 retenir : cet iPad 2025 s\u2019accompagne de deux cam\u00e9ras, une \u00e0 l\u2019avant et une \u00e0 l\u2019arri\u00e8re, toutes les deux de 12 Mpx, mais surtout avec une stabilisation automatique pour r\u00e9aliser de superbes clich\u00e9s. Ensuite, son autonomie d\u2019une journ\u00e9e vous assure de pouvoir quitter votre domicile sans tomber \u00e0 court de batterie au milieu de votre sortie.<\/p>\n<p>Si vous souhaitez acheter une tablette tactile qui n\u2019est pas trop ch\u00e8re, mais que vous n\u2019\u00eates pas certain(e) d\u2019arr\u00eater votre choix sur cet iPad 11, n\u2019h\u00e9sitez pas \u00e0 consulter <a href=\"https:\/\/www.frandroid.com\/guide-dachat\/guide-tablettes\/1311703_quelles-sont-les-meilleures-tablettes-pas-cheres\" target=\"_blank\" rel=\"noreferrer noopener\">notre guide des meilleures tablettes tactiles pas ch\u00e8res du moment<\/a>.<\/p>\n<p>Envie de retrouver les meilleurs articles de Frandroid sur Google News ? Vous pouvez suivre <strong><a href=\"https:\/\/news.google.com\/publications\/CAAqBggKMICKMDCuyQU?oc=3\" target=\"_blank\" rel=\"noopener null noreferrer\">Frandroid sur Google News<\/a> en un clic.<\/strong><\/p>\n","protected":false},"excerpt":{"rendered":"Gr\u00e2ce \u00e0 sa puce A16 et son superbe \u00e9cran Liquid Retina de 11 pouces, l\u2019iPad 11 est un&hellip;\n","protected":false},"author":2,"featured_media":499265,"comment_status":"","ping_status":"","sticky":false,"template":"","format":"standard","meta":{"footnotes":""},"categories":[7],"tags":[57311,201,1045,1011,27,43,40,41,39,42,44],"class_list":{"0":"post-499264","1":"post","2":"type-post","3":"status-publish","4":"format-standard","5":"has-post-thumbnail","7":"category-sciences-et-technologies","8":"tag-apple-ipad-11-2025","9":"tag-bons-plans-amazon","10":"tag-bons-plans-cdiscount","11":"tag-fr","12":"tag-france","13":"tag-science","14":"tag-science-and-technology","15":"tag-sciences","16":"tag-sciences-et-technologies","17":"tag-technologies","18":"tag-technology"},"share_on_mastodon":{"url":"https:\/\/pubeurope.com\/@fr\/115461559949725847","error":""},"_links":{"self":[{"href":"https:\/\/www.europesays.com\/fr\/wp-json\/wp\/v2\/posts\/499264","targetHints":{"allow":["GET"]}}],"collection":[{"href":"https:\/\/www.europesays.com\/fr\/wp-json\/wp\/v2\/posts"}],"about":[{"href":"https:\/\/www.europesays.com\/fr\/wp-json\/wp\/v2\/types\/post"}],"author":[{"embeddable":true,"href":"https:\/\/www.europesays.com\/fr\/wp-json\/wp\/v2\/users\/2"}],"replies":[{"embeddable":true,"href":"https:\/\/www.europesays.com\/fr\/wp-json\/wp\/v2\/comments?post=499264"}],"version-history":[{"count":0,"href":"https:\/\/www.europesays.com\/fr\/wp-json\/wp\/v2\/posts\/499264\/revisions"}],"wp:featuredmedia":[{"embeddable":true,"href":"https:\/\/www.europesays.com\/fr\/wp-json\/wp\/v2\/media\/499265"}],"wp:attachment":[{"href":"https:\/\/www.europesays.com\/fr\/wp-json\/wp\/v2\/media?parent=499264"}],"wp:term":[{"taxonomy":"category","embeddable":true,"href":"https:\/\/www.europesays.com\/fr\/wp-json\/wp\/v2\/categories?post=499264"},{"taxonomy":"post_tag","embeddable":true,"href":"https:\/\/www.europesays.com\/fr\/wp-json\/wp\/v2\/tags?post=499264"}],"curies":[{"name":"wp","href":"https:\/\/api.w.org\/{rel}","templated":true}]}}