{"id":49927,"date":"2025-04-24T19:32:08","date_gmt":"2025-04-24T19:32:08","guid":{"rendered":"https:\/\/www.europesays.com\/fr\/49927\/"},"modified":"2025-04-24T19:32:08","modified_gmt":"2025-04-24T19:32:08","slug":"lunion-europeenne-est-encore-loin-dun-accord-avec-les-etats-unis-alerte-eric-lombard","status":"publish","type":"post","link":"https:\/\/www.europesays.com\/fr\/49927\/","title":{"rendered":"L\u2019Union europ\u00e9enne est encore \u00ab loin d\u2019un accord \u00bb avec les Etats-Unis, alerte Eric Lombard"},"content":{"rendered":"<p><strong>Dures n\u00e9gociations &#8211; En d\u00e9placement aux Etats-Unis, le ministre de l\u2019\u00c9conomie fran\u00e7ais, Eric Lombard, a d\u00e9clar\u00e9 que les \u00c9tats-Unis et l\u2019Union europ\u00e9enne \u00e9taient \u00ab\u00a0encore loin d\u2019un accord\u00a0\u00bb sur les droits de douane<\/strong><\/p>\n<p>Pas sorti de l\u2019auberge. Le <a href=\"https:\/\/www.20minutes.fr\/dossier\/ministre_de_l_economie?at_medium=RSS+feed&amp;at_campaign=ynews&amp;utm_source=yahoo&amp;utm_medium=rss&amp;utm_campaign=news_feed&amp;utm_content=in_article_link\" rel=\"nofollow noopener\" target=\"_blank\" data-ylk=\"slk:ministre de l\u2019Economie;elm:context_link;itc:0;sec:content-canvas\" class=\"link \">ministre de l\u2019Economie<\/a>, Eric Lombard, a d\u00e9clar\u00e9 ce jeudi que les <a href=\"https:\/\/www.20minutes.fr\/monde\/etats-unis\/?at_medium=RSS+feed&amp;at_campaign=ynews&amp;utm_source=yahoo&amp;utm_medium=rss&amp;utm_campaign=news_feed&amp;utm_content=in_article_link\" rel=\"nofollow noopener\" target=\"_blank\" data-ylk=\"slk:Etats-Unis;elm:context_link;itc:0;sec:content-canvas\" class=\"link \">Etats-Unis<\/a> et l\u2019<a href=\"https:\/\/www.20minutes.fr\/dossier\/ue?at_medium=RSS+feed&amp;at_campaign=ynews&amp;utm_source=yahoo&amp;utm_medium=rss&amp;utm_campaign=news_feed&amp;utm_content=in_article_link\" rel=\"nofollow noopener\" target=\"_blank\" data-ylk=\"slk:Union europ\u00e9enne;elm:context_link;itc:0;sec:content-canvas\" class=\"link \">Union europ\u00e9enne<\/a> \u00e9taient \u00ab\u00a0encore loin d\u2019un accord\u00a0\u00bb sur les droits de <a href=\"https:\/\/www.20minutes.fr\/dossier\/douane?at_medium=RSS+feed&amp;at_campaign=ynews&amp;utm_source=yahoo&amp;utm_medium=rss&amp;utm_campaign=news_feed&amp;utm_content=in_article_link\" rel=\"nofollow noopener\" target=\"_blank\" data-ylk=\"slk:douane;elm:context_link;itc:0;sec:content-canvas\" class=\"link \">douane<\/a>. Il est pr\u00e9sent \u00e0 <a href=\"https:\/\/www.20minutes.fr\/dossier\/washington?at_medium=RSS+feed&amp;at_campaign=ynews&amp;utm_source=yahoo&amp;utm_medium=rss&amp;utm_campaign=news_feed&amp;utm_content=in_article_link\" rel=\"nofollow noopener\" target=\"_blank\" data-ylk=\"slk:Washington;elm:context_link;itc:0;sec:content-canvas\" class=\"link \">Washington<\/a> en marge des r\u00e9unions de printemps du <a href=\"https:\/\/www.20minutes.fr\/economie\/fmi\/?at_medium=RSS+feed&amp;at_campaign=ynews&amp;utm_source=yahoo&amp;utm_medium=rss&amp;utm_campaign=news_feed&amp;utm_content=in_article_link\" rel=\"nofollow noopener\" target=\"_blank\" data-ylk=\"slk:FMI;elm:context_link;itc:0;sec:content-canvas\" class=\"link \">FMI<\/a> et de la <a href=\"https:\/\/www.20minutes.fr\/dossier\/banque_mondiale?at_medium=RSS+feed&amp;at_campaign=ynews&amp;utm_source=yahoo&amp;utm_medium=rss&amp;utm_campaign=news_feed&amp;utm_content=in_article_link\" rel=\"nofollow noopener\" target=\"_blank\" data-ylk=\"slk:Banque mondiale;elm:context_link;itc:0;sec:content-canvas\" class=\"link \">Banque mondiale<\/a>. Des entretiens qui se d\u00e9roulent dans un cadre particulier, puisque <a href=\"https:\/\/www.20minutes.fr\/dossier\/donald_trump?at_medium=RSS+feed&amp;at_campaign=ynews&amp;utm_source=yahoo&amp;utm_medium=rss&amp;utm_campaign=news_feed&amp;utm_content=in_article_link\" rel=\"nofollow noopener\" target=\"_blank\" data-ylk=\"slk:Donald Trump;elm:context_link;itc:0;sec:content-canvas\" class=\"link \">Donald Trump<\/a> a impos\u00e9 10\u00a0% de droits de douane additionnels sur les produits europ\u00e9ens entrant aux Etats-Unis. Une surtaxe que le milliardaire r\u00e9publicain menace de faire passer \u00e0 20\u00a0%. Il a \u00e9galement d\u00e9cr\u00e9t\u00e9 25\u00a0% de droits sur l\u2019acier, l\u2019<a href=\"https:\/\/www.20minutes.fr\/dossier\/aluminium?at_medium=RSS+feed&amp;at_campaign=ynews&amp;utm_source=yahoo&amp;utm_medium=rss&amp;utm_campaign=news_feed&amp;utm_content=in_article_link\" rel=\"nofollow noopener\" target=\"_blank\" data-ylk=\"slk:aluminium;elm:context_link;itc:0;sec:content-canvas\" class=\"link \">aluminium<\/a> et les voitures.<\/p>\n<p>Eric Lombard a rapport\u00e9 avoir rencontr\u00e9 cette semaine Kevin Hassett, le principal conseiller \u00e9conomique de la Maison-Blanche ainsi qu\u2019Howard Lutnick, le secr\u00e9taire am\u00e9ricain au <a href=\"https:\/\/www.20minutes.fr\/economie\/commerce\/?at_medium=RSS+feed&amp;at_campaign=ynews&amp;utm_source=yahoo&amp;utm_medium=rss&amp;utm_campaign=news_feed&amp;utm_content=in_article_link\" rel=\"nofollow noopener\" target=\"_blank\" data-ylk=\"slk:Commerce;elm:context_link;itc:0;sec:content-canvas\" class=\"link \">Commerce<\/a>, mais aussi crois\u00e9 son homologue Scott Bessent lors de r\u00e9unions entre ministres des Finances \u00e0 Washington. \u00ab\u00a0J\u2019ai senti chez nos interlocuteurs le souhait d\u2019aller aussi vite que possible\u00a0\u00bb, a-t-il dit, affirmant que les Europ\u00e9ens avaient \u00e9t\u00e9 qualifi\u00e9s \u00ab\u00a0d\u2019amis et d\u2019alli\u00e9s\u00a0\u00bb dans le cadre de ces n\u00e9gociations\u00a0: \u00ab\u00a0Cela va mieux en le disant\u00a0\u00bb, a-t-il pr\u00e9cis\u00e9. Le ministre a rapport\u00e9 que \u00ab\u00a0des chantiers\u00a0\u00bb avaient \u00e9t\u00e9 ouverts lors de son rendez-vous avec Howard Lutnick, pour lever les obstacles aux \u00e9changes entre les deux partenaires. \u00ab\u00a0On est en train de trouver des sujets sur lesquels on peut utilement avancer\u00a0\u00bb, a-t-il ajout\u00e9, affirmant tenter de sortir \u00ab\u00a0d\u2019une situation un peu bloqu\u00e9e\u00a0\u00bb.<\/p>\n<p>E(&#8230;)<\/p>\n<p><a href=\"https:\/\/www.20minutes.fr\/monde\/etats-unis\/4150272-20250424-droits-douane-union-europeenne-encore-loin-accord-etats-unis-alerte-eric-lombard?at_medium=RSS+feed&amp;at_campaign=ynews&amp;utm_source=yahoo&amp;utm_medium=rss&amp;utm_campaign=news_feed&amp;utm_content=read_more_link&quot;\" rel=\"nofollow noopener\" target=\"_blank\" data-ylk=\"slk:Lire la suite sur 20minutes;elm:context_link;itc:0;sec:content-canvas\" class=\"link \">Lire la suite sur 20minutes<\/a><\/p>\n<p>\u00c0 lire aussi :<br \/><a href=\"https:\/\/www.20minutes.fr\/monde\/etats-unis\/4150019-20250423-droits-douane-eric-lombard-ministre-economie-convaincu-difficultes-actuelles-temporaires?at_medium=RSS+feed&amp;at_campaign=ynews&amp;utm_source=yahoo&amp;utm_medium=rss&amp;utm_campaign=news_feed&amp;utm_content=related_content_link\" rel=\"nofollow noopener\" target=\"_blank\" data-ylk=\"slk:Droits de douane\u00a0: Eric Lombard, le ministre de l\u2019Economie, est convaincu que les difficult\u00e9s actuelles sont temporaires;elm:context_link;itc:0;sec:content-canvas\" class=\"link \">Droits de douane\u00a0: Eric Lombard, le ministre de l\u2019Economie, est convaincu que les difficult\u00e9s actuelles sont temporaires<\/a><br \/><a href=\"https:\/\/www.20minutes.fr\/economie\/4148388-20250413-droits-douane-etats-unis-eric-lombard-demande-ue-crier-victoire-face-recul-trump?at_medium=RSS+feed&amp;at_campaign=ynews&amp;utm_source=yahoo&amp;utm_medium=rss&amp;utm_campaign=news_feed&amp;utm_content=related_content_link\" rel=\"nofollow noopener\" target=\"_blank\" data-ylk=\"slk:Droits de douane aux Etats-Unis\u00a0: Eric Lombard demande \u00e0 l\u2019UE de ne pas \u00ab\u00a0crier victoire\u00a0\u00bb face au recul de Trump;elm:context_link;itc:0;sec:content-canvas\" class=\"link \">Droits de douane aux Etats-Unis\u00a0: Eric Lombard demande \u00e0 l\u2019UE de ne pas \u00ab\u00a0crier victoire\u00a0\u00bb face au recul de Trump<\/a><\/p>\n","protected":false},"excerpt":{"rendered":"Dures n\u00e9gociations &#8211; En d\u00e9placement aux Etats-Unis, le ministre de l\u2019\u00c9conomie fran\u00e7ais, Eric Lombard, a d\u00e9clar\u00e9 que les&hellip;\n","protected":false},"author":2,"featured_media":49928,"comment_status":"","ping_status":"","sticky":false,"template":"","format":"standard","meta":{"footnotes":""},"categories":[1589],"tags":[11,75,2388,6310,73,1866,8235,14229,12,1864,1865,1863,308],"class_list":{"0":"post-49927","1":"post","2":"type-post","3":"status-publish","4":"format-standard","5":"has-post-thumbnail","7":"category-etats-unis","8":"tag-actualites","9":"tag-donald-trump","10":"tag-droits-de-douane","11":"tag-eric-lombard","12":"tag-etats-unis","13":"tag-etats-unis-damerique","14":"tag-ministre-de-leconomie","15":"tag-ministres-des-finances","16":"tag-news","17":"tag-united-states","18":"tag-united-states-of-america","19":"tag-us","20":"tag-usa"},"share_on_mastodon":{"url":"https:\/\/pubeurope.com\/@fr\/114394611399323316","error":""},"_links":{"self":[{"href":"https:\/\/www.europesays.com\/fr\/wp-json\/wp\/v2\/posts\/49927","targetHints":{"allow":["GET"]}}],"collection":[{"href":"https:\/\/www.europesays.com\/fr\/wp-json\/wp\/v2\/posts"}],"about":[{"href":"https:\/\/www.europesays.com\/fr\/wp-json\/wp\/v2\/types\/post"}],"author":[{"embeddable":true,"href":"https:\/\/www.europesays.com\/fr\/wp-json\/wp\/v2\/users\/2"}],"replies":[{"embeddable":true,"href":"https:\/\/www.europesays.com\/fr\/wp-json\/wp\/v2\/comments?post=49927"}],"version-history":[{"count":0,"href":"https:\/\/www.europesays.com\/fr\/wp-json\/wp\/v2\/posts\/49927\/revisions"}],"wp:featuredmedia":[{"embeddable":true,"href":"https:\/\/www.europesays.com\/fr\/wp-json\/wp\/v2\/media\/49928"}],"wp:attachment":[{"href":"https:\/\/www.europesays.com\/fr\/wp-json\/wp\/v2\/media?parent=49927"}],"wp:term":[{"taxonomy":"category","embeddable":true,"href":"https:\/\/www.europesays.com\/fr\/wp-json\/wp\/v2\/categories?post=49927"},{"taxonomy":"post_tag","embeddable":true,"href":"https:\/\/www.europesays.com\/fr\/wp-json\/wp\/v2\/tags?post=49927"}],"curies":[{"name":"wp","href":"https:\/\/api.w.org\/{rel}","templated":true}]}}