{"id":499270,"date":"2025-10-30T05:54:16","date_gmt":"2025-10-30T05:54:16","guid":{"rendered":"https:\/\/www.europesays.com\/fr\/499270\/"},"modified":"2025-10-30T05:54:16","modified_gmt":"2025-10-30T05:54:16","slug":"les-grands-patrons-sideres-par-un-nouveau-coup-de-massue-fiscal","status":"publish","type":"post","link":"https:\/\/www.europesays.com\/fr\/499270\/","title":{"rendered":"les grands patrons sid\u00e9r\u00e9s par un nouveau coup de massue fiscal"},"content":{"rendered":"<p>\n    <strong>ANALYSE<\/strong> &#8211; Jour apr\u00e8s jour, les parlementaires votent de nouvelles taxes sur les grandes entreprises. Ce qui provoque consternation et col\u00e8re.<\/p>\n<p class=\"fig-paragraph\">\u00ab\u00a0D\u00e9bat apr\u00e8s d\u00e9bat, des nouvelles taxes, comme si on cherchait un rem\u00e8de miracle\u00a0!, s\u2019est emport\u00e9\u00a0<a href=\"http:\/\/www.lefigaro.fr\/conjoncture\/le-decrochage-de-l-economie-francaise-est-enclenche-alerte-le-president-du-medef-patrick-martin-20251007\" data-fig-type=\"NewsFlash\" data-gtm-custom-categorie=\"navigation\" data-gtm-custom-action=\"crossclick\" data-gtm-custom-label=\"Contextuel\" data-gtm-event=\"customEventSPE\" data-fig-domain=\"LEFIGARO\" target=\"_blank\" rel=\"noopener\">Patrick Martin, le pr\u00e9sident du Medef<\/a>, mercredi, sur\u00a0X. Mais que cache ce d\u00e9lire fiscal\u00a0? Notre incapacit\u00e9 \u00e0 faire un r\u00e9gime s\u00e9rieux de la d\u00e9pense publique.\u00a0\u00bb Et le patron des patrons d\u2019enfoncer le clou\u00a0: \u00ab\u00a0Oui \u00e0 la coh\u00e9rence et \u00e0 la stabilit\u00e9,\u00a0<a href=\"http:\/\/www.lefigaro.fr\/conjoncture\/surendettee-et-paralysee-politiquement-la-france-est-devenue-le-cancre-financier-de-l-europe-20250914\" data-fig-type=\"Article\" data-gtm-custom-categorie=\"navigation\" data-gtm-custom-action=\"crossclick\" data-gtm-custom-label=\"Contextuel\" data-gtm-event=\"customEventSPE\" data-fig-domain=\"LEFIGARO\" target=\"_blank\" rel=\"noopener\">non \u00e0 l\u2019empilement fiscal<\/a> .\u00a0\u00bb<\/p>\n<p class=\"fig-paragraph\">Apr\u00e8s les riches, les grandes entreprises sont la cible des d\u00e9put\u00e9s. Ces derniers ont adopt\u00e9 lundi, sur proposition du gouvernement, la prolongation, \u00e0 un niveau plus \u00e9lev\u00e9 que pr\u00e9vu, de la\u00a0<a href=\"http:\/\/www.lefigaro.fr\/social\/l-assemblee-valide-une-hausse-de-2-milliards-de-la-surtaxe-sur-les-benefices-des-entreprises-20251027\" data-fig-type=\"NewsFlash\" data-gtm-custom-categorie=\"navigation\" data-gtm-custom-action=\"crossclick\" data-gtm-custom-label=\"Contextuel\" data-gtm-event=\"customEventSPE\" data-fig-domain=\"LEFIGARO\" target=\"_blank\" rel=\"noopener\">surtaxe sur les b\u00e9n\u00e9fices<\/a>\u00a0des grands groupes mise en place en 2025. C\u2019est \u00ab\u00a0une erreur\u00a0\u00bb, r\u00e9agit Patricia Barbizet, la pr\u00e9sidente de l\u2019Afep, qui regroupe les 117\u00a0plus grandes entreprises fran\u00e7aises. \u00ab\u00a0L\u2019Assembl\u00e9e nationale renie l\u2019engagement pris l\u2019an pass\u00e9 de limiter cette mesure \u00e0 un dispositif exceptionnel et ignore la r\u00e9alit\u00e9 \u00e9conomique du pays.\u00a0\u00bb<\/p>\n<p class=\"fig-paragraph\">Les grands patrons ne se faisaient certes plus aucune\u2026<\/p>\n<p class=\"fig-premium-paywall__infos\">\n        Cet article est r\u00e9serv\u00e9 aux abonn\u00e9s.        Il vous reste 81% \u00e0 d\u00e9couvrir.\n    <\/p>\n<p>                <img  data- alt=\"Le Figaro\" class=\"fig-img--complete fig-img\"\/><\/p>\n<p class=\"fig-premium-paywall__title\">Vous avez envie de lire la suite ?<\/p>\n<p class=\"fig-premium-paywall__subtitle\">D\u00e9bloquez tous les articles imm\u00e9diatement.<\/p>\n<p class=\"fig-premium-paywall__connect\">\n                D\u00e9j\u00e0 abonn\u00e9\u00a0?                <a class=\"fig-premium-paywall__connect-link\" href=\"https:\/\/connect.lefigaro.fr\/login?client=horizon_web&amp;type=main&amp;redirect_uri=https%3A%2F%2Fwww.lefigaro.fr%2Fsocietes%2Fsurtaxe-sur-les-benefices-les-grands-patrons-sideres-par-un-nouveau-coup-de-massue-fiscal-20251029\" data-js-gtm=\"{&quot;customCategorie&quot;: &quot;conversion&quot;, &quot;customAction&quot;: &quot;before_Landing_Connexion_paywall_auto&quot;, &quot;customLabel&quot;: &quot;bGVmaWdhcm8uZnJfXzFmMGI0YWU4LWVmYWQtNjVmYS04Zjk1LWE5YWU5ZjJjMTI4YV9fQXJ0aWNsZQ==_Surtaxe sur les b\u00e9n\u00e9fices\u00a0: les grands patrons sid\u00e9r\u00e9s par un nouveau coup de massue fiscal_49&quot;, &quot;customIDSPE&quot;: &quot;bGVmaWdhcm8uZnJfXzFmMGI0YWU4LWVmYWQtNjVmYS04Zjk1LWE5YWU5ZjJjMTI4YV9fQXJ0aWNsZQ==&quot;, &quot;event&quot;: &quot;customEventSPE&quot;}\" target=\"_blank\" rel=\"noopener\"><br \/>\n                    Connectez-vous<br \/>\n                <\/a>\n            <\/p>\n","protected":false},"excerpt":{"rendered":"ANALYSE &#8211; Jour apr\u00e8s jour, les parlementaires votent de nouvelles taxes sur les grandes entreprises. Ce qui provoque&hellip;\n","protected":false},"author":2,"featured_media":499271,"comment_status":"","ping_status":"","sticky":false,"template":"","format":"standard","meta":{"footnotes":""},"categories":[4],"tags":[11,416,29233,313,1011,27,12,25,2549],"class_list":{"0":"post-499270","1":"post","2":"type-post","3":"status-publish","4":"format-standard","5":"has-post-thumbnail","7":"category-france","8":"tag-actualites","9":"tag-assemblee-nationale","10":"tag-budget-de-letat","11":"tag-entreprises","12":"tag-fr","13":"tag-france","14":"tag-news","15":"tag-republique-francaise","16":"tag-taxe"},"share_on_mastodon":{"url":"https:\/\/pubeurope.com\/@fr\/115461571675145326","error":""},"_links":{"self":[{"href":"https:\/\/www.europesays.com\/fr\/wp-json\/wp\/v2\/posts\/499270","targetHints":{"allow":["GET"]}}],"collection":[{"href":"https:\/\/www.europesays.com\/fr\/wp-json\/wp\/v2\/posts"}],"about":[{"href":"https:\/\/www.europesays.com\/fr\/wp-json\/wp\/v2\/types\/post"}],"author":[{"embeddable":true,"href":"https:\/\/www.europesays.com\/fr\/wp-json\/wp\/v2\/users\/2"}],"replies":[{"embeddable":true,"href":"https:\/\/www.europesays.com\/fr\/wp-json\/wp\/v2\/comments?post=499270"}],"version-history":[{"count":0,"href":"https:\/\/www.europesays.com\/fr\/wp-json\/wp\/v2\/posts\/499270\/revisions"}],"wp:featuredmedia":[{"embeddable":true,"href":"https:\/\/www.europesays.com\/fr\/wp-json\/wp\/v2\/media\/499271"}],"wp:attachment":[{"href":"https:\/\/www.europesays.com\/fr\/wp-json\/wp\/v2\/media?parent=499270"}],"wp:term":[{"taxonomy":"category","embeddable":true,"href":"https:\/\/www.europesays.com\/fr\/wp-json\/wp\/v2\/categories?post=499270"},{"taxonomy":"post_tag","embeddable":true,"href":"https:\/\/www.europesays.com\/fr\/wp-json\/wp\/v2\/tags?post=499270"}],"curies":[{"name":"wp","href":"https:\/\/api.w.org\/{rel}","templated":true}]}}