{"id":499275,"date":"2025-10-30T05:57:12","date_gmt":"2025-10-30T05:57:12","guid":{"rendered":"https:\/\/www.europesays.com\/fr\/499275\/"},"modified":"2025-10-30T05:57:12","modified_gmt":"2025-10-30T05:57:12","slug":"saint-etienne-cette-brigade-fouille-les-depots-sauvages-pour-identifier-et-verbaliser-les-auteurs","status":"publish","type":"post","link":"https:\/\/www.europesays.com\/fr\/499275\/","title":{"rendered":"Saint-\u00c9tienne. Cette brigade fouille les d\u00e9p\u00f4ts sauvages pour identifier et verbaliser les auteurs"},"content":{"rendered":"<p>Un micro-ondes pos\u00e9 sur un buffet d\u00e9tremp\u00e9, une peluche dont les pieds d\u00e9passent d\u2019un carton, un lit b\u00e9b\u00e9 \u00e9ventr\u00e9\u2026 \u00c0 la Cotonne, en haut du parking de la rue Pierre-et-L\u00e9on-Gadoud, de nombreux objets prennent l\u2019eau, abandonn\u00e9s par leurs propri\u00e9taires.<\/p>\n<p>Au milieu de ce fourbi, Christine, S\u00e9bastien et J\u00e9r\u00f4me ont remont\u00e9 leurs manches et enfil\u00e9 des gants. Ils tournent et retournent ces affaires \u00e0 la recherche du moindre indice. Tous les trois forment l\u2019unit\u00e9 de pr\u00e9servation du cadre de vie de la Ville de Saint-\u00c9tienne, et traquent les contrevenants qui d\u00e9posent leurs encombrants sur la voie publique.<\/p>\n<p>\u00c9tiquettes de colis, factures\u2026 \u00e0 la recherche d\u2019une identit\u00e9<\/p>\n<p>\u00ab\u00a0Ah, il y a quelque chose pour nous\u2026\u00a0\u00bb, annonce S\u00e9bastien, policier municipal et responsable de l\u2019unit\u00e9, le carton d\u2019un robot de cuisine dans une main. Ce n\u2019est pas tant l\u2019appareil qui l\u2019int\u00e9resse, plut\u00f4t la petite&#8230;<\/p>\n","protected":false},"excerpt":{"rendered":"Un micro-ondes pos\u00e9 sur un buffet d\u00e9tremp\u00e9, une peluche dont les pieds d\u00e9passent d\u2019un carton, un lit b\u00e9b\u00e9&hellip;\n","protected":false},"author":2,"featured_media":499276,"comment_status":"","ping_status":"","sticky":false,"template":"","format":"standard","meta":{"footnotes":""},"categories":[9653],"tags":[1111,11,2430,271,272,7539,436,1777,674,274,107,1011,27,3367,12,1800,25,4001,7538],"class_list":{"0":"post-499275","1":"post","2":"type-post","3":"status-publish","4":"format-standard","5":"has-post-thumbnail","7":"category-saint-etienne","8":"tag-actu","9":"tag-actualites","10":"tag-auvergne-rhone-alpes","11":"tag-crime","12":"tag-delit-et-contravention","13":"tag-edition-loire-sud","14":"tag-environnement","15":"tag-eu","16":"tag-europe","17":"tag-faits-divers-justice","18":"tag-fil-info","19":"tag-fr","20":"tag-france","21":"tag-loire","22":"tag-news","23":"tag-pollution","24":"tag-republique-francaise","25":"tag-saint-etienne","26":"tag-saint-etienne-ville"},"share_on_mastodon":{"url":"https:\/\/pubeurope.com\/@fr\/115461583549310860","error":""},"_links":{"self":[{"href":"https:\/\/www.europesays.com\/fr\/wp-json\/wp\/v2\/posts\/499275","targetHints":{"allow":["GET"]}}],"collection":[{"href":"https:\/\/www.europesays.com\/fr\/wp-json\/wp\/v2\/posts"}],"about":[{"href":"https:\/\/www.europesays.com\/fr\/wp-json\/wp\/v2\/types\/post"}],"author":[{"embeddable":true,"href":"https:\/\/www.europesays.com\/fr\/wp-json\/wp\/v2\/users\/2"}],"replies":[{"embeddable":true,"href":"https:\/\/www.europesays.com\/fr\/wp-json\/wp\/v2\/comments?post=499275"}],"version-history":[{"count":0,"href":"https:\/\/www.europesays.com\/fr\/wp-json\/wp\/v2\/posts\/499275\/revisions"}],"wp:featuredmedia":[{"embeddable":true,"href":"https:\/\/www.europesays.com\/fr\/wp-json\/wp\/v2\/media\/499276"}],"wp:attachment":[{"href":"https:\/\/www.europesays.com\/fr\/wp-json\/wp\/v2\/media?parent=499275"}],"wp:term":[{"taxonomy":"category","embeddable":true,"href":"https:\/\/www.europesays.com\/fr\/wp-json\/wp\/v2\/categories?post=499275"},{"taxonomy":"post_tag","embeddable":true,"href":"https:\/\/www.europesays.com\/fr\/wp-json\/wp\/v2\/tags?post=499275"}],"curies":[{"name":"wp","href":"https:\/\/api.w.org\/{rel}","templated":true}]}}