{"id":499277,"date":"2025-10-30T05:58:19","date_gmt":"2025-10-30T05:58:19","guid":{"rendered":"https:\/\/www.europesays.com\/fr\/499277\/"},"modified":"2025-10-30T05:58:19","modified_gmt":"2025-10-30T05:58:19","slug":"le-marche-florissant-des-fleurs-artificielles","status":"publish","type":"post","link":"https:\/\/www.europesays.com\/fr\/499277\/","title":{"rendered":"le march\u00e9 florissant des fleurs artificielles"},"content":{"rendered":"<p>Dans l\u2019atelier de MPV Import, \u00e0 Agincourt, trois salari\u00e9es sont affair\u00e9es \u00e0 la composition de bouquets de fleurs destin\u00e9s \u00e0 garnir des pots et des jardini\u00e8res vendus pour la Toussaint.<\/p>\n<p>\u00c0 premi\u00e8re vue, leur travail ressemble comme deux gouttes d\u2019eau \u00e0 celui des fleuristes. En tout, cas, les gestes sont identiques. Mais contrairement aux fleuristes traditionnels, les trois femmes ne manipulent pas des mati\u00e8res naturelles mais des fleurs&#8230;<\/p>\n","protected":false},"excerpt":{"rendered":"Dans l\u2019atelier de MPV Import, \u00e0 Agincourt, trois salari\u00e9es sont affair\u00e9es \u00e0 la composition de bouquets de fleurs&hellip;\n","protected":false},"author":2,"featured_media":499278,"comment_status":"","ping_status":"","sticky":false,"template":"","format":"standard","meta":{"footnotes":""},"categories":[9635],"tags":[1111,11,4406,33,1707,1704,1706,1705,1777,674,1011,27,775,3457,1702,1703,12,25],"class_list":{"0":"post-499277","1":"post","2":"type-post","3":"status-publish","4":"format-standard","5":"has-post-thumbnail","7":"category-nancy","8":"tag-actu","9":"tag-actualites","10":"tag-commerce-et-services","11":"tag-economie","12":"tag-edition-luneville","13":"tag-edition-nancy-et-agglomeration","14":"tag-edition-pont-a-mousson","15":"tag-edition-toul","16":"tag-eu","17":"tag-europe","18":"tag-fr","19":"tag-france","20":"tag-grand-est","21":"tag-meurthe-et-moselle","22":"tag-nancy","23":"tag-nancy-ville-54b","24":"tag-news","25":"tag-republique-francaise"},"share_on_mastodon":{"url":"https:\/\/pubeurope.com\/@fr\/115461587445649758","error":""},"_links":{"self":[{"href":"https:\/\/www.europesays.com\/fr\/wp-json\/wp\/v2\/posts\/499277","targetHints":{"allow":["GET"]}}],"collection":[{"href":"https:\/\/www.europesays.com\/fr\/wp-json\/wp\/v2\/posts"}],"about":[{"href":"https:\/\/www.europesays.com\/fr\/wp-json\/wp\/v2\/types\/post"}],"author":[{"embeddable":true,"href":"https:\/\/www.europesays.com\/fr\/wp-json\/wp\/v2\/users\/2"}],"replies":[{"embeddable":true,"href":"https:\/\/www.europesays.com\/fr\/wp-json\/wp\/v2\/comments?post=499277"}],"version-history":[{"count":0,"href":"https:\/\/www.europesays.com\/fr\/wp-json\/wp\/v2\/posts\/499277\/revisions"}],"wp:featuredmedia":[{"embeddable":true,"href":"https:\/\/www.europesays.com\/fr\/wp-json\/wp\/v2\/media\/499278"}],"wp:attachment":[{"href":"https:\/\/www.europesays.com\/fr\/wp-json\/wp\/v2\/media?parent=499277"}],"wp:term":[{"taxonomy":"category","embeddable":true,"href":"https:\/\/www.europesays.com\/fr\/wp-json\/wp\/v2\/categories?post=499277"},{"taxonomy":"post_tag","embeddable":true,"href":"https:\/\/www.europesays.com\/fr\/wp-json\/wp\/v2\/tags?post=499277"}],"curies":[{"name":"wp","href":"https:\/\/api.w.org\/{rel}","templated":true}]}}