{"id":499285,"date":"2025-10-30T06:02:09","date_gmt":"2025-10-30T06:02:09","guid":{"rendered":"https:\/\/www.europesays.com\/fr\/499285\/"},"modified":"2025-10-30T06:02:09","modified_gmt":"2025-10-30T06:02:09","slug":"reservez-vite-vos-places-pour-le-concert-xxl-de-plk","status":"publish","type":"post","link":"https:\/\/www.europesays.com\/fr\/499285\/","title":{"rendered":"r\u00e9servez vite vos places pour le concert XXL de PLK"},"content":{"rendered":"<p>            Par<br \/>\n        <strong><br \/>\n            <a href=\"https:\/\/actu.fr\/auteur\/metropoop\" title=\"Consulter tous les articles de R\u00e9daction M\u00e9tropolitain\" target=\"_blank\" rel=\"noopener\">R\u00e9daction M\u00e9tropolitain<\/a><br \/>\n        <\/strong><\/p>\n<p>        Publi\u00e9 le<\/p>\n<p>            30 oct. 2025 \u00e0 6h12        <\/p>\n<p>Avec<strong> 1,4 million d\u2019abonn\u00e9s sur Instagram<\/strong>, PLK s\u2019impose comme l\u2019un des rappeurs fran\u00e7ais les plus \u00e9cout\u00e9s au monde. Chaque sortie d\u2019album ou de clip provoque un raz-de-mar\u00e9e sur les plateformes. Sa voix reconnaissable et son \u00e9criture directe ont fait de lui un artiste incontournable, suivi par une g\u00e9n\u00e9ration enti\u00e8re.<\/p>\n<p class=\" wall-content\"><a href=\"https:\/\/www.instagram.com\/p\/DQMrNt3CoBc\/embed\" title=\"Ouvrir le lien sur Instagram\" target=\"_blank\" rel=\"noopener\">Visualiser le contenu sur Instagram<\/a><\/p>\n<p class=\" wall-content\">Derri\u00e8re cette r\u00e9ussite se cache un parcours solide. N\u00e9 \u00e0 Paris d\u2019un p\u00e8re polonais et d\u2019une m\u00e8re corse, PLK a forg\u00e9 son style dans la rue avant de percer sur la sc\u00e8ne nationale. Sa d\u00e9termination, son exigence et son sens du rythme lui ont ouvert les portes des plus grandes sc\u00e8nes fran\u00e7aises. Sa pr\u00e9c\u00e9dente tourn\u00e9e des Z\u00e9niths s\u2019est jou\u00e9e \u00e0 guichets ferm\u00e9s. PLK a ensuite frapp\u00e9 un grand coup en remplissant deux fois le Stade de France en un temps record.\u00a0<\/p>\n<p>Montpellier, \u00e9tape majeure de la tourn\u00e9e 2026<\/p>\n<p class=\" wall-content\">Le rappeur vient d\u2019annoncer une nouvelle tourn\u00e9e nationale pr\u00e9vue pour l\u2019automne 2026. Parmi les dates phares, Montpellier tiendra une place particuli\u00e8re. PLK s\u2019y produira <strong>le samedi 5 d\u00e9cembre 2026<\/strong> \u00e0 la Sud de France Arena, pour un concert qui s\u2019annonce d\u00e9j\u00e0 exceptionnel.<\/p>\n<p>    <a href=\"https:\/\/www.google.com\/maps\/embed?pb=!1m18!1m12!1m3!1d2890.5871233539033!2d3.9475358764582094!3d43.57348562110602!2m3!1f0!2f0!3f0!3m2!1i1024!2i768!4f13.1!3m3!1m2!1s0x12b6a4d5fc7a3bf7%3A0x7409bb29f43e093a!2sSouth%20of%20France%20Arena!5e0!3m2!1sen!2sfr!4v1761762052469!5m2!1sen!2sfr\" title=\"Ouvrie le lien\" target=\"_blank\" rel=\"noopener\">Cliquez ici pour visualiser le contenu<\/a><\/p>\n<p class=\" wall-content\">Des milliers de fans sont attendus pour reprendre en ch\u0153ur ses plus grands titres, de Petrouchka \u00e0 Un peu de haine, en passant par \u00c0 la base. Les places seront mises en vente<strong> ce mardi 4 novembre<\/strong> \u00e0 12h. \u00c0 chaque tourn\u00e9e, les billets de PLK s\u2019arrachent en quelques heures. La ru\u00e9e vers la billetterie risque donc d\u2019\u00eatre imm\u00e9diate<\/p>\n<p>Vid\u00e9os : en ce moment sur Actu<strong>&gt;<\/strong> Toutes les informations et les liens de r\u00e9servation <a href=\"https:\/\/www.suddefrance-arena.com\/event\/plk\/\" target=\"_blank\" rel=\"noopener\">ici<\/a><\/p>\n<p class=\" wall-content\">Personnalisez votre actualit\u00e9 en ajoutant vos villes et m\u00e9dias en favori avec <a href=\"https:\/\/moncompte.actu.fr\" title=\"D\u00e9couvez Mon Actu\" rel=\"nofollow noopener\" data-trk=\"{&quot;cta&quot;:{&quot;action&quot;:&quot;https:\\\/\\\/moncompte.actu.fr&quot;,&quot;category&quot;:&quot;mon compte&quot;,&quot;from&quot;:&quot;article footer&quot;,&quot;name&quot;:&quot;Mon actu&quot;,&quot;type&quot;:&quot;cta&quot;}}\" target=\"_blank\">Mon Actu<\/a>.<\/p>\n<p>                    <script async src=\"\/\/www.instagram.com\/embed.js\"><\/script><\/p>\n","protected":false},"excerpt":{"rendered":"Par R\u00e9daction M\u00e9tropolitain Publi\u00e9 le 30 oct. 2025 \u00e0 6h12 Avec 1,4 million d\u2019abonn\u00e9s sur Instagram, PLK s\u2019impose&hellip;\n","protected":false},"author":2,"featured_media":499286,"comment_status":"","ping_status":"","sticky":false,"template":"","format":"standard","meta":{"footnotes":""},"categories":[9599],"tags":[1111,11,51346,1697,1777,674,1011,27,1652,2208,873,12,2680,25],"class_list":{"0":"post-499285","1":"post","2":"type-post","3":"status-publish","4":"format-standard","5":"has-post-thumbnail","7":"category-montpellier","8":"tag-actu","9":"tag-actualites","10":"tag-arena-de-montpellier","11":"tag-concert","12":"tag-eu","13":"tag-europe","14":"tag-fr","15":"tag-france","16":"tag-loisirs-culture","17":"tag-montpellier","18":"tag-musique","19":"tag-news","20":"tag-occitanie","21":"tag-republique-francaise"},"share_on_mastodon":{"url":"https:\/\/pubeurope.com\/@fr\/115461603065061115","error":""},"_links":{"self":[{"href":"https:\/\/www.europesays.com\/fr\/wp-json\/wp\/v2\/posts\/499285","targetHints":{"allow":["GET"]}}],"collection":[{"href":"https:\/\/www.europesays.com\/fr\/wp-json\/wp\/v2\/posts"}],"about":[{"href":"https:\/\/www.europesays.com\/fr\/wp-json\/wp\/v2\/types\/post"}],"author":[{"embeddable":true,"href":"https:\/\/www.europesays.com\/fr\/wp-json\/wp\/v2\/users\/2"}],"replies":[{"embeddable":true,"href":"https:\/\/www.europesays.com\/fr\/wp-json\/wp\/v2\/comments?post=499285"}],"version-history":[{"count":0,"href":"https:\/\/www.europesays.com\/fr\/wp-json\/wp\/v2\/posts\/499285\/revisions"}],"wp:featuredmedia":[{"embeddable":true,"href":"https:\/\/www.europesays.com\/fr\/wp-json\/wp\/v2\/media\/499286"}],"wp:attachment":[{"href":"https:\/\/www.europesays.com\/fr\/wp-json\/wp\/v2\/media?parent=499285"}],"wp:term":[{"taxonomy":"category","embeddable":true,"href":"https:\/\/www.europesays.com\/fr\/wp-json\/wp\/v2\/categories?post=499285"},{"taxonomy":"post_tag","embeddable":true,"href":"https:\/\/www.europesays.com\/fr\/wp-json\/wp\/v2\/tags?post=499285"}],"curies":[{"name":"wp","href":"https:\/\/api.w.org\/{rel}","templated":true}]}}