{"id":499289,"date":"2025-10-30T06:04:09","date_gmt":"2025-10-30T06:04:09","guid":{"rendered":"https:\/\/www.europesays.com\/fr\/499289\/"},"modified":"2025-10-30T06:04:09","modified_gmt":"2025-10-30T06:04:09","slug":"immobilier-a-rouen-voici-les-quartiers-les-moins-chers-pour-acheter-un-appartement-en-2025","status":"publish","type":"post","link":"https:\/\/www.europesays.com\/fr\/499289\/","title":{"rendered":"Immobilier \u00e0 Rouen. Voici les quartiers les moins chers pour acheter un appartement en 2025"},"content":{"rendered":"<p>            Par<br \/>\n        <strong><br \/>\n            <a href=\"https:\/\/actu.fr\/auteur\/julien-bouteiller\" title=\"Consulter tous les articles de Julien Bouteiller\" target=\"_blank\" rel=\"noopener\">Julien Bouteiller<\/a><br \/>\n        <\/strong><\/p>\n<p>        Publi\u00e9 le<\/p>\n<p>            30 oct. 2025 \u00e0 6h46        <\/p>\n<p><strong>La reprise est timide, mais elle est l\u00e0<\/strong>, selon la Chambre des notaires. Apr\u00e8s un net ralentissement en 2024, <a href=\"https:\/\/actu.fr\/economie\/immobilier-en-seine-maritime-ces-communes-ou-les-prix-baissent-et-celles-ou-ils-augmentent_63308913.html\" target=\"_blank\" rel=\"noopener\">le march\u00e9 de l\u2019immobilier remonte doucement la pente<\/a> en Seine-Maritime. En marge des chiffres d\u00e9partementaux, la Chambre a aussi livr\u00e9 quelques donn\u00e9es sur Rouen. Alors, <strong>o\u00f9 est-ce que les prix sont les plus bas dans la capitale normande ?<\/strong><\/p>\n<p>Les quartiers les moins chers pour acheter \u00e0 Rouen<\/p>\n<p class=\" wall-content\">\u00ab\u00a0\u00c0 fin juin 2025, le prix m\u00e9dian des appartements anciens est stable en Seine-Maritime\u00a0\u00bb, note la chambre. Mais sans surprise, il y a de fortes disparit\u00e9s g\u00e9ographiques, comme \u00e0 Rouen, o\u00f9, au global,<strong> les prix ont baiss\u00e9 de 2,2%<\/strong> et se situent autour de 2640 euros\/m\u00b2.<\/p>\n<p class=\" wall-content\">Quels sont les quartiers les moins chers pour investir dans un appartement ancien ? Voici le classement avec les prix m\u00e9dians et l\u2019\u00e9volution annuelle :\u00a0<\/p>\n<ol class=\" wall-content\">\n<li><strong>\u00a0Saint-Cl\u00e9ment \u2013 Jardin des plantes :<\/strong> 1830 euros\/m\u00b2 (-7,1% en un an)<\/li>\n<li><strong>\u00a0Centre rive gauche :<\/strong> 1880 euros\/m\u00b2 (-2,4% en un an)<\/li>\n<li><strong>\u00a0Quartiers est :<\/strong> 2310 euros\/m\u00b2 (+3,8% en un an)<\/li>\n<li><strong>\u00a0Quartiers ouest :<\/strong> 2710 euros\/m\u00b2 (-6% en un an)<\/li>\n<li><strong>\u00a0Centre rive droite est :<\/strong> 2810 euros\/m\u00b2 (-7,3% en un an)<\/li>\n<li><strong>\u00a0Coteaux nord :<\/strong> 2920 euros\/m\u00b2 (-2,4% en un an)<\/li>\n<li><strong>\u00a0Centre rive droite ouest :<\/strong> 2990 euros\/m\u00b2 (-0,2% en un an)<\/li>\n<\/ol>\n<p class=\" wall-content\">\u00c0 noter que, contrairement \u00e0 l\u2019an dernier, les donn\u00e9es du quartier de la Grand\u2019 Mare n\u2019ont pas \u00e9t\u00e9 publi\u00e9es. L\u2019an dernier, il fallait y compter <strong>1000 euros du m\u00b2<\/strong> pour un appartement ancien.<\/p>\n<p>Des hausses et des baisses autour de Rouen<\/p>\n<p class=\" wall-content\">On rel\u00e8vera des hausses de prix dans la proche agglo rouennaise, <strong>\u00e0 Bois-Guillaume<\/strong> (+3,2%, 2610 euros\/m\u00b2), <strong>Bonsecours<\/strong> (+8,2%, 2160 euros\/m\u00b2) ou <strong>Sotteville-l\u00e8s-Rouen<\/strong> (+4,5%, 1630 euros\/m\u00b2).<\/p>\n<p class=\" wall-content\">\u00c0\u00a0contrario, \u00e7a baisse dans des communes comme <strong>D\u00e9ville-l\u00e8s-Rouen<\/strong> (-2%, 1490 euros\/m\u00b2) et <strong>Bihorel<\/strong> (-9,8%, 1410 euros\/m\u00b2).<\/p>\n<p>Votre r\u00e9gion, votre actu !<\/p>\n<p>Recevez chaque jour les infos qui comptent pour vous.<\/p>\n<p>\t<a href=\"https:\/\/actu.fr\/newsletter\" class=\"ac-btn ac-btn--corner ac-btn--medium ac-btn--blue800\" target=\"_blank\" rel=\"noopener\">S&rsquo;incrire<\/a><\/p>\n<p class=\" wall-content\">Globalement, en Seine-Maritime, le march\u00e9 de l\u2019ancien se maintient, \u00e0 +0,7% de ventes en 2025. <strong>C\u2019est le neuf qui souffre<\/strong> avec une chute de 14,8% pour les appartements.\u00a0<\/p>\n<p class=\" wall-content\">L\u2019immobilier reprend un peu de couleur, mais reste tout de m\u00eame f\u00e9brile. En cause, la<strong> p\u00e9riode d\u2019instabilit\u00e9 politique (et donc fiscale)<\/strong> que l\u2019on traverse. \u00ab\u00a0Beaucoup d\u2019acheteurs potentiels sont t\u00e9tanis\u00e9s. Ils ont peur qu\u2019on leur invente des imp\u00f4ts qui n\u2019existent pas encore\u00a0\u00bb, d\u00e9cryptait il y a quelques jours Gr\u00e9goire Ozanne, vice-pr\u00e9sident de la Chambre interd\u00e9partementale des notaires.<\/p>\n<p>Suivez l\u2019actualit\u00e9 de Rouen <a href=\"https:\/\/www.whatsapp.com\/channel\/0029VaKfnf99hXF2ddApFB1D\" target=\"_blank\" rel=\"noopener\">sur notre cha\u00eene WhatsApp<\/a> et <a href=\"https:\/\/www.tiktok.com\/@76actu.fr?lang=fr\" target=\"_blank\" rel=\"noopener\">sur notre compte TikTok<\/a><\/p>\n<p class=\" wall-content\">Personnalisez votre actualit\u00e9 en ajoutant vos villes et m\u00e9dias en favori avec <a href=\"https:\/\/moncompte.actu.fr\" title=\"D\u00e9couvez Mon Actu\" rel=\"nofollow noopener\" data-trk=\"{&quot;cta&quot;:{&quot;action&quot;:&quot;https:\\\/\\\/moncompte.actu.fr&quot;,&quot;category&quot;:&quot;mon compte&quot;,&quot;from&quot;:&quot;article footer&quot;,&quot;name&quot;:&quot;Mon actu&quot;,&quot;type&quot;:&quot;cta&quot;}}\" target=\"_blank\">Mon Actu<\/a>.<\/p>\n<p>                    <script async src=\"\/\/www.tiktok.com\/embed.js\"><\/script><\/p>\n","protected":false},"excerpt":{"rendered":"Par Julien Bouteiller Publi\u00e9 le 30 oct. 2025 \u00e0 6h46 La reprise est timide, mais elle est l\u00e0,&hellip;\n","protected":false},"author":2,"featured_media":499290,"comment_status":"","ping_status":"","sticky":false,"template":"","format":"standard","meta":{"footnotes":""},"categories":[9587],"tags":[1111,11,33,1777,674,1011,27,1116,1908,12,5161,25,9590],"class_list":{"0":"post-499289","1":"post","2":"type-post","3":"status-publish","4":"format-standard","5":"has-post-thumbnail","7":"category-rouen","8":"tag-actu","9":"tag-actualites","10":"tag-economie","11":"tag-eu","12":"tag-europe","13":"tag-fr","14":"tag-france","15":"tag-immobilier","16":"tag-logement","17":"tag-news","18":"tag-normandie","19":"tag-republique-francaise","20":"tag-rouen"},"share_on_mastodon":{"url":"https:\/\/pubeurope.com\/@fr\/115461610992921444","error":""},"_links":{"self":[{"href":"https:\/\/www.europesays.com\/fr\/wp-json\/wp\/v2\/posts\/499289","targetHints":{"allow":["GET"]}}],"collection":[{"href":"https:\/\/www.europesays.com\/fr\/wp-json\/wp\/v2\/posts"}],"about":[{"href":"https:\/\/www.europesays.com\/fr\/wp-json\/wp\/v2\/types\/post"}],"author":[{"embeddable":true,"href":"https:\/\/www.europesays.com\/fr\/wp-json\/wp\/v2\/users\/2"}],"replies":[{"embeddable":true,"href":"https:\/\/www.europesays.com\/fr\/wp-json\/wp\/v2\/comments?post=499289"}],"version-history":[{"count":0,"href":"https:\/\/www.europesays.com\/fr\/wp-json\/wp\/v2\/posts\/499289\/revisions"}],"wp:featuredmedia":[{"embeddable":true,"href":"https:\/\/www.europesays.com\/fr\/wp-json\/wp\/v2\/media\/499290"}],"wp:attachment":[{"href":"https:\/\/www.europesays.com\/fr\/wp-json\/wp\/v2\/media?parent=499289"}],"wp:term":[{"taxonomy":"category","embeddable":true,"href":"https:\/\/www.europesays.com\/fr\/wp-json\/wp\/v2\/categories?post=499289"},{"taxonomy":"post_tag","embeddable":true,"href":"https:\/\/www.europesays.com\/fr\/wp-json\/wp\/v2\/tags?post=499289"}],"curies":[{"name":"wp","href":"https:\/\/api.w.org\/{rel}","templated":true}]}}