{"id":499291,"date":"2025-10-30T06:05:15","date_gmt":"2025-10-30T06:05:15","guid":{"rendered":"https:\/\/www.europesays.com\/fr\/499291\/"},"modified":"2025-10-30T06:05:15","modified_gmt":"2025-10-30T06:05:15","slug":"video-ca-me-defoule-dans-le-quartier-grammont-a-rouen-ces-enfants-construisent-leur-propre-cabane","status":"publish","type":"post","link":"https:\/\/www.europesays.com\/fr\/499291\/","title":{"rendered":"VID\u00c9O. \u00ab\u00a0\u00c7a me d\u00e9foule !\u00a0\u00bb Dans le quartier Grammont, \u00e0 Rouen, ces enfants construisent leur propre cabane"},"content":{"rendered":"<p class=\"article__intro\">Imaginez une friche dans laquelle les enfants auraient quartier libre pour cr\u00e9er la cabane de leurs r\u00eaves&#8230; C&rsquo;est ce qu&rsquo;a voulu cr\u00e9er l&rsquo;association \u00ab\u00a0Des Camps sur la Com\u00e8te\u00a0\u00bb, dans le quartier Grammont, \u00e0 Rouen. Et les bambins sont ravis ! Reportage.<\/p>\n<p>\n      La Quotidienne Soci\u00e9t\u00e9\n    <\/p>\n<p>\n      De la vie quotidienne aux grands enjeux, recevez tous les jours les sujets qui font la soci\u00e9t\u00e9 locale, comme la justice, l\u2019\u00e9ducation, la sant\u00e9 et la famille.\n    <\/p>\n<p>    France T\u00e9l\u00e9visions utilise votre adresse e-mail afin de vous envoyer la newsletter \u00ab\u00a0La Quotidienne Soci\u00e9t\u00e9\u00a0\u00bb. Vous pouvez vous d\u00e9sinscrire \u00e0 tout moment via le lien en bas de cette newsletter. <a target=\"_blank\" href=\"https:\/\/www.francetelevisions.fr\/groupe\/confidentialite\/politique-de-confidentialite\/politique-de-confidentialite-de-france-televisions-6503\" rel=\"nofollow noopener\">Notre politique de confidentialit\u00e9<\/a><\/p>\n<p>\u00ab\u00a0Ici, c&rsquo;est l&rsquo;entr\u00e9e. On a enlev\u00e9 la porte, elle \u00e9tait trop fragile !\u00a0\u00bb Au milieu de la friche tr\u00f4ne une cabane XXL con\u00e7ue par un groupe de copains. Cela fait trois mois qu&rsquo;ils la fa\u00e7onnent, tous les mercredis et pendant les vacances scolaires.<\/p>\n<p>\u00ab\u00a0\u00c7a me d\u00e9foule un peu, parce que je suis quelqu&rsquo;un d&rsquo;hyperactif, explique Thymeis Djaveov, l&rsquo;un de ces constructeurs en herbe. Quand je travaille et que je fais des cabanes, \u00e7a me lib\u00e8re !\u00a0\u00bb<\/p>\n<p>Depuis le mois d&rsquo;ao\u00fbt, dans ce \u00ab\u00a0terrain d&rsquo;aventure\u00a0\u00bb, certains de ces enfants deviennent les rois du bricolage. La derni\u00e8re invention de Thymeis et de ses amis : une poulie d&rsquo;une trentaine de m\u00e8tres. Elle leur permet de s&rsquo;\u00e9changer du mat\u00e9riel entre deux cabanes.<\/p>\n<p>Souleymane en a construit une, juste en face, et il multiplie les projets. Pas question pour lui de se poser la moindre limite ! \u00ab\u00a0En gros, l\u00e0, on pourra s&rsquo;asseoir, explique-t-il avec enthousiasme. Par-dessus, je vais rajouter une planche, faire un toit, mettre des escaliers&#8230;\u00a0\u00bb<\/p>\n<p><strong>Le reportage de Martin Cribier et Bruno Belamri :<\/strong><\/p>\n<p>    dur\u00e9e de la vid\u00e9o : 00h01mn59s<\/p>\n<p>        <img decoding=\"async\" width=\"640\" height=\"426\" class=\"article-image not-lazy\" src=\"https:\/\/www.europesays.com\/fr\/wp-content\/uploads\/2025\/10\/bb278c66-f9fd-4bff-bef4-19ed7b4d3058.jpg\" alt=\"\" fetchpriority=\"high\"\/><\/p>\n<p>              Voir la video\u00a0(1 minutes 59 secondes).\u00a0<br \/>\n                  1 min 59 s<\/p>\n<p>\n          Ces enfants apprennent \u00e0 bricoler sur une friche<\/p>\n<p>        \u2022<\/p>\n<p>              \u00a9France 3 Normandie\n      <\/p>\n<blockquote class=\"ftvi_content_quote\">\n<p class=\"ftvi_citation_quote\">Ce sont les enfants qui vont inventer leur propre espace de jeu, \u00e0 la diff\u00e9rence de la plupart des parcs urbains. Ils inventent leur activit\u00e9, choisissent, imaginent. On se rend compte que quand on fait confiance aux enfants et qu&rsquo;on leur confie des responsabilit\u00e9s, \u00e7a se passe tr\u00e8s bien !<\/p>\n<p>Guillaume Viger, co-cr\u00e9ateur du terrain d&rsquo;aventure du quartier Grammont<\/p>\n<\/blockquote>\n<p>Mais avant de pouvoir planter des clous ou scier du bois, tous les bambins ont d\u00fb passer une petite formation. \u00ab\u00a0\u00c0 la fin on a le droit d&rsquo;avoir un bracelet, sinon, on ne peut pas utiliser les outils\u00a0\u00bb, explique une jeune fille venue pour la journ\u00e9e avec ses trois copines.<\/p>\n<p>Mauvaise nouvelle, cependant, pour les artisans en herbe : leurs cr\u00e9ations seront d\u00e9truites en fin de semaine. Mais qu&rsquo;ils gardent toutes leurs id\u00e9es en t\u00eate, et qu&rsquo;ils n&rsquo;oublient pas la vari\u00e9t\u00e9 de choses qu&rsquo;ils apprennent ici : le terrain sera de nouveau entre leurs mains en juillet prochain.<\/p>\n","protected":false},"excerpt":{"rendered":"Imaginez une friche dans laquelle les enfants auraient quartier libre pour cr\u00e9er la cabane de leurs r\u00eaves&#8230; C&rsquo;est&hellip;\n","protected":false},"author":2,"featured_media":499292,"comment_status":"","ping_status":"","sticky":false,"template":"","format":"standard","meta":{"footnotes":""},"categories":[9587],"tags":[1111,11,1777,674,1011,27,12,5161,25,9590],"class_list":{"0":"post-499291","1":"post","2":"type-post","3":"status-publish","4":"format-standard","5":"has-post-thumbnail","7":"category-rouen","8":"tag-actu","9":"tag-actualites","10":"tag-eu","11":"tag-europe","12":"tag-fr","13":"tag-france","14":"tag-news","15":"tag-normandie","16":"tag-republique-francaise","17":"tag-rouen"},"share_on_mastodon":{"url":"https:\/\/pubeurope.com\/@fr\/115461614905596254","error":""},"_links":{"self":[{"href":"https:\/\/www.europesays.com\/fr\/wp-json\/wp\/v2\/posts\/499291","targetHints":{"allow":["GET"]}}],"collection":[{"href":"https:\/\/www.europesays.com\/fr\/wp-json\/wp\/v2\/posts"}],"about":[{"href":"https:\/\/www.europesays.com\/fr\/wp-json\/wp\/v2\/types\/post"}],"author":[{"embeddable":true,"href":"https:\/\/www.europesays.com\/fr\/wp-json\/wp\/v2\/users\/2"}],"replies":[{"embeddable":true,"href":"https:\/\/www.europesays.com\/fr\/wp-json\/wp\/v2\/comments?post=499291"}],"version-history":[{"count":0,"href":"https:\/\/www.europesays.com\/fr\/wp-json\/wp\/v2\/posts\/499291\/revisions"}],"wp:featuredmedia":[{"embeddable":true,"href":"https:\/\/www.europesays.com\/fr\/wp-json\/wp\/v2\/media\/499292"}],"wp:attachment":[{"href":"https:\/\/www.europesays.com\/fr\/wp-json\/wp\/v2\/media?parent=499291"}],"wp:term":[{"taxonomy":"category","embeddable":true,"href":"https:\/\/www.europesays.com\/fr\/wp-json\/wp\/v2\/categories?post=499291"},{"taxonomy":"post_tag","embeddable":true,"href":"https:\/\/www.europesays.com\/fr\/wp-json\/wp\/v2\/tags?post=499291"}],"curies":[{"name":"wp","href":"https:\/\/api.w.org\/{rel}","templated":true}]}}