{"id":499295,"date":"2025-10-30T06:07:41","date_gmt":"2025-10-30T06:07:41","guid":{"rendered":"https:\/\/www.europesays.com\/fr\/499295\/"},"modified":"2025-10-30T06:07:41","modified_gmt":"2025-10-30T06:07:41","slug":"ouverture-de-la-billetterie-prix-des-places-bus-pour-les-abonnes-ce-quil-faut-savoir-sur-le-choc-rc-vannes-grenoble-au-roazhon-park","status":"publish","type":"post","link":"https:\/\/www.europesays.com\/fr\/499295\/","title":{"rendered":"Ouverture de la billetterie, prix des places, bus pour les abonn\u00e9s\u2026 Ce qu\u2019il faut savoir sur le choc RC Vannes &#8211; Grenoble au Roazhon Park"},"content":{"rendered":"<p>Attention, \u00e9v\u00e9nement\u00a0! L\u2019enceinte habituelle du Stade Rennais va <a href=\"https:\/\/www.letelegramme.fr\/sports\/rugby\/rc-vannes\/rc-vannes-grenoble-sera-bien-delocalise-a-rennes-le-dimanche-16-novembre-en-prime-time-6913441.php\" target=\"_blank\" rel=\"noopener\">accueillir le Rugby Club Vannes dimanche 16 novembre \u00e0 21\u00a0h<\/a>. Ce sera lors du choc face \u00e0 Grenoble pour le compte de la onzi\u00e8me journ\u00e9e de Pro D2. C\u2019est ce jeudi 30 octobre \u00e0 14\u00a0h que les places sont mises en vente sur le <a href=\"https:\/\/billetterie.rcvannes.bzh\/fr\" target=\"_blank\" rel=\"noopener\">site du RCV<\/a>. Comme d\u2019habitude, il est conseill\u00e9 de se connecter une demi-heure en avance pour \u00eatre bien plac\u00e9 dans la file d\u2019attente.<\/p>\n<p>La jauge sera plus que doubl\u00e9e. Habituellement au stade de la Rabine, 12\u00a0500 places sont vendues. Et elles partent \u00e0 chaque fois tr\u00e8s vite\u00a0! Le match face \u00e0 Oyonnax, le 16 octobre, \u00e9tait le 31e cons\u00e9cutif \u00e0 guichets ferm\u00e9s. Mais cette fois, au Roazhon Park, la jauge sera de 29\u00a0778 places. Et ce jeudi, ce sont 15\u00a0000 billets qui seront \u00e0 saisir.<\/p>\n<p>Les places au m\u00eame prix qu\u2019\u00e0 la Rabine<\/p>\n<p>C\u00f4t\u00e9 tarifs, les places seront au m\u00eame prix qu\u2019\u00e0 la Rabine\u00a0: de 16 \u00e0 59 \u20ac suivant les cat\u00e9gories. Et s\u2019il n\u2019y a pas de places en pourtour au Roazhon Park, ce sont les si\u00e8ges en partie basse des tribunes derri\u00e8re les buts qui seront en cat\u00e9gorie 7 (le plus bas tarif). Coup de pouce aux familles\u00a0: cette fois, les tarifs seront r\u00e9duits pour les moins de 18 ans et les \u00e9tudiants sur l\u2019ensemble des cat\u00e9gories.<\/p>\n<p>Des bus \u00e0 5 \u20ac pour les abonn\u00e9s<\/p>\n<p>Les abonn\u00e9s ont re\u00e7u un mail mardi soir leur confirmant qu\u2019ils pourront assister au match. Ils seront surclass\u00e9s d\u2019une cat\u00e9gorie et seront bien plac\u00e9s \u00e0 c\u00f4t\u00e9 de leurs voisins abonn\u00e9s habituels. Les cartes d\u2019abonnement ne seront pas valables pour ce match, mais les abonn\u00e9s pourront t\u00e9l\u00e9charger leurs billets sur leur espace personnel de la billetterie en ligne \u00e0 partir du lundi 10 novembre.<\/p>\n<p>1\u00a0000 places ont aussi \u00e9t\u00e9 r\u00e9serv\u00e9es pour la Kerlenn Gwened, le club des supporters du RC Vannes.<\/p>\n<p>Enfin, un d\u00e9placement en bus \u00e0 5 \u20ac sera propos\u00e9 aux abonn\u00e9s. Ils recevront un mail \u00e0 ce sujet en d\u00e9but de semaine prochaine.<\/p>\n","protected":false},"excerpt":{"rendered":"Attention, \u00e9v\u00e9nement\u00a0! L\u2019enceinte habituelle du Stade Rennais va accueillir le Rugby Club Vannes dimanche 16 novembre \u00e0 21\u00a0h.&hellip;\n","protected":false},"author":2,"featured_media":499296,"comment_status":"","ping_status":"","sticky":false,"template":"","format":"standard","meta":{"footnotes":""},"categories":[9566],"tags":[1111,11,2430,3166,1777,674,1011,27,2731,12,3164,25,479,60,3165],"class_list":{"0":"post-499295","1":"post","2":"type-post","3":"status-publish","4":"format-standard","5":"has-post-thumbnail","7":"category-grenoble","8":"tag-actu","9":"tag-actualites","10":"tag-auvergne-rhone-alpes","11":"tag-en-continu-sports","12":"tag-eu","13":"tag-europe","14":"tag-fr","15":"tag-france","16":"tag-grenoble","17":"tag-news","18":"tag-rc-vannes","19":"tag-republique-francaise","20":"tag-rugby","21":"tag-sports","22":"tag-vannes"},"share_on_mastodon":{"url":"https:\/\/pubeurope.com\/@fr\/115461622577584218","error":""},"_links":{"self":[{"href":"https:\/\/www.europesays.com\/fr\/wp-json\/wp\/v2\/posts\/499295","targetHints":{"allow":["GET"]}}],"collection":[{"href":"https:\/\/www.europesays.com\/fr\/wp-json\/wp\/v2\/posts"}],"about":[{"href":"https:\/\/www.europesays.com\/fr\/wp-json\/wp\/v2\/types\/post"}],"author":[{"embeddable":true,"href":"https:\/\/www.europesays.com\/fr\/wp-json\/wp\/v2\/users\/2"}],"replies":[{"embeddable":true,"href":"https:\/\/www.europesays.com\/fr\/wp-json\/wp\/v2\/comments?post=499295"}],"version-history":[{"count":0,"href":"https:\/\/www.europesays.com\/fr\/wp-json\/wp\/v2\/posts\/499295\/revisions"}],"wp:featuredmedia":[{"embeddable":true,"href":"https:\/\/www.europesays.com\/fr\/wp-json\/wp\/v2\/media\/499296"}],"wp:attachment":[{"href":"https:\/\/www.europesays.com\/fr\/wp-json\/wp\/v2\/media?parent=499295"}],"wp:term":[{"taxonomy":"category","embeddable":true,"href":"https:\/\/www.europesays.com\/fr\/wp-json\/wp\/v2\/categories?post=499295"},{"taxonomy":"post_tag","embeddable":true,"href":"https:\/\/www.europesays.com\/fr\/wp-json\/wp\/v2\/tags?post=499295"}],"curies":[{"name":"wp","href":"https:\/\/api.w.org\/{rel}","templated":true}]}}