{"id":499297,"date":"2025-10-30T06:09:23","date_gmt":"2025-10-30T06:09:23","guid":{"rendered":"https:\/\/www.europesays.com\/fr\/499297\/"},"modified":"2025-10-30T06:09:23","modified_gmt":"2025-10-30T06:09:23","slug":"pres-de-rennes-ces-etudiants-reduisent-le-gaspillage-et-luttent-contre-la-precarite","status":"publish","type":"post","link":"https:\/\/www.europesays.com\/fr\/499297\/","title":{"rendered":"Pr\u00e8s de Rennes, ces \u00e9tudiants r\u00e9duisent le gaspillage et luttent contre la pr\u00e9carit\u00e9"},"content":{"rendered":"<p>L\u2019\u00e9cole UniLaSalle de Ker Lann, \u00e0 <a href=\"https:\/\/rennes.maville.com\/bretagne\/ille-et-vilaine\/bruz\/\" target=\"_blank\" rel=\"noopener\">Bruz <\/a>(<a href=\"https:\/\/www.ouest-france.fr\/bretagne\/ille-et-vilaine\/\" target=\"_blank\" rel=\"noopener\">Ille-et-Vilaine<\/a>), se lance dans la lutte contre le gaspillage avec son association Eco-Challenge, en partenariat avec l\u2019\u00e9picerie sociale et solidaire de Bruz. <strong>\u00ab\u00a0Chaque semaine, les membres de notre association r\u00e9cup\u00e8rent les invendus alimentaires de l\u2019\u00e9picerie (fruits, l\u00e9gumes, viande, fromage\u2026) pour les redistribuer gratuitement aux \u00e9tudiants de l\u2019\u00e9cole,<\/strong> explique Antoine Porcheron, \u00e9tudiant \u00e0 UniLasalle, <a href=\"https:\/\/rennes.maville.com\/actu\/actudet_-une-chaire-de-recherche-autour-de-l-economie-sociale-et-circulaire-creee-pres-de-rennes-_7-5976029_actu.Htm\" target=\"_blank\" rel=\"noopener\">premi\u00e8re \u00e9cole enti\u00e8rement d\u00e9di\u00e9e \u00e0 l\u2019environnement<\/a> cr\u00e9\u00e9e en France, qui compte cette ann\u00e9e 550\u00a0\u00e9tudiants. <strong>C\u2019est <\/strong> <strong>un geste simple, mais porteur de sens\u00a0: r\u00e9duire le gaspillage tout en luttant contre la pr\u00e9carit\u00e9 alimentaire.\u00a0\u00bb<\/strong><\/p>\n<p>Un cercle vertueux<\/p>\n<p>Et d\u2019ajouter\u00a0: <strong>\u00ab\u00a0Cela permet d\u2019\u00e9viter que des produits encore consommables finissent \u00e0 la poubelle, tout en soutenant les \u00e9tudiants qui rencontrent des difficult\u00e9s financi\u00e8res. C\u2019est un cercle vertueux\u00a0: on agit pour l\u2019environnement et pour la solidarit\u00e9 \u00e9tudiante.\u00a0\u00bb<\/strong><\/p>\n<p><strong>\u00ab\u00a0Depuis sa cr\u00e9ation, Eco-Challenge s\u2019est donn\u00e9 pour mission de r\u00e9duire le gaspillage alimentaire et de promouvoir une meilleure gestion des d\u00e9chets sur le campus. En plus de ce partenariat avec l\u2019\u00e9picerie, l\u2019association collabore avec plusieurs commerces de proximit\u00e9 pour collecter les invendus de la journ\u00e9e et les redistribuer aux \u00e9tudiants\u00a0\u00bb,<\/strong> ajoute Katia Piederri\u00e8re, responsable de la communication \u00e0 UniLaSalle.<\/p>\n<p>Des interventions lors de grands \u00e9v\u00e9nements<\/p>\n<p>L\u2019association ne s\u2019arr\u00eate pas l\u00e0. <strong>\u00ab\u00a0Elle organise r\u00e9guli\u00e8rement des clean walks, des marches citoyennes de ramassage de d\u00e9chets, pour sensibiliser \u00e0 la pollution et encourager le tri s\u00e9lectif. Eco-Challenge intervient \u00e9galement lors de grands \u00e9v\u00e9nements, comme le semi-marathon et le marathon de Paris, pour assurer la gestion et le tri des d\u00e9chets (carton, biod\u00e9chets,\u00a0etc.).\u00a0\u00bb<\/strong><\/p>\n<p>\u00a0<\/p>\n","protected":false},"excerpt":{"rendered":"L\u2019\u00e9cole UniLaSalle de Ker Lann, \u00e0 Bruz (Ille-et-Vilaine), se lance dans la lutte contre le gaspillage avec son&hellip;\n","protected":false},"author":2,"featured_media":499298,"comment_status":"","ping_status":"","sticky":false,"template":"","format":"standard","meta":{"footnotes":""},"categories":[2821],"tags":[1111,11,13194,829,6379,1777,674,1011,27,50143,43061,12,10181,3762,62165,584,25],"class_list":{"0":"post-499297","1":"post","2":"type-post","3":"status-publish","4":"format-standard","5":"has-post-thumbnail","7":"category-rennes","8":"tag-actu","9":"tag-actualites","10":"tag-alimentaire","11":"tag-bretagne","12":"tag-etudiants","13":"tag-eu","14":"tag-europe","15":"tag-fr","16":"tag-france","17":"tag-gaspillage","18":"tag-luttent","19":"tag-news","20":"tag-precarite","21":"tag-pres","22":"tag-reduisent","23":"tag-rennes","24":"tag-republique-francaise"},"share_on_mastodon":{"url":"https:\/\/pubeurope.com\/@fr\/115461630442573085","error":""},"_links":{"self":[{"href":"https:\/\/www.europesays.com\/fr\/wp-json\/wp\/v2\/posts\/499297","targetHints":{"allow":["GET"]}}],"collection":[{"href":"https:\/\/www.europesays.com\/fr\/wp-json\/wp\/v2\/posts"}],"about":[{"href":"https:\/\/www.europesays.com\/fr\/wp-json\/wp\/v2\/types\/post"}],"author":[{"embeddable":true,"href":"https:\/\/www.europesays.com\/fr\/wp-json\/wp\/v2\/users\/2"}],"replies":[{"embeddable":true,"href":"https:\/\/www.europesays.com\/fr\/wp-json\/wp\/v2\/comments?post=499297"}],"version-history":[{"count":0,"href":"https:\/\/www.europesays.com\/fr\/wp-json\/wp\/v2\/posts\/499297\/revisions"}],"wp:featuredmedia":[{"embeddable":true,"href":"https:\/\/www.europesays.com\/fr\/wp-json\/wp\/v2\/media\/499298"}],"wp:attachment":[{"href":"https:\/\/www.europesays.com\/fr\/wp-json\/wp\/v2\/media?parent=499297"}],"wp:term":[{"taxonomy":"category","embeddable":true,"href":"https:\/\/www.europesays.com\/fr\/wp-json\/wp\/v2\/categories?post=499297"},{"taxonomy":"post_tag","embeddable":true,"href":"https:\/\/www.europesays.com\/fr\/wp-json\/wp\/v2\/tags?post=499297"}],"curies":[{"name":"wp","href":"https:\/\/api.w.org\/{rel}","templated":true}]}}