{"id":499301,"date":"2025-10-30T06:11:15","date_gmt":"2025-10-30T06:11:15","guid":{"rendered":"https:\/\/www.europesays.com\/fr\/499301\/"},"modified":"2025-10-30T06:11:15","modified_gmt":"2025-10-30T06:11:15","slug":"la-collectivite-dalsace-remet-en-question-laccompagnement-de-personnes-atteintes-de-troubles-psychiques","status":"publish","type":"post","link":"https:\/\/www.europesays.com\/fr\/499301\/","title":{"rendered":"La Collectivit\u00e9 d&rsquo;Alsace remet en question l&rsquo;accompagnement de personnes atteintes de troubles psychiques"},"content":{"rendered":"<p class=\"wp-block-post-excerpt__excerpt\">L\u2019association Entraide le Relais craint la suspension de subventions pour des dispositifs de logement de personnes atteintes de troubles psychiques. La Collectivit\u00e9 europ\u00e9enne d\u2019Alsace assure de son c\u00f4t\u00e9 que la d\u00e9cision n\u2019est pas encore ent\u00e9rin\u00e9e. <\/p>\n<p>Adrien Labit<\/p>\n<p>Publi\u00e9 le 30 octobre 2025\u00a0\u00a0\u00b7\u00a0\u00a0<\/p>\n<p>Imprim\u00e9 le 30 octobre 2025 \u00e0 07h11\u00a0\u00a0\u00b7\u00a0\u00a0<\/p>\n<p>\t\t\t\t\t4\u00a0minutes\n<\/p>\n<p class=\"has-drop-cap\">\u00ab\u00a0On nous enl\u00e8ve une subvention qui est li\u00e9e au travail qu\u2019on fait sans \u00eatre venu voir comment on le fait. On ne se sent pas consid\u00e9r\u00e9s\u00a0\u00bb, t\u00e9moigne Tiffanie Albert, une pointe de d\u00e9pit dans la voix. Au mois de mars, la cheffe de service \u00e0 l\u2019association Entraide le Relais a appris que deux des r\u00e9sidences dont elle s\u2019occupe risquaient de perdre leurs financements de la Collectivit\u00e9 europ\u00e9enne d\u2019Alsace (CeA) en 2026.<\/p>\n<p>Install\u00e9es \u00e0 Brumath, L\u2019\u00c9lan et La Rose des vents accueillent respectivement 21 et 25 personnes atteintes de troubles psychiques ou en difficult\u00e9 sociale. Dans un cadre de vie semi-collectif, les r\u00e9sidents disposent de leur propre appartement et b\u00e9n\u00e9ficient de l\u2019accompagnement quotidien de travailleurs sociaux. Le dispositif vise \u00e0 les accompagner dans leur projet de vie et vers l\u2019autonomie. \u00ab\u00a0La subvention qu\u2019on va nous retirer finance l\u2019accompagnement social, si on nous enl\u00e8ve ces moyens-l\u00e0, comment va-t-on le maintenir ?\u00a0\u00bb, ajoute la cheffe de service.<\/p>\n<p><img loading=\"lazy\" decoding=\"async\" width=\"792\" height=\"594\" src=\"https:\/\/www.europesays.com\/fr\/wp-content\/uploads\/2025\/10\/entraide-le-relais-residences-accueil-2-792x594.jpg\" alt=\"\" class=\"wp-image-365173\"  \/> La r\u00e9sidence l\u2019\u00c9lan \u00e0 Brumath, o\u00f9 21 personnes atteintes de troubles psychiques sont log\u00e9es.Photo\u00a0: Document remis<\/p>\n<p class=\"has-primary-color has-text-color\">\n\t\t\t<strong> Cet article fait partie de l\u2019\u00e9dition abonn\u00e9s.<\/strong><br \/>\n\t\t\t| D\u00e9j\u00e0 abonn\u00e9\u00a0?<br \/>\n\t\t\t<a href=\"https:\/\/www.rue89strasbourg.com\/user\/connexion\" data-type=\"page\" data-id=\"116070\" target=\"_blank\" rel=\"noopener\">Connectez-vous<\/a>\n\t\t<\/p>\n<p>Abonnez-vous maintenant pour poursuivre votre lecture<\/p>\n<p><img loading=\"lazy\" decoding=\"async\" width=\"1206\" height=\"1241\" src=\"https:\/\/www.europesays.com\/fr\/wp-content\/uploads\/2025\/04\/04-paywall.png\" alt=\"Abonnez-vous\" class=\"wp-image-282314\" style=\"aspect-ratio:0.9717969379532635;width:281px;height:auto\"  \/><\/p>\n<p>\t\t\t<a href=\"https:\/\/www.rue89strasbourg.com\/\" class=\"custom-logo-link\" rel=\"home noopener\" target=\"_blank\"><img loading=\"lazy\" decoding=\"async\" width=\"290\" height=\"62\" src=\"https:\/\/www.europesays.com\/fr\/wp-content\/uploads\/2025\/04\/1743975279_388_logo.png\" class=\"custom-logo\" alt=\"Rue89 Strasbourg Enqu\u00eates et informations locales\"  \/><\/a><\/p>\n<p>\n\t\t\t\tAbonnez-vous maintenant pour suivre l\u2019actualit\u00e9 locale.\t\t\t<\/p>\n<p class=\"font-bold font-serif-heading mb-2 text-4xl\">\n\t\t\t\t\t\tL\u2019investigation locale \u00e0 port\u00e9e de main.\n\t\t\t\t\t<\/p>\n<p>\n\t\t\t\t\t\tAbonnez-vous et profitez d\u2019un acc\u00e8s illimit\u00e9 \u00e0 Rue89 Strasbourg. Annulez quand vous voulez.\n\t\t\t\t\t<\/p>\n<p class=\"xl:text-sm\">\n\t\t\t\t\tD\u00e9j\u00e0 abonn\u00e9\u00a0?<br \/>\n\t\t\t\t\t<a class=\"border border-transparent text-center transition-colors duration-instant focus:border-info focus:rounded focus:shadow-focus cursor-pointer text-black hover:text-gray-700 active:bg-black-700 font-semibold inline-block\" href=\"https:\/\/www.rue89strasbourg.com\/user\/connexion?redirect=\/cea-remet-question-accompagnement-personnes-atteintes-troubles-psychiques-365167\" target=\"_blank\" rel=\"noopener\">Connectez-vous<\/a>\t\t\t\t<\/p>\n<p>\n\t\t\t\tChoisissez votre formule\u00a0:\n\t\t\t<\/p>\n<p>\t\t\t\tFermer<\/p>\n","protected":false},"excerpt":{"rendered":"L\u2019association Entraide le Relais craint la suspension de subventions pour des dispositifs de logement de personnes atteintes de&hellip;\n","protected":false},"author":2,"featured_media":499302,"comment_status":"","ping_status":"","sticky":false,"template":"","format":"standard","meta":{"footnotes":""},"categories":[2820],"tags":[1111,11,3677,1777,674,1011,27,62166,775,12,25,2072,801,104,3400,640],"class_list":{"0":"post-499301","1":"post","2":"type-post","3":"status-publish","4":"format-standard","5":"has-post-thumbnail","7":"category-strasbourg","8":"tag-actu","9":"tag-actualites","10":"tag-collectivite-europeenne-dalsace","11":"tag-eu","12":"tag-europe","13":"tag-fr","14":"tag-france","15":"tag-frederic-bierry","16":"tag-grand-est","17":"tag-news","18":"tag-republique-francaise","19":"tag-sante-mentale","20":"tag-social","21":"tag-societe","22":"tag-solidarite","23":"tag-strasbourg"},"share_on_mastodon":{"url":"https:\/\/pubeurope.com\/@fr\/115461638942176347","error":""},"_links":{"self":[{"href":"https:\/\/www.europesays.com\/fr\/wp-json\/wp\/v2\/posts\/499301","targetHints":{"allow":["GET"]}}],"collection":[{"href":"https:\/\/www.europesays.com\/fr\/wp-json\/wp\/v2\/posts"}],"about":[{"href":"https:\/\/www.europesays.com\/fr\/wp-json\/wp\/v2\/types\/post"}],"author":[{"embeddable":true,"href":"https:\/\/www.europesays.com\/fr\/wp-json\/wp\/v2\/users\/2"}],"replies":[{"embeddable":true,"href":"https:\/\/www.europesays.com\/fr\/wp-json\/wp\/v2\/comments?post=499301"}],"version-history":[{"count":0,"href":"https:\/\/www.europesays.com\/fr\/wp-json\/wp\/v2\/posts\/499301\/revisions"}],"wp:featuredmedia":[{"embeddable":true,"href":"https:\/\/www.europesays.com\/fr\/wp-json\/wp\/v2\/media\/499302"}],"wp:attachment":[{"href":"https:\/\/www.europesays.com\/fr\/wp-json\/wp\/v2\/media?parent=499301"}],"wp:term":[{"taxonomy":"category","embeddable":true,"href":"https:\/\/www.europesays.com\/fr\/wp-json\/wp\/v2\/categories?post=499301"},{"taxonomy":"post_tag","embeddable":true,"href":"https:\/\/www.europesays.com\/fr\/wp-json\/wp\/v2\/tags?post=499301"}],"curies":[{"name":"wp","href":"https:\/\/api.w.org\/{rel}","templated":true}]}}