{"id":499308,"date":"2025-10-30T06:15:34","date_gmt":"2025-10-30T06:15:34","guid":{"rendered":"https:\/\/www.europesays.com\/fr\/499308\/"},"modified":"2025-10-30T06:15:34","modified_gmt":"2025-10-30T06:15:34","slug":"cette-pharmacie-emblematique-du-centre-ville-fete-ses-120-ans","status":"publish","type":"post","link":"https:\/\/www.europesays.com\/fr\/499308\/","title":{"rendered":"cette pharmacie embl\u00e9matique du centre-ville f\u00eate ses 120 ans"},"content":{"rendered":"<p>            Par<br \/>\n        <strong><br \/>\n            <a href=\"https:\/\/actu.fr\/auteur\/thomas-bernard\" title=\"Consulter tous les articles de Thomas Bernard\" rel=\"nofollow noopener\" target=\"_blank\">Thomas Bernard<\/a><br \/>\n        <\/strong><\/p>\n<p>        Publi\u00e9 le<\/p>\n<p>            29 oct. 2025 \u00e0 17h40        <\/p>\n<p>\u00c0 l\u2019angle de la place Royale, rue d\u2019Orl\u00e9ans, un commerce du centre-ville de Nantes souffle ses bougies. Cette ann\u00e9e, la Grande Pharmacie de Paris f\u00eate ses 120\u00a0ans d\u2019existence. Pour marquer cet \u00e9v\u00e9nement, une exposition, organis\u00e9e <strong>du 1er au 30\u00a0novembre<\/strong>, retrace l\u2019histoire de\u00a0l\u2019officine.<\/p>\n<p class=\" wall-content\">Intitul\u00e9e Hier, aujourd\u2019hui, demain, l\u2019exposition sera pr\u00e9sent\u00e9e dans les vitrines et au deuxi\u00e8me \u00e9tage du commerce. Un \u00e9v\u00e9nement organis\u00e9 en partenariat avec<a href=\"https:\/\/patrimonia.nantes.fr\/\" rel=\"nofollow noopener\" target=\"_blank\"> Nantes Patrimonia<\/a>, <a href=\"https:\/\/archives.nantes.fr\/home.html\" rel=\"nofollow noopener\" target=\"_blank\">les Archives de Nantes M\u00e9tropole<\/a> et <a href=\"https:\/\/pleincentre.net\/\" rel=\"nofollow noopener\" target=\"_blank\">l\u2019association Plein Centre<\/a>.<\/p>\n<p class=\" wall-content\">Archives, photographies et objets d\u2019\u00e9poque, narrent les vies de la pharmacie\u2009: de ses origines \u00e0 la modernisation digitale, en passant par la Belle \u00c9poque.<\/p>\n<p>La pharmacie bombard\u00e9e pendant la Seconde Guerre mondiale<\/p>\n<p class=\" wall-content\">En 1905, <strong>Maurice Berger<\/strong>, pharmacien originaire de Paris, fonde la Grande Pharmacie de Paris, \u00e0 l\u2019angle de la rue d\u2019Orl\u00e9ans. \u00c0 Nantes, il associe plusieurs disciplines au sein de l\u2019officine\u2009: pharmacie, optique, orthop\u00e9die, herboristerie et parfumerie. Un concept in\u00e9dit au d\u00e9but du 20e si\u00e8cle.<\/p>\n<p><a class=\"jo-module-caroussel__img-container\" href=\"https:\/\/static.actu.fr\/uploads\/2025\/10\/grande-pharmacie-de-paris-nantes-patrimonia.png\" title=\"Agrandir la photo La pharmacie a \u00e9t\u00e9 fond\u00e9e par Maurice Berger.  (\u00a9 Patrimonia Nantes)\" data-idx=\"1\" rel=\"nofollow noopener\" target=\"_blank\"><br \/>\n    <img decoding=\"async\" class=\"jo-module-caroussel__img\" loading=\"lazy\" src=\"https:\/\/www.europesays.com\/fr\/wp-content\/uploads\/2025\/10\/grande-pharmacie-de-paris-nantes-patrimonia-640x427.png\" alt=\"La pharmacie a \u00e9t\u00e9 fond\u00e9e par Maurice Berger.  (\u00a9 Patrimonia Nantes)\" width=\"640\" height=\"427\"\/><\/a><a class=\"jo-module-caroussel__img-container\" href=\"https:\/\/static.actu.fr\/uploads\/2025\/10\/grande-pharmacie-paris-nantes.jpeg\" title=\"Agrandir la photo Une exposition retra\u00e7ant l\u2019histoire de la pharmacie est organis\u00e9e du 1er au 30 novembre. (\u00a9 Laure Gentil \/ actu Nantes)\" data-idx=\"2\" rel=\"nofollow noopener\" target=\"_blank\"><br \/>\n    <img decoding=\"async\" class=\"jo-module-caroussel__img\" loading=\"lazy\" src=\"https:\/\/www.europesays.com\/fr\/wp-content\/uploads\/2025\/10\/grande-pharmacie-paris-nantes-640x427.jpeg\" alt=\"Une exposition retra\u00e7ant l\u2019histoire de la pharmacie est organis\u00e9e du 1er au 30 novembre. (\u00a9 Laure Gentil \/ actu Nantes)\" width=\"640\" height=\"427\"\/><\/a><\/p>\n<p class=\" wall-content\"><strong>Bombard\u00e9 en 1943 pendant la Seconde Guerre mondiale<\/strong>, le b\u00e2timent \u00ab\u2009renait de ses cendres\u2009\u00bb et reste \u00e0 son emplacement d\u2019origine. Au fil des ann\u00e9es, le commerce s\u2019est adapt\u00e9 aux pratiques de la soci\u00e9t\u00e9, comme le r\u00e9sume la pharmacie nantaise dans un communiqu\u00e9 de presse.<\/p>\n<blockquote class=\"ac-article-quote wall-content\">\n<p>Hier, les livraisons se faisaient en cal\u00e8che \u00e0 travers les rues de la ville ; aujourd\u2019hui, elles se font \u00e0 v\u00e9lo ou en v\u00e9hicule \u00e9lectrique. Hier encore, le pr\u00e9paratoire se tenait en bout de paillasse, avec sa balance Roberval ; aujourd\u2019hui, la pr\u00e9paration magistrale se fait<br \/>\nsous hotte, avec des balances de pr\u00e9cision, dans un laboratoire certifi\u00e9 ISO 9001. Et l\u00e0 o\u00f9 l\u2019entrep\u00f4t se trouvait autrefois rue Bias, il s\u2019\u00e9tend d\u00e9sormais \u00e0 quelques kilom\u00e8tres, autonome en \u00e9nergie gr\u00e2ce \u00e0 ses panneaux solaires.<\/p>\n<p>    <strong>Grande Pharmacie de Paris<\/strong>\n            <\/p><\/blockquote>\n<p>Votre r\u00e9gion, votre actu !<\/p>\n<p>Recevez chaque jour les infos qui comptent pour vous.<\/p>\n<p>\t<a href=\"https:\/\/actu.fr\/newsletter\" class=\"ac-btn ac-btn--corner ac-btn--medium ac-btn--blue800\" rel=\"nofollow noopener\" target=\"_blank\">S&rsquo;incrire<\/a><\/p>\n<p>Infos pratiques\u2009:<br \/>Grande Pharmacie de Paris, 17 rue d\u2019Orl\u00e9ans, Nantes<br \/>Exposition Hier, aujourd\u2019hui, demain, organis\u00e9e du 1er au 30\u00a0novembre, 2e \u00e9tage de la pharmacie.<br \/>Entr\u00e9e libre aux horaires d\u2019ouverture.<\/p>\n<p class=\" wall-content\">Personnalisez votre actualit\u00e9 en ajoutant vos villes et m\u00e9dias en favori avec <a href=\"https:\/\/moncompte.actu.fr\" title=\"D\u00e9couvez Mon Actu\" rel=\"nofollow noopener\" data-trk=\"{&quot;cta&quot;:{&quot;action&quot;:&quot;https:\\\/\\\/moncompte.actu.fr&quot;,&quot;category&quot;:&quot;mon compte&quot;,&quot;from&quot;:&quot;article footer&quot;,&quot;name&quot;:&quot;Mon actu&quot;,&quot;type&quot;:&quot;cta&quot;}}\" target=\"_blank\">Mon Actu<\/a>.<\/p>\n","protected":false},"excerpt":{"rendered":"Par Thomas Bernard Publi\u00e9 le 29 oct. 2025 \u00e0 17h40 \u00c0 l\u2019angle de la place Royale, rue d\u2019Orl\u00e9ans,&hellip;\n","protected":false},"author":2,"featured_media":499309,"comment_status":"","ping_status":"","sticky":false,"template":"","format":"standard","meta":{"footnotes":""},"categories":[2818],"tags":[1111,11,215,1777,674,1011,27,766,12,2551,2636,25,104],"class_list":{"0":"post-499308","1":"post","2":"type-post","3":"status-publish","4":"format-standard","5":"has-post-thumbnail","7":"category-nantes","8":"tag-actu","9":"tag-actualites","10":"tag-commerce","11":"tag-eu","12":"tag-europe","13":"tag-fr","14":"tag-france","15":"tag-nantes","16":"tag-news","17":"tag-patrimoine","18":"tag-pays-de-la-loire","19":"tag-republique-francaise","20":"tag-societe"},"share_on_mastodon":{"url":"https:\/\/pubeurope.com\/@fr\/115461654645249512","error":""},"_links":{"self":[{"href":"https:\/\/www.europesays.com\/fr\/wp-json\/wp\/v2\/posts\/499308","targetHints":{"allow":["GET"]}}],"collection":[{"href":"https:\/\/www.europesays.com\/fr\/wp-json\/wp\/v2\/posts"}],"about":[{"href":"https:\/\/www.europesays.com\/fr\/wp-json\/wp\/v2\/types\/post"}],"author":[{"embeddable":true,"href":"https:\/\/www.europesays.com\/fr\/wp-json\/wp\/v2\/users\/2"}],"replies":[{"embeddable":true,"href":"https:\/\/www.europesays.com\/fr\/wp-json\/wp\/v2\/comments?post=499308"}],"version-history":[{"count":0,"href":"https:\/\/www.europesays.com\/fr\/wp-json\/wp\/v2\/posts\/499308\/revisions"}],"wp:featuredmedia":[{"embeddable":true,"href":"https:\/\/www.europesays.com\/fr\/wp-json\/wp\/v2\/media\/499309"}],"wp:attachment":[{"href":"https:\/\/www.europesays.com\/fr\/wp-json\/wp\/v2\/media?parent=499308"}],"wp:term":[{"taxonomy":"category","embeddable":true,"href":"https:\/\/www.europesays.com\/fr\/wp-json\/wp\/v2\/categories?post=499308"},{"taxonomy":"post_tag","embeddable":true,"href":"https:\/\/www.europesays.com\/fr\/wp-json\/wp\/v2\/tags?post=499308"}],"curies":[{"name":"wp","href":"https:\/\/api.w.org\/{rel}","templated":true}]}}