{"id":499313,"date":"2025-10-30T06:18:10","date_gmt":"2025-10-30T06:18:10","guid":{"rendered":"https:\/\/www.europesays.com\/fr\/499313\/"},"modified":"2025-10-30T06:18:10","modified_gmt":"2025-10-30T06:18:10","slug":"le-directeur-dune-association-darchitecture-vise-par-la-chambre-regionale-des-comptes-pour-des-notes-de-frais-injustifiees","status":"publish","type":"post","link":"https:\/\/www.europesays.com\/fr\/499313\/","title":{"rendered":"le directeur d\u2019une association d\u2019architecture vis\u00e9 par la chambre r\u00e9gionale des comptes pour des notes de frais injustifi\u00e9es"},"content":{"rendered":"<p>\n    Dans un rapport publi\u00e9 jeudi dernier, la chambre r\u00e9gionale des comptes de Nouvelle-Aquitaine reproche \u00e0 Fabrizio Gallanti, directeur g\u00e9n\u00e9ral d\u2019Arc en r\u00eave, d\u2019avoir d\u00e9pens\u00e9 36.000 euros pour aller rendre visite \u00e0 sa famille au Canada.<\/p>\n<p class=\"fig-paragraph\">L\u2019association bordelaise Arc en r\u00eave, sp\u00e9cialis\u00e9e depuis 1980 dans la\u00a0<a href=\"http:\/\/www.lefigaro.fr\/nantes\/des-chefs-d-oeuvre-de-l-architecture-navale-a-pornic-ces-bateaux-anciens-reunis-pour-la-20eme-edition-des-voiles-de-tradition-20250724\" data-fig-type=\"NewsFlash\" data-gtm-custom-categorie=\"navigation\" data-gtm-custom-action=\"crossclick\" data-gtm-custom-label=\"Contextuel\" data-gtm-event=\"customEventSPE\" data-fig-domain=\"LEFIGARO\" target=\"_blank\" rel=\"noopener\">promotion de l\u2019architecture<\/a>\u00a0aupr\u00e8s du grand public, est au c\u0153ur de la tourmente. Jeudi dernier,\u00a0<a href=\"http:\/\/www.lefigaro.fr\/bordeaux\/irregularites-dettes-la-chambre-regionale-des-comptes-de-nouvelle-aquitaine-etrille-la-gestion-de-lormont-20230929\" data-fig-type=\"NewsFlash\" data-gtm-custom-categorie=\"navigation\" data-gtm-custom-action=\"crossclick\" data-gtm-custom-label=\"Contextuel\" data-gtm-event=\"customEventSPE\" data-fig-domain=\"LEFIGARO\" target=\"_blank\" rel=\"noopener\">la chambre r\u00e9gionale des comptes<\/a>\u00a0\u00e0 rendu public son rapport d\u2019observations d\u00e9finitives sur l\u2019institution dot\u00e9e chaque ann\u00e9e de pr\u00e8s d\u20191,5 million d\u2019euros de subventions \u00e9manant de collectivit\u00e9s publiques locales (Drac Nouvelle-Aquitaine, Ville de Bordeaux, M\u00e9tropole). La synth\u00e8se est cinglante.<\/p>\n<p class=\"fig-paragraph\">En 2022, l\u2019association Arc en r\u00eave pr\u00e9sentait un solde d\u00e9ficitaire de 800.000 euros apr\u00e8s avoir \u00e9t\u00e9 dup\u00e9e par son ancien secr\u00e9taire g\u00e9n\u00e9ral, qui faisait voter des budgets falsifi\u00e9s pour d\u00e9tourner une partie de l\u2019argent. Le malfrat, d\u00e9j\u00e0 connu des services de justice, est un professionnel. Une plainte a \u00e9t\u00e9 d\u00e9pos\u00e9e, une enqu\u00eate est en cours et l\u2019association Arc en r\u00eave a r\u00e9ussi \u00e0 redresser ses comptes \u00absans un euro de subventions publiques exceptionnelles\u00bb, insiste la direction. Remboursement de la\u00a0<a href=\"http:\/\/www.lefigaro.fr\/social\/ces-dix-indices-qui-peuvent-entrainer-un-controle-urssaf-20211118\" data-fig-type=\"Article\" data-gtm-custom-categorie=\"navigation\" data-gtm-custom-action=\"crossclick\" data-gtm-custom-label=\"Contextuel\" data-gtm-event=\"customEventSPE\" data-fig-domain=\"LEFIGARO\" target=\"_blank\" rel=\"noopener\">dette Urssaf<\/a>\u00a0en ao\u00fbt et paiement des derniers fournisseurs en octobre 2025 ont achev\u00e9 d\u2019assainir la situation budg\u00e9taire, et le prochain solde de l\u2019association devrait \u00eatre positif. Un tour de force.<\/p>\n<p>                                    <a class=\"fig-a11y-skip a11y-hidden\" href=\"#fig-a11y-skip-main-inarticle\"><br \/>\n        Passer la publicit\u00e9<br \/>\n    <\/a><\/p>\n<p class=\"fig-paragraph\">Il n\u2019emp\u00eache que le b\u00e2t blesse. \u00abAvant que nous ne soyons victimes de cet escroc professionnel, la gestion d\u2019Arc en r\u00eave \u00e9tait assez artisanale. Il a \u00e9tudi\u00e9 la structure et trouv\u00e9 les failles pour nous voler\u00bb, regrette Fabrizio Gallanti, le directeur g\u00e9n\u00e9ral d\u2019Arc en r\u00eave. \u00abCette association, n\u00e9e il y a 40 ans et dirig\u00e9e par ses fondateurs Francine Fort et Michel Jacques jusqu\u2019en 2020, n\u2019avait pas mis en place de contr\u00f4le&#8230; L\u2019ancienne directrice, qui g\u00e9rait tout en direct, l\u2019assurait par nature. Il y a une responsabilit\u00e9 de nos experts-comptables, du directeur et d\u2019un peu tout le monde\u00bb, assume Fran\u00e7ois Brouta, le pr\u00e9sident de l\u2019association.<\/p>\n<p>Manque de proc\u00e9dure interne<\/p>\n<p class=\"fig-paragraph\">Le manque de proc\u00e9dure interne, en sus d\u2019avoir permis \u00e0 un escroc de se servir dans la caisse, a aussi entra\u00een\u00e9 des abus d\u2019usage. En l\u2019occurrence, par compensation tacite \u00e0 son salaire moins \u00e9lev\u00e9 que ces pr\u00e9d\u00e9cesseurs, Fabrizio Gallanti s\u2019est vu rembourser 36.691 euros de notes de frais pour des voyages au Canada entre 2021 et 2024. Des paiements, au vu et au su de tous, jamais inscrits dans son contrat de travail, qui posent n\u00e9cessairement question sur la gestion du bien public au regard de l\u2019\u00e9loignement g\u00e9ographique de la famille de l\u2019int\u00e9ress\u00e9 &#8211; dont la femme et les enfants r\u00e9sident de l\u2019autre c\u00f4t\u00e9 de l\u2019Atlantique. \u00abMes voyages correspondaient aussi \u00e0 des activit\u00e9s professionnelles, qui ont eu des retomb\u00e9es positives sur la structure. Il y avait un accord tacite, je ne le voyais pas comme un avantage personnel\u00bb, se d\u00e9fend le directeur g\u00e9n\u00e9ral d\u2019Arc en r\u00eave.<\/p>\n<p class=\"fig-paragraph\">L\u2019architecte, qui s\u2019est engag\u00e9 \u00e0 rembourser l\u2019int\u00e9gralit\u00e9 de la somme, se d\u00e9fend \u00e9galement d\u2019une mauvaise gestion financi\u00e8re. \u00abLa fraude dont nous avons \u00e9t\u00e9 victimes en 2022 nous a conduits \u00e0 croire que nous avions une tr\u00e9sorerie, ce qui a entra\u00een\u00e9 une production extr\u00eamement fournie, avec plus d\u2019expositions et d\u2019\u00e9v\u00e9nements publics\u00bb, justifie-t-il.<\/p>\n<p class=\"fig-paragraph\">Parmi eux, la chambre r\u00e9gionale des comptes pointe toutefois les plus de 45.000 euros d\u00e9bours\u00e9s \u00e0 l\u2019occasion de la soir\u00e9e de d\u00e9part de la directrice historique. Une somme, que la juridiction juge outranci\u00e8re au regard de l\u2019absence de mise en concurrence des prestataires et surtout, de son d\u00e9passement de plus de 50% de l\u2019enveloppe approuv\u00e9e au pr\u00e9alable. \u00abNormalement, on demande trois devis \u00e0 trois entreprises, cela n\u2019a pas \u00e9t\u00e9 fait et c\u2019est effectivement de notre faute. Cela dit, notre budget pr\u00e9alable de 30.000 euros ne prenait pas en compte le dispositif audio, co\u00fbteux, et nous avions 400 invit\u00e9s. Il me semble que cette soir\u00e9e exceptionnelle, honorant les fondateurs qui ont r\u00e9ussi \u00e0 faire de leur petite association une r\u00e9f\u00e9rence internationale en seulement 40 ans, est dans les normes\u00bb, r\u00e9plique Fabrizio Gallanti.<\/p>\n<p>Crise politique<\/p>\n<p class=\"fig-paragraph\">La chambre r\u00e9gionale des comptes estime, elle, que \u00abce d\u00e9rapage budg\u00e9taire n\u2019a \u00e9t\u00e9 rendu possible que par l\u2019absence de dispositif de contr\u00f4le et plus globalement d\u2019int\u00e9r\u00eat suffisant manifest\u00e9 par la direction pour les questions financi\u00e8res\u00bb.<\/p>\n<p>                                    <a class=\"fig-a11y-skip a11y-hidden\" href=\"#fig-a11y-skip-main-inarticle_mtf\"><br \/>\n        Passer la publicit\u00e9<br \/>\n    <\/a><\/p>\n<p class=\"fig-paragraph\">Sorti de la crise financi\u00e8re en octobre, Arc en r\u00eave se retrouve donc au c\u0153ur d\u2019une temp\u00eate politique avec la publication de ce rapport, malgr\u00e9 un efficace redressement ces deux derni\u00e8res ann\u00e9es. Dans un communiqu\u00e9 adress\u00e9 \u00e0 la presse, Bordeaux-M\u00e9tropole et la mairie de Bordeaux \u00abdemandent un remboursement imm\u00e9diat des sommes d\u00e9pens\u00e9es \u00e0 des fins non professionnelles et une profonde \u00e9volution de la gouvernance de l\u2019association\u00bb.<\/p>\n<p class=\"fig-paragraph\">Fabrizio Gallanti, lui, est sur la sellette. \u00abC\u2019est d\u2019autant plus dommage que le directeur actuel d\u2019Arc en r\u00eave est un mouton \u00e0 cinq pattes. Il est polyglotte, il sait entra\u00eener ses \u00e9quipes, il a su redresser les comptes en deux ans et fait rare, c\u2019est un architecte qui sait parler d\u2019architecture au grand public\u00bb, d\u00e9plore une source publique proche du dossier. Avant d\u2019ajouter\u00a0: \u00abFabrizio Gallanti avait aussi de tr\u00e8s bonnes id\u00e9es et d\u2019excellents r\u00e9seaux \u00e0 l\u2019international qui lui ont permis de continuer \u00e0 faire de belles expositions, de qualit\u00e9, avec tr\u00e8s peu de moyens apr\u00e8s 2022.\u00bb Une d\u00e9cision doit \u00eatre rendue dans les prochaines semaines \u00e0 l\u2019occasion d\u2019un nouveau conseil d\u2019administration.<\/p>\n","protected":false},"excerpt":{"rendered":"Dans un rapport publi\u00e9 jeudi dernier, la chambre r\u00e9gionale des comptes de Nouvelle-Aquitaine reproche \u00e0 Fabrizio Gallanti, directeur&hellip;\n","protected":false},"author":2,"featured_media":499314,"comment_status":"","ping_status":"","sticky":false,"template":"","format":"standard","meta":{"footnotes":""},"categories":[2817],"tags":[1111,11,1350,62167,1997,7993,1777,674,1011,27,12,2219,25],"class_list":{"0":"post-499313","1":"post","2":"type-post","3":"status-publish","4":"format-standard","5":"has-post-thumbnail","7":"category-bordeaux","8":"tag-actu","9":"tag-actualites","10":"tag-architecture","11":"tag-biens-mal-acquis","12":"tag-bordeaux","13":"tag-dette-publique","14":"tag-eu","15":"tag-europe","16":"tag-fr","17":"tag-france","18":"tag-news","19":"tag-nouvelle-aquitaine","20":"tag-republique-francaise"},"share_on_mastodon":{"url":"https:\/\/pubeurope.com\/@fr\/115461665852653905","error":""},"_links":{"self":[{"href":"https:\/\/www.europesays.com\/fr\/wp-json\/wp\/v2\/posts\/499313","targetHints":{"allow":["GET"]}}],"collection":[{"href":"https:\/\/www.europesays.com\/fr\/wp-json\/wp\/v2\/posts"}],"about":[{"href":"https:\/\/www.europesays.com\/fr\/wp-json\/wp\/v2\/types\/post"}],"author":[{"embeddable":true,"href":"https:\/\/www.europesays.com\/fr\/wp-json\/wp\/v2\/users\/2"}],"replies":[{"embeddable":true,"href":"https:\/\/www.europesays.com\/fr\/wp-json\/wp\/v2\/comments?post=499313"}],"version-history":[{"count":0,"href":"https:\/\/www.europesays.com\/fr\/wp-json\/wp\/v2\/posts\/499313\/revisions"}],"wp:featuredmedia":[{"embeddable":true,"href":"https:\/\/www.europesays.com\/fr\/wp-json\/wp\/v2\/media\/499314"}],"wp:attachment":[{"href":"https:\/\/www.europesays.com\/fr\/wp-json\/wp\/v2\/media?parent=499313"}],"wp:term":[{"taxonomy":"category","embeddable":true,"href":"https:\/\/www.europesays.com\/fr\/wp-json\/wp\/v2\/categories?post=499313"},{"taxonomy":"post_tag","embeddable":true,"href":"https:\/\/www.europesays.com\/fr\/wp-json\/wp\/v2\/tags?post=499313"}],"curies":[{"name":"wp","href":"https:\/\/api.w.org\/{rel}","templated":true}]}}