{"id":499319,"date":"2025-10-30T06:21:11","date_gmt":"2025-10-30T06:21:11","guid":{"rendered":"https:\/\/www.europesays.com\/fr\/499319\/"},"modified":"2025-10-30T06:21:11","modified_gmt":"2025-10-30T06:21:11","slug":"lille-un-grand-salon-pour-etudier-sinstaller-ou-travailler-au-canada-organise-avec-50-exposants","status":"publish","type":"post","link":"https:\/\/www.europesays.com\/fr\/499319\/","title":{"rendered":"Lille. Un grand salon pour \u00e9tudier, s\u2019installer ou travailler au Canada organis\u00e9 avec 50 exposants"},"content":{"rendered":"<p>            Par<br \/>\n        <strong><br \/>\n            <a href=\"https:\/\/actu.fr\/auteur\/hervine-mahaud\" title=\"Consulter tous les articles de Hervine Mahaud\" target=\"_blank\" rel=\"noopener\">Hervine Mahaud<\/a><br \/>\n        <\/strong><\/p>\n<p>        Publi\u00e9 le<\/p>\n<p>            30 oct. 2025 \u00e0 6h26        <\/p>\n<p>Le <a href=\"https:\/\/actu.fr\/tag\/canada\" target=\"_blank\" rel=\"noopener\">Canada<\/a> vous fait r\u00eaver\u2009? Entre grands espaces, nouvelles opportunit\u00e9s et qualit\u00e9 de vie, nombreux sont les jeunes \u00e0 envisager une exp\u00e9rience outre-Atlantique. Pour les aider \u00e0 concr\u00e9tiser leur projet, le <b>CRIJ Hauts-de-France<\/b> et <b>Air Canada<\/b> organisent le <b>salon \u201c\u00c9tudier, s\u2019installer, travailler, vivre au Canada\u201d<\/b>, le <b>mercredi 12\u00a0novembre 2025<\/b>, de 9\u2009h \u00e0 18\u2009h, au<b> JOST,<\/b> 10 rue Meurein \u00e0 <a href=\"https:\/\/actu.fr\/lille\/\" target=\"_blank\" rel=\"noopener\">Lille<\/a>.<\/p>\n<p>Un rendez-vous incontournable pour les jeunes attir\u00e9s par le Canada<\/p>\n<p class=\" wall-content\">Ce salon s\u2019adresse \u00e0 toutes celles et ceux qui r\u00eavent d\u2019une aventure canadienne \u2014 qu\u2019il s\u2019agisse d\u2019un <b>projet d\u2019\u00e9tudes, de stage, d\u2019emploi ou d\u2019expatriation<\/b>. Plus de <b>50\u00a0exposants<\/b> seront pr\u00e9sents pour <b>informer, conseiller et accompagner<\/b> les visiteurs dans leurs d\u00e9marches.<\/p>\n<p class=\" wall-content\">Parmi eux\u2009: des <b>universit\u00e9s et C\u00e9geps canadiens<\/b>, des <b>organismes de mobilit\u00e9 internationale<\/b>, mais aussi des <b>sp\u00e9cialistes de l\u2019emploi et de l\u2019immigration<\/b>.<\/p>\n<p class=\" wall-content\">Des <b>conf\u00e9rences<\/b> viendront rythmer la journ\u00e9e, avec des retours d\u2019exp\u00e9rience et des conseils pratiques sur les d\u00e9marches \u00e0 entreprendre, la vie sur place et les secteurs qui recrutent. Le programme complet sera tr\u00e8s prochainement disponible sur le site du CRIJ.<\/p>\n<p>\u00c9tudier, travailler, s\u2019expatrier\u2009: toutes les cl\u00e9s pour franchir le pas<\/p>\n<p class=\" wall-content\">Au fil des stands, les visiteurs pourront d\u00e9couvrir\u2009:<\/p>\n<ul class=\" wall-content\">\n<li>Les <b>programmes d\u2019\u00e9tudes<\/b> ouverts aux \u00e9tudiants internationaux\u2009;<\/li>\n<li>Les <b>opportunit\u00e9s professionnelles<\/b> dans tout le pays\u2009;<\/li>\n<li>Les <b>dispositifs de mobilit\u00e9<\/b> tels que le <b>PVT (Permis Vacances-Travail)<\/b>, le <b>V.I.E.<\/b> ou encore le <b>s\u00e9jour au pair<\/b>\u2009;<\/li>\n<li>Des <b>ateliers pratiques<\/b> autour du logement, du budget, des d\u00e9marches d\u2019immigration ou de l\u2019int\u00e9gration culturelle.<\/li>\n<\/ul>\n<p class=\" wall-content\">L\u2019objectif\u2009: permettre \u00e0 chacun de <b>pr\u00e9parer sereinement son d\u00e9part<\/b>, avec les bons contacts et les bons outils.<\/p>\n<p>Votre r\u00e9gion, votre actu !<\/p>\n<p>Recevez chaque jour les infos qui comptent pour vous.<\/p>\n<p>\t<a href=\"https:\/\/actu.fr\/newsletter\" class=\"ac-btn ac-btn--corner ac-btn--medium ac-btn--blue800\" target=\"_blank\" rel=\"noopener\">S&rsquo;incrire<\/a><\/p>\n<p class=\" wall-content\">Ce rendez-vous, soutenu par <b>Air Canada<\/b>, s\u2019annonce comme une journ\u00e9e riche en rencontres et en d\u00e9couvertes. \u00ab\u2009C\u2019est un \u00e9v\u00e9nement pens\u00e9 pour tous ceux qui souhaitent construire un projet de vie au Canada, que ce soit pour quelques mois ou pour plusieurs ann\u00e9es\u2009\u00bb, souligne le <b>CRIJ Hauts-de-France<\/b>.<\/p>\n<p>Infos pratiques\u2009: Salon \u00ab\u00a0\u00c9tudier, s\u2019installer, travailler, vivre au Canada\u201d, mercredi 12\u00a0novembre 2025, de 9\u2009h \u00e0 18\u2009h au JOST, 10 rue Meurein, Lille. Liste des exposants et infos pratiques <a href=\"https:\/\/www.ij-hdf.fr\/evenement\/667\/salon-etudier-sinstaller-travailler-vivre-au-canada-1\" target=\"_blank\" rel=\"noopener\">en cliquant ici<\/a>. Entr\u00e9e libre et gratuite<\/p>\n<p class=\" wall-content\">Personnalisez votre actualit\u00e9 en ajoutant vos villes et m\u00e9dias en favori avec <a href=\"https:\/\/moncompte.actu.fr\" title=\"D\u00e9couvez Mon Actu\" rel=\"nofollow noopener\" data-trk=\"{&quot;cta&quot;:{&quot;action&quot;:&quot;https:\\\/\\\/moncompte.actu.fr&quot;,&quot;category&quot;:&quot;mon compte&quot;,&quot;from&quot;:&quot;article footer&quot;,&quot;name&quot;:&quot;Mon actu&quot;,&quot;type&quot;:&quot;cta&quot;}}\" target=\"_blank\">Mon Actu<\/a>.<\/p>\n","protected":false},"excerpt":{"rendered":"Par Hervine Mahaud Publi\u00e9 le 30 oct. 2025 \u00e0 6h26 Le Canada vous fait r\u00eaver\u2009? Entre grands espaces,&hellip;\n","protected":false},"author":2,"featured_media":499320,"comment_status":"","ping_status":"","sticky":false,"template":"","format":"standard","meta":{"footnotes":""},"categories":[2815],"tags":[1111,11,574,33,341,1777,674,1011,27,811,1307,12,25,586],"class_list":{"0":"post-499319","1":"post","2":"type-post","3":"status-publish","4":"format-standard","5":"has-post-thumbnail","7":"category-lille","8":"tag-actu","9":"tag-actualites","10":"tag-canada","11":"tag-economie","12":"tag-emploi","13":"tag-eu","14":"tag-europe","15":"tag-fr","16":"tag-france","17":"tag-hauts-de-france","18":"tag-lille","19":"tag-news","20":"tag-republique-francaise","21":"tag-voyage"},"share_on_mastodon":{"url":"https:\/\/pubeurope.com\/@fr\/115461677516424310","error":""},"_links":{"self":[{"href":"https:\/\/www.europesays.com\/fr\/wp-json\/wp\/v2\/posts\/499319","targetHints":{"allow":["GET"]}}],"collection":[{"href":"https:\/\/www.europesays.com\/fr\/wp-json\/wp\/v2\/posts"}],"about":[{"href":"https:\/\/www.europesays.com\/fr\/wp-json\/wp\/v2\/types\/post"}],"author":[{"embeddable":true,"href":"https:\/\/www.europesays.com\/fr\/wp-json\/wp\/v2\/users\/2"}],"replies":[{"embeddable":true,"href":"https:\/\/www.europesays.com\/fr\/wp-json\/wp\/v2\/comments?post=499319"}],"version-history":[{"count":0,"href":"https:\/\/www.europesays.com\/fr\/wp-json\/wp\/v2\/posts\/499319\/revisions"}],"wp:featuredmedia":[{"embeddable":true,"href":"https:\/\/www.europesays.com\/fr\/wp-json\/wp\/v2\/media\/499320"}],"wp:attachment":[{"href":"https:\/\/www.europesays.com\/fr\/wp-json\/wp\/v2\/media?parent=499319"}],"wp:term":[{"taxonomy":"category","embeddable":true,"href":"https:\/\/www.europesays.com\/fr\/wp-json\/wp\/v2\/categories?post=499319"},{"taxonomy":"post_tag","embeddable":true,"href":"https:\/\/www.europesays.com\/fr\/wp-json\/wp\/v2\/tags?post=499319"}],"curies":[{"name":"wp","href":"https:\/\/api.w.org\/{rel}","templated":true}]}}