{"id":499323,"date":"2025-10-30T06:24:12","date_gmt":"2025-10-30T06:24:12","guid":{"rendered":"https:\/\/www.europesays.com\/fr\/499323\/"},"modified":"2025-10-30T06:24:12","modified_gmt":"2025-10-30T06:24:12","slug":"letat-defend-sa-mobilisation-tres-forte-pour-les-aesh","status":"publish","type":"post","link":"https:\/\/www.europesays.com\/fr\/499323\/","title":{"rendered":"L\u2019\u00e9tat d\u00e9fend sa mobilisation \u00ab tr\u00e8s forte \u00bb pour les AESH"},"content":{"rendered":"\n<p>Sept mois apr\u00e8s avoir \u00e9t\u00e9 interpell\u00e9 par une question du d\u00e9put\u00e9 (PS) Laurent Lhardit, le gouvernement assure, dans une r\u00e9ponse publi\u00e9e ce mardi, de sa \u00ab\u00a0mobilisation tr\u00e8s forte et durable\u00a0\u00bb pour accompagner les \u00e9l\u00e8ves en situation de handicap sur la pause m\u00e9ridienne.<\/p>\n<p>Pendant un an, la municipalit\u00e9 marseillaise avait multipli\u00e9 les alertes, contrainte de prendre en charge les postes d\u2019accompagnants des \u00e9l\u00e8ves en situation de handicap (AESH) depuis la rentr\u00e9e 2024, alors m\u00eame que la responsabilit\u00e9 en \u00e9tait revenue \u00e0 l\u2019\u00e9ducation nationale. \u00ab\u00a0On comptabilisait, en octobre\u00a02024, 306\u00a0\u00e9l\u00e8ves accompagn\u00e9s sur la pause m\u00e9ridienne, soit 49,3\u00a0\u00e9quivalents temps plein d\u2019AESH recrut\u00e9s\u00a0\u00bb dans les Bouches-du-Rh\u00f4ne, se d\u00e9fend le minist\u00e8re dans sa r\u00e9ponse. En pr\u00e9cisant que \u00ab\u00a0tous les enfants en situation de handicap ne rel\u00e8vent pas d\u2019un besoin d\u2019accompagnement sur le temps de pause m\u00e9ridienne\u00a0\u00bb.<\/p>\n<p>\u00ab\u00a0Depuis la rentr\u00e9e 2025, la loi est appliqu\u00e9e \u00e0 Marseille, reconna\u00eet l\u2019adjointe (PM) charg\u00e9e du Handicap, Isabelle Laussine. Pour autant, c\u2019est chaotique, il n\u2019y a pas les moyens n\u00e9cessaires.\u00a0\u00bb Et de t\u00e9moigner\u00a0: \u00ab\u00a0Sur certaines \u00e9coles o\u00f9 il y avait 4 ou 5\u00a0AESH, il n\u2019y en a plus qu\u2019une, c\u2019est catastrophique\u00a0!\u00a0\u00bb Rien que pour Marseille, la municipalit\u00e9 estime les besoins \u00e0 plus de 400\u00a0AESH pour 600\u00a0enfants. D\u00e9sormais, ses services juridiques travaillent pour r\u00e9clamer \u00e0 l\u2019\u00e9tat les 3\u00a0millions d\u2019euros d\u00e9pens\u00e9s sur l\u2019ann\u00e9e scolaire pass\u00e9e, pour la prise en charge des \u00e9l\u00e8ves concern\u00e9s face \u00e0 la carence de l\u2019\u00e9tat.<\/p>\n","protected":false},"excerpt":{"rendered":"Sept mois apr\u00e8s avoir \u00e9t\u00e9 interpell\u00e9 par une question du d\u00e9put\u00e9 (PS) Laurent Lhardit, le gouvernement assure, dans&hellip;\n","protected":false},"author":2,"featured_media":499324,"comment_status":"","ping_status":"","sticky":false,"template":"","format":"standard","meta":{"footnotes":""},"categories":[2814],"tags":[1111,11,1777,674,1011,27,884,12,882,25,6381],"class_list":{"0":"post-499323","1":"post","2":"type-post","3":"status-publish","4":"format-standard","5":"has-post-thumbnail","7":"category-marseille","8":"tag-actu","9":"tag-actualites","10":"tag-eu","11":"tag-europe","12":"tag-fr","13":"tag-france","14":"tag-marseille","15":"tag-news","16":"tag-provence-alpes-cote-dazur","17":"tag-republique-francaise","18":"tag-ville-de-marseille"},"share_on_mastodon":{"url":"https:\/\/pubeurope.com\/@fr\/115461689422545474","error":""},"_links":{"self":[{"href":"https:\/\/www.europesays.com\/fr\/wp-json\/wp\/v2\/posts\/499323","targetHints":{"allow":["GET"]}}],"collection":[{"href":"https:\/\/www.europesays.com\/fr\/wp-json\/wp\/v2\/posts"}],"about":[{"href":"https:\/\/www.europesays.com\/fr\/wp-json\/wp\/v2\/types\/post"}],"author":[{"embeddable":true,"href":"https:\/\/www.europesays.com\/fr\/wp-json\/wp\/v2\/users\/2"}],"replies":[{"embeddable":true,"href":"https:\/\/www.europesays.com\/fr\/wp-json\/wp\/v2\/comments?post=499323"}],"version-history":[{"count":0,"href":"https:\/\/www.europesays.com\/fr\/wp-json\/wp\/v2\/posts\/499323\/revisions"}],"wp:featuredmedia":[{"embeddable":true,"href":"https:\/\/www.europesays.com\/fr\/wp-json\/wp\/v2\/media\/499324"}],"wp:attachment":[{"href":"https:\/\/www.europesays.com\/fr\/wp-json\/wp\/v2\/media?parent=499323"}],"wp:term":[{"taxonomy":"category","embeddable":true,"href":"https:\/\/www.europesays.com\/fr\/wp-json\/wp\/v2\/categories?post=499323"},{"taxonomy":"post_tag","embeddable":true,"href":"https:\/\/www.europesays.com\/fr\/wp-json\/wp\/v2\/tags?post=499323"}],"curies":[{"name":"wp","href":"https:\/\/api.w.org\/{rel}","templated":true}]}}