{"id":499328,"date":"2025-10-30T06:27:18","date_gmt":"2025-10-30T06:27:18","guid":{"rendered":"https:\/\/www.europesays.com\/fr\/499328\/"},"modified":"2025-10-30T06:27:18","modified_gmt":"2025-10-30T06:27:18","slug":"toute-lactualite-de-ce-jeudi-30-octobre-2025-a-lyon","status":"publish","type":"post","link":"https:\/\/www.europesays.com\/fr\/499328\/","title":{"rendered":"Toute l&rsquo;actualit\u00e9 de ce jeudi 30 octobre 2025 \u00e0 Lyon"},"content":{"rendered":"<p>A la une de l\u2019info \u00e0 Lyon : une nouvelle borne pour la ZTL, manifestation en soutien aux victimes de f\u00e9minicides, l\u2019homme qui a tu\u00e9 sa conjointe \u00e0 coups de couteaux \u00e0 Saint-Priest est pass\u00e9 aux aveux, Solidarit\u00e9s entre Femmes \u00e0 la rue et une vingtaine de femmes sans papiers et sans toit ont manifest\u00e9 \u00e0 Villeurbanne, des interdictions pour garantir la tranquillit\u00e9 publique pour la nuit d\u2019Halloween, les 40 ans d\u2019un groupe musique mythique \u00e0 Lyon\u2026<\/p>\n<p>ECOUTEZ LE 1\/4H LYONNAIS |\u2026 Toute l\u2019actualit\u00e9 de ce jeudi 30 octobre 2025<\/p>\n<p>LE 1\/4H LYONNAIS | jeudi 30 octobre 2025<\/p>\n<p><strong>ZTL<\/strong> : la troisi\u00e8me borne de contr\u00f4le d\u2019acc\u00e8s mise en service le 12 novembre reue Edouard Herriot<\/p>\n<p>Le <strong>collectif f\u00e9ministe Nous Toutes Rh\u00f4ne<\/strong> appelle \u00e0 un rassemblement ce jeudi 30 octobre \u00e0 18h. Sur la passerelle du palais de justice de Lyon en soutien aux <strong>victimes de f\u00e9minicides<\/strong>\u2026<\/p>\n<p>L\u2019<strong>homme qui a tu\u00e9 sa conjointe<\/strong> \u00e0 coups de couteau dimanche \u00e0 <strong>Saint-Priest<\/strong>, a \u00e9t\u00e9 mis en examen du chef d\u2019<strong>homicide par conjoint <\/strong>et incarc\u00e9r\u00e9. Lors de sa garde \u00e0 vue, il a reconnu les faits<\/p>\n<p>Le collectif <strong>Solidarit\u00e9s entre Femmes \u00e0 la rue<\/strong> et une vingtaine de <strong>femmes sans papiers et sans toit<\/strong> ont manifest\u00e9 hier devant les anciens locaux de la CPAM aux Gratte-Ciel<\/p>\n<p>La <strong>pr\u00e9fecture du Rh\u00f4ne<\/strong> a pris un ensemble d\u2019interdictions pour garantir la<strong> tranquillit\u00e9 publique <\/strong>pour la <strong>nuit d\u2019Halloween<\/strong>, vendredi soir. Depuis quelques ann\u00e9es, des <strong>violences urbaines<\/strong> \u00e9clatent lors de ces soir\u00e9es. En 2024, deux bus TCL avaient m\u00eame \u00e9t\u00e9 incendi\u00e9s \u00e0 Rillieux dans le quartier de la Velette<\/p>\n<p>Ecoutez aussi : <a href=\"https:\/\/www.lyondemain.fr\/restaurant-social-armee-du-salut-lyon\/\" target=\"_blank\" rel=\"noreferrer noopener nofollow\">Arm\u00e9e du Salut : un restaurant social mais pimpant\u2026<\/a><\/p>\n<p>Egalement dans l\u2019actualit\u00e9 de ce jeudi 30 octobre<\/p>\n<p>Le concert des <strong>40 ans de Voyage de Noz<\/strong>, c\u2019est le jeudi 4 d\u00e9c au<strong> Radiant-Bellevue \u00e0 Caluire<\/strong><\/p>\n<p><strong>St\u00e9phane P\u00e9trier,<\/strong> chanteur du <strong><a href=\"https:\/\/www.levoyagedenoz.com\/\" target=\"_blank\" rel=\"noreferrer noopener nofollow\">groupe<\/a> Voyage de Noz<\/strong>, est notre invit\u00e9<\/p>\n<blockquote class=\"instagram-media\" data-instgrm-captioned=\"\" data-instgrm-permalink=\"https:\/\/www.instagram.com\/p\/DP6oEeYCOwu\/?utm_source=ig_embed&amp;utm_campaign=loading\" data-instgrm-version=\"14\" style=\" background:#FFF; border:0; border-radius:3px; box-shadow:0 0 1px 0 rgba(0,0,0,0.5),0 1px 10px 0 rgba(0,0,0,0.15); margin: 1px; max-width:540px; min-width:326px; padding:0; width:99.375%; width:-webkit-calc(100% - 2px); width:calc(100% - 2px);\"\/>\n<p>Basket : Largement domin\u00e9e mardi par l\u2019Etoile Rouge \u00e0 Belgrade, l\u2019ASVEL va tenter de rebondir ce soir en Lituanie, \u00e0 Kaunas, face au Zalgiris<\/p>\n<p>Football: Ligue 1 : l\u2019OL a men\u00e9 3 \u00e0 0 face au Paris FC hier soir, avant de voir revenir les Parisiens. R\u00e9sultat : un point seulement pour l\u2019OL<\/p>\n<p>Ecoutez aussi : <a href=\"https:\/\/www.lyondemain.fr\/actualite-de-ce-mercredi-29-octobre-lyon-info-soin-des-souvenirs-anthony\/\" rel=\"nofollow noopener\" target=\"_blank\">Toute l\u2019actualit\u00e9 de ce mercredi 29 octobre 2025 \u00e0 Lyon<\/a><\/p>\n<p><img fetchpriority=\"high\" decoding=\"async\" width=\"1200\" height=\"675\" src=\"https:\/\/www.europesays.com\/fr\/wp-content\/uploads\/2025\/10\/actualite-de-ce-jeudi-30-octobre-2025.jpg\" alt=\"actualit\u00e9 de ce jeudi 30 octobre 2025 info \u00e0 Lyon\" class=\"wp-image-252208\"  \/>Retrouvez aussi le Quart d\u2019Heure Lyonnais de Lyon Demain sur les antennes de Radio Pluriel (Lyon). Radio Salam (Lyon, Saint-Etienne et Bourg) et Radio Arm\u00e9nie (Lyon et Vienne)<br \/>\nJ\u2019aime \u00e7a\u00a0:<\/p>\n<p>J\u2019aime chargement\u2026<\/p>\n<p><a class=\"sd-link-color\"\/><\/p>\n<p>\n\tArticles similaires\n<\/p>\n<p>\t\t\t\t<img decoding=\"async\" src=\"https:\/\/www.europesays.com\/fr\/wp-content\/uploads\/2025\/10\/1761805638_463_7866158698e17e8ed633c05e8f8e7fe5d9e057ad78661c4dc34e413abb6b9f19\" alt=\"G\u00e9rald Bouchon\"\/><\/p>\n<p>Pionnier des radios libres, passionn\u00e9 de radio, journaliste et dirigeant de m\u00e9dias \u00e9co-responsables..<\/p>\n<p>\t\t\t<script async src=\"\/\/www.instagram.com\/embed.js\"><\/script><\/p>\n","protected":false},"excerpt":{"rendered":"A la une de l\u2019info \u00e0 Lyon : une nouvelle borne pour la ZTL, manifestation en soutien aux&hellip;\n","protected":false},"author":2,"featured_media":499329,"comment_status":"","ping_status":"","sticky":false,"template":"","format":"standard","meta":{"footnotes":""},"categories":[1889],"tags":[1111,11,2190,2430,1777,674,21957,62168,1011,27,6438,20815,2428,12,978,9450,25,4605,62169,656,62170,19764,62171,16545,10252],"class_list":{"0":"post-499328","1":"post","2":"type-post","3":"status-publish","4":"format-standard","5":"has-post-thumbnail","7":"category-lyon","8":"tag-actu","9":"tag-actualites","10":"tag-asvel","11":"tag-auvergne-rhone-alpes","12":"tag-eu","13":"tag-europe","14":"tag-feminicides","15":"tag-femmes-a-la-rue","16":"tag-fr","17":"tag-france","18":"tag-groupe-de-musique","19":"tag-halloween","20":"tag-lyon","21":"tag-news","22":"tag-olympique-lyonnais","23":"tag-prefecture-du-rhone","24":"tag-republique-francaise","25":"tag-saint-priest","26":"tag-sans-papier","27":"tag-securite","28":"tag-stephane-petrier","29":"tag-tranquillite","30":"tag-voyage-de-noz","31":"tag-zone-a-trafic-limite","32":"tag-ztl"},"share_on_mastodon":{"url":"https:\/\/pubeurope.com\/@fr\/115461701229419924","error":""},"_links":{"self":[{"href":"https:\/\/www.europesays.com\/fr\/wp-json\/wp\/v2\/posts\/499328","targetHints":{"allow":["GET"]}}],"collection":[{"href":"https:\/\/www.europesays.com\/fr\/wp-json\/wp\/v2\/posts"}],"about":[{"href":"https:\/\/www.europesays.com\/fr\/wp-json\/wp\/v2\/types\/post"}],"author":[{"embeddable":true,"href":"https:\/\/www.europesays.com\/fr\/wp-json\/wp\/v2\/users\/2"}],"replies":[{"embeddable":true,"href":"https:\/\/www.europesays.com\/fr\/wp-json\/wp\/v2\/comments?post=499328"}],"version-history":[{"count":0,"href":"https:\/\/www.europesays.com\/fr\/wp-json\/wp\/v2\/posts\/499328\/revisions"}],"wp:featuredmedia":[{"embeddable":true,"href":"https:\/\/www.europesays.com\/fr\/wp-json\/wp\/v2\/media\/499329"}],"wp:attachment":[{"href":"https:\/\/www.europesays.com\/fr\/wp-json\/wp\/v2\/media?parent=499328"}],"wp:term":[{"taxonomy":"category","embeddable":true,"href":"https:\/\/www.europesays.com\/fr\/wp-json\/wp\/v2\/categories?post=499328"},{"taxonomy":"post_tag","embeddable":true,"href":"https:\/\/www.europesays.com\/fr\/wp-json\/wp\/v2\/tags?post=499328"}],"curies":[{"name":"wp","href":"https:\/\/api.w.org\/{rel}","templated":true}]}}