{"id":499338,"date":"2025-10-30T06:33:21","date_gmt":"2025-10-30T06:33:21","guid":{"rendered":"https:\/\/www.europesays.com\/fr\/499338\/"},"modified":"2025-10-30T06:33:21","modified_gmt":"2025-10-30T06:33:21","slug":"pourquoi-renaissance-se-divise-a-cause-des-municipales-a-paris","status":"publish","type":"post","link":"https:\/\/www.europesays.com\/fr\/499338\/","title":{"rendered":"pourquoi Renaissance se divise \u00e0 cause des municipales \u00e0 Paris"},"content":{"rendered":"<p class=\"article-p mdl\">Paris vaut-elle une division ? \u00c0 quatre mois des \u00e9lections municipales, Renaissance traverse une p\u00e9riode de turbulences. La raison ? Rachida Dati. Ou plut\u00f4t le soutien ou non \u00e0 la ministre de la Culture, candidate des R\u00e9publicains au scrutin des 15 et 22 mars prochain.<\/p>\n<p class=\"article-p mdl\">Apr\u00e8s plusieurs semaines de r\u00e9flexion, Renaissance a tranch\u00e9.\u00a0<a class=\"link\" href=\"https:\/\/www.rtl.fr\/actu\/politique\/municipales-a-paris-renaissance-officialise-son-soutien-a-pierre-yves-bournazel-7900559557\" title=\"Municipales \u00e0 Paris : Renaissance officialise son soutien \u00e0 Pierre-Yves Bournazel\" target=\"_blank\" rel=\"noopener\">Le parti soutient le candidat du parti d&rsquo;\u00c9douard Philippe, Horizons, Pierre-Yves Bournazel<\/a>. La d\u00e9cision a \u00e9t\u00e9 \u00ab\u00a0valid\u00e9e \u00e0 l&rsquo;unanimit\u00e9 moins deux voix\u00a0\u00bb, celle d&rsquo;Aurore Berg\u00e9 et de Marie Guenevoux, indique le parti dirig\u00e9 par Gabriel Attal dans un communiqu\u00e9.<\/p>\n<p class=\"article-p mdl\">\u00c0 premi\u00e8re vue, la d\u00e9cision semble contenter au sein de Renaissance, mais tr\u00e8s vite des divisions sont apparues. \u00c0 commencer par le d\u00e9put\u00e9 Sylvain Maillard qui plaidait pour un rapprochement avec Rachida Dati. Dans\u00a0<a class=\"link\" href=\"https:\/\/www.leparisien.fr\/elections\/municipales\/municipales-a-paris-je-ferai-campagne-aux-cotes-de-rachida-dati-annonce-sylvain-maillard-28-10-2025-D3AGOBWGJBGXRD2BL7PBLX2EH4.php?xtor=AD-366\" target=\"_blank\" rel=\"noopener\">Le Parisien<\/a>, il a indiqu\u00e9 \u00ab\u00a0se mettre en retrait\u00a0\u00bb de ses fonctions au sein du parti pr\u00e9sidentiel.<\/p>\n<p class=\"article-p mdl\">\u00ab\u00a0Je fais le choix de faire campagne aux c\u00f4t\u00e9s de Rachida Dati.<strong> J&rsquo;ai exprim\u00e9 mon d\u00e9saccord \u00e0 Gabriel Attal (&#8230;)<\/strong> Il a pris acte de mon choix d\u00e9finitif\u00a0\u00bb, a expliqu\u00e9 le d\u00e9put\u00e9 qui continuera pourtant \u00e0 si\u00e9ger au sein du groupe Ensemble pour la R\u00e9publique \u00e0 l&rsquo;Assembl\u00e9e.<\/p>\n<p>            \u00ab\u00a0Renaissance aura 55% de place dans ma liste\u00a0\u00bb<\/p>\n<p class=\"article-p mdl\">Pourquoi Renaissance a choisi de soutenir Pierre-Yves Bournazel ? Depuis l&rsquo;entr\u00e9e en campagne de Rachida Dati, le parti s&rsquo;est questionn\u00e9 sur la strat\u00e9gie \u00e0 adopter : faut-il se lancer dans la bataille, en ayant un candidat, portant l&rsquo;\u00e9tiquette Renaissance ? Faut-il soutenir un candidat ? Si oui, lequel ?\u00a0<\/p>\n<p class=\"article-p mdl\">Pour rappel, le cas Dati d\u00e9fie toute logique. Au moment de sa nomination au minist\u00e8re de la Culture dans le gouvernement de Fran\u00e7ois Bayrou, elle avait indiqu\u00e9 ne plus appartenir aux R\u00e9publicains. Puis, avan\u00e7ant ses pions pour les \u00e9lections municipales,\u00a0<a class=\"link\" href=\"https:\/\/www.rtl.fr\/actu\/politique\/paris-dati-officiellement-investie-par-lr-pour-les-municipales-la-guerre-avec-barnier-evitee-dans-la-2e-circonscription-7900534445\" title=\"Paris : Dati officiellement investie par LR pour les municipales, la guerre avec Barnier \u00e9vit\u00e9e dans la 2e circonscription\" target=\"_blank\" rel=\"noopener\">Rachida Dati avait finalement obtenu l&rsquo;investiture LR, au terme d&rsquo;un bras de fer avec Michel Barnier<\/a>. Mais depuis, elle a \u00e9t\u00e9 reconduite au gouvernement de S\u00e9bastien Lecornu, ce qui a eu comme cons\u00e9quence d&rsquo;aller contre la ligne dict\u00e9e par Bruno Retailleau. Ne pouvant pas se priver de celle qui est qualifi\u00e9e par un d\u00e9put\u00e9 LR \u00ab\u00a0comme la meilleure chance d&rsquo;\u00eatre \u00e9lue \u00e0 Paris pour la droite\u00a0\u00bb,\u00a0<a class=\"link\" href=\"https:\/\/www.rtl.fr\/actu\/politique\/rachida-dati-annie-genevard-les-six-ministres-lr-du-gouvernement-lecornu-suspendus-du-parti-7900557286\" title=\"Rachida Dati, Annie Genevard... Les six ministres LR du gouvernement Lecornu suspendus du parti\" target=\"_blank\" rel=\"noopener\">le pr\u00e9sident des R\u00e9publicains a maintenu son \u00e9tiquette LR<\/a>.\u00a0<\/p>\n<p class=\"article-p mdl\">Et Renaissance dans tout cela ?\u00a0Un sondage interne \u00e0 Renaissance, d\u00e9voil\u00e9 par\u00a0<a class=\"link\" href=\"https:\/\/www.leparisien.fr\/elections\/municipales\/le-sondage-secret-de-renaissance-sur-les-municipales-2026-a-paris-22-10-2025-XAQDKITWNBCDBNYHOICLZC2HSE.php\" target=\"_blank\" rel=\"noopener\">Le Parisien<\/a>\u00a0et r\u00e9alis\u00e9 en ao\u00fbt, \u00e9tudiait la projection d&rsquo;un soutien de Renaissance \u00e0 Pierre-Yves Bournazel. Sa liste a obtenu 14% des intentions de vote, face \u00e0 celle de Rachida Dati qui r\u00e9colterait 21% des voix. Le candidat socialiste, Emmanuel Gr\u00e9goire obtiendrait 22%, celle de l&rsquo;\u00e9cologiste David Belliard 14% et celle de l&rsquo;insoumise Sophie Chikirou, 13%. Ce qui a fait dire \u00e0 la direction de Renaissance : \u00ab\u00a0Avec notre soutien, Bournazel enclenche une dynamique\u00a0\u00bb.<\/p>\n<p class=\"article-p mdl\">Malgr\u00e9 de nombreux appels lanc\u00e9s par Cl\u00e9ment Beaune, le parti a d\u00e9cid\u00e9 de ne pas pr\u00e9senter de candidat \u00e0 Paris. \u00ab\u00a0Renaissance aura 55% de place dans ma liste, ainsi que dix t\u00eates de liste pour les mairies d&rsquo;arrondissement\u00a0\u00bb, a pr\u00e9cis\u00e9 Pierre-Yves Bournazel qui d\u00e9voile le contenu du deal pass\u00e9 avec la macronie au Parisien.\u00a0<\/p>\n<p>            Des r\u00e9ponses par m\u00e9dias interpos\u00e9s<\/p>\n<p class=\"article-p mdl\">Au lendemain de l&rsquo;officialisation de ce soutien, l&rsquo;ancien ministre d\u00e9l\u00e9gu\u00e9 charg\u00e9 de l&rsquo;Europe, <strong>Benjamin Haddad, <\/strong>s&rsquo;est positionn\u00e9 contre ce soutien et a aussi d\u00e9cid\u00e9 de rallier la campagne de Rachida Dati. La d\u00e9cision de Renaissance aboutit, selon lui, \u00e0 une \u00ab\u00a0division\u00a0\u00bb qui d\u00e9boucherait sur une \u00ab\u00a0machine \u00e0 perdre\u00a0\u00bb.<\/p>\n<p>\u00ab\u00a0Comment va-t-on expliquer \u00e0 nos militants que l&rsquo;on va jouer un coup perdant pour soutenir un candidat appelant \u00e0 la d\u00e9mission du pr\u00e9sident de la R\u00e9publique ?\u00a0\u00bb, a-t-il ajout\u00e9. Sur\u00a0<a class=\"link\" href=\"https:\/\/www.radiofrance.fr\/franceinfo\/podcasts\/8h30-franceinfo\/deal-sur-le-budget-municipales-a-paris-et-violences-faites-aux-femmes-le-8h30-franceinfo-d-aurore-berge-1852767\" target=\"_blank\" rel=\"noopener\">Franceinfo<\/a>, la ministre d\u00e9l\u00e9gu\u00e9e <strong>Aurore Berg\u00e9<\/strong> a d\u00e9clar\u00e9 qu&rsquo;elle \u00ab\u00a0soutiendrait\u00a0\u00bb la candidature de Rachida Dati, \u00ab\u00a0qui soutient le pr\u00e9sident de la R\u00e9publique sans aucune ambigu\u00eft\u00e9\u00a0\u00bb.\u00a0<\/p>\n<p>En r\u00e9action, 41 cadres et \u00e9lus parisiens de Renaissance, dont <strong>David Amiel, Olivia Gr\u00e9goire et Astrid Panosyan-Bouvet<\/strong>, justifient, dans une tribune \u00e0\u00a0<a class=\"link\" href=\"https:\/\/www.lopinion.fr\/politique\/pour-lalternance-avec-pierre-yves-bournazel-par-41-membres-parisiens-du-parti-renaissance\" target=\"_blank\" rel=\"noopener\">L&rsquo;Opinion<\/a>, leur soutien \u00e0 Pierre-Yves Bournazel. Ils y d\u00e9noncent la \u00ab\u00a0foire d&#8217;empoigne\u00a0\u00bb des Conseils de Paris, o\u00f9 Rachida Dati m\u00e8ne l&rsquo;opposition \u00e0 Anne Hidalgo.\u00a0<\/p>\n<p>Quant \u00e0 Rachida Dati, la candidate LR a d\u00e9j\u00e0 r\u00e9pliqu\u00e9 en s&rsquo;affichant avec Sylvain Maillard et Benjamin Haddad. Sur LCI, elle attaque Gabriel Attal, sans d\u00e9tours : \u00ab\u00a0Il disait lui-m\u00eame qu&rsquo;il ne comprenait pas les d\u00e9cisions du pr\u00e9sident de la R\u00e9publique. Je suis peut-\u00eatre d&rsquo;accord avec lui sur une d\u00e9cision : je n&rsquo;ai pas compris pourquoi il avait nomm\u00e9 Gabriel Attal, Premier ministre (&#8230;) Gabriel Attal doit tout \u00e0 Emmanuel Macron\u00a0\u00bb.\u00a0<\/p>\n<p>    La r\u00e9daction vous recommande<\/p>\n<p class=\"s-newsletter__title\">\n                L\u2019actualit\u00e9 par la r\u00e9daction de RTL dans votre bo\u00eete mail.\n            <\/p>\n<p class=\"s-newsletter__subtitle\">\n                Gr\u00e2ce \u00e0 votre compte RTL abonnez-vous \u00e0 la newsletter RTL info pour suivre toute l&rsquo;actualit\u00e9 au quotidien\n            <\/p>\n<p>\n                                    Lire la suite\n                                <\/p>\n","protected":false},"excerpt":{"rendered":"Paris vaut-elle une division ? \u00c0 quatre mois des \u00e9lections municipales, Renaissance traverse une p\u00e9riode de turbulences. La&hellip;\n","protected":false},"author":2,"featured_media":499339,"comment_status":"","ping_status":"","sticky":false,"template":"","format":"standard","meta":{"footnotes":""},"categories":[1888],"tags":[11,4188,34756,1073,1777,674,107,1011,27,4410,12,626,3370,25],"class_list":{"0":"post-499338","1":"post","2":"type-post","3":"status-publish","4":"format-standard","5":"has-post-thumbnail","7":"category-paris","8":"tag-actualites","9":"tag-elections-municipales","10":"tag-elections-municipales-a-paris","11":"tag-emmanuel-macron","12":"tag-eu","13":"tag-europe","14":"tag-fil-info","15":"tag-fr","16":"tag-france","17":"tag-gabriel-attal","18":"tag-news","19":"tag-paris","20":"tag-renaissance","21":"tag-republique-francaise"},"share_on_mastodon":{"url":"https:\/\/pubeurope.com\/@fr\/115461724813160705","error":""},"_links":{"self":[{"href":"https:\/\/www.europesays.com\/fr\/wp-json\/wp\/v2\/posts\/499338","targetHints":{"allow":["GET"]}}],"collection":[{"href":"https:\/\/www.europesays.com\/fr\/wp-json\/wp\/v2\/posts"}],"about":[{"href":"https:\/\/www.europesays.com\/fr\/wp-json\/wp\/v2\/types\/post"}],"author":[{"embeddable":true,"href":"https:\/\/www.europesays.com\/fr\/wp-json\/wp\/v2\/users\/2"}],"replies":[{"embeddable":true,"href":"https:\/\/www.europesays.com\/fr\/wp-json\/wp\/v2\/comments?post=499338"}],"version-history":[{"count":0,"href":"https:\/\/www.europesays.com\/fr\/wp-json\/wp\/v2\/posts\/499338\/revisions"}],"wp:featuredmedia":[{"embeddable":true,"href":"https:\/\/www.europesays.com\/fr\/wp-json\/wp\/v2\/media\/499339"}],"wp:attachment":[{"href":"https:\/\/www.europesays.com\/fr\/wp-json\/wp\/v2\/media?parent=499338"}],"wp:term":[{"taxonomy":"category","embeddable":true,"href":"https:\/\/www.europesays.com\/fr\/wp-json\/wp\/v2\/categories?post=499338"},{"taxonomy":"post_tag","embeddable":true,"href":"https:\/\/www.europesays.com\/fr\/wp-json\/wp\/v2\/tags?post=499338"}],"curies":[{"name":"wp","href":"https:\/\/api.w.org\/{rel}","templated":true}]}}