{"id":499342,"date":"2025-10-30T06:35:20","date_gmt":"2025-10-30T06:35:20","guid":{"rendered":"https:\/\/www.europesays.com\/fr\/499342\/"},"modified":"2025-10-30T06:35:20","modified_gmt":"2025-10-30T06:35:20","slug":"trump-qualifie-de-grand-succes-sa-rencontre-avec-xi-jinping","status":"publish","type":"post","link":"https:\/\/www.europesays.com\/fr\/499342\/","title":{"rendered":"Trump qualifie de \u00ab\u00a0grand succ\u00e8s\u00a0\u00bb sa rencontre avec Xi Jinping\u2026"},"content":{"rendered":"<p>Trump assure que Washington et P\u00e9kin vont \u00ab\u00a0travailler ensemble\u00a0\u00bb sur la guerre en Ukraine<\/p>\n<p> \u00abL\u2019Ukraine a \u00e9t\u00e9 abord\u00e9e de mani\u00e8re tr\u00e8s forte. Nous en avons parl\u00e9 pendant longtemps, et nous allons tous les deux travailler ensemble pour voir si nous pouvons obtenir quelque chose\u00a0\u00bb, a d\u00e9clar\u00e9 Donald Trump aux journalistes \u00e0 bord d\u2019Air Force One apr\u00e8s sa rencontre avec Xi Jinping.<\/p>\n<p>Trump qualifie de \u00ab\u00a0grand succ\u00e8s\u00a0\u00bb sa rencontre avec Xi<\/p>\n<p>Le pr\u00e9sident am\u00e9ricain a qualifi\u00e9 de \u00ab\u00a0grand succ\u00e8s\u00a0\u00bb sa rencontre ce jeudi en Cor\u00e9e du Sud avec son homologue chinois Xi Jinping. Il a \u00e9galement annonc\u00e9 qu\u2019il se rendrait en Chine en avril prochain pour de nouvelles discussions.<\/p>\n<p>Trump relance les essais des armes nucl\u00e9aires am\u00e9ricaines<\/p>\n<p>Donald Trump vient d\u2019ordonner \u00e0 son minist\u00e8re de la D\u00e9fense de \u00ab\u00a0commencer \u00e0 tester\u00a0\u00bb les armes nucl\u00e9aires des Etats-Unis, apr\u00e8s que son homologue russe Vladimir Poutine l\u2019a d\u00e9fi\u00e9 avec un test d\u2019un drone sous-marin \u00e0 capacit\u00e9 nucl\u00e9aire.<\/p>\n<p>\u00ab\u00a0En raison des programmes d\u2019essais men\u00e9s par d\u2019autres pays, j\u2019ai demand\u00e9 au minist\u00e8re de la Guerre de commencer \u00e0 tester nos armes nucl\u00e9aires sur un pied d\u2019\u00e9galit\u00e9. Ce processus commencera imm\u00e9diatement\u00a0\u00bb, a d\u00e9clar\u00e9 le pr\u00e9sident am\u00e9ricain sur son r\u00e9seau Truth Social.<\/p>\n<p>Bienvenue dans ce nouveau Live<\/p>\n<p>Bonjour \u00e0 toutes et \u00e0 tous. Comme chaque jour, la r\u00e9daction de 20 Minutes est mobilis\u00e9e pour vous donner l\u2019ensemble des informations sur le conflit entre Kiev et Moscou.<\/p>\n<p>Malgr\u00e9 les nombreuses tentatives de Donald Trump pour trouver un chemin vers la paix entre Volodymyr Zelensky et Vladimir Poutine, sur le terrain les armes continuent de parler. Ce jeudi, lors d\u2019une rencontre tr\u00e8s attendue en Cor\u00e9e du Sud le pr\u00e9sident am\u00e9ricain a tent\u00e9 de rallier son homologue chinois \u00e0 sa cause. A voir maintenant si Xi Jinping acceptera r\u00e9ellement d\u2019inciter le ma\u00eetre du Kremlin \u00e0 cesser les combats.<\/p>\n","protected":false},"excerpt":{"rendered":"Trump assure que Washington et P\u00e9kin vont \u00ab\u00a0travailler ensemble\u00a0\u00bb sur la guerre en Ukraine \u00abL\u2019Ukraine a \u00e9t\u00e9 abord\u00e9e&hellip;\n","protected":false},"author":2,"featured_media":499343,"comment_status":"","ping_status":"","sticky":false,"template":"","format":"standard","meta":{"footnotes":""},"categories":[1590],"tags":[47,11,309,75,73,1777,674,131,74,12,132,220,133,135,134],"class_list":{"0":"post-499342","1":"post","2":"type-post","3":"status-publish","4":"format-standard","5":"has-post-thumbnail","7":"category-ukraine","8":"tag-actualite","9":"tag-actualites","10":"tag-chine","11":"tag-donald-trump","12":"tag-etats-unis","13":"tag-eu","14":"tag-europe","15":"tag-guerre-en-ukraine","16":"tag-monde","17":"tag-news","18":"tag-russie","19":"tag-ukraine","20":"tag-video","21":"tag-vladimir-poutine","22":"tag-volodymyr-zelensky"},"share_on_mastodon":{"url":"https:\/\/pubeurope.com\/@fr\/115461732711375538","error":""},"_links":{"self":[{"href":"https:\/\/www.europesays.com\/fr\/wp-json\/wp\/v2\/posts\/499342","targetHints":{"allow":["GET"]}}],"collection":[{"href":"https:\/\/www.europesays.com\/fr\/wp-json\/wp\/v2\/posts"}],"about":[{"href":"https:\/\/www.europesays.com\/fr\/wp-json\/wp\/v2\/types\/post"}],"author":[{"embeddable":true,"href":"https:\/\/www.europesays.com\/fr\/wp-json\/wp\/v2\/users\/2"}],"replies":[{"embeddable":true,"href":"https:\/\/www.europesays.com\/fr\/wp-json\/wp\/v2\/comments?post=499342"}],"version-history":[{"count":0,"href":"https:\/\/www.europesays.com\/fr\/wp-json\/wp\/v2\/posts\/499342\/revisions"}],"wp:featuredmedia":[{"embeddable":true,"href":"https:\/\/www.europesays.com\/fr\/wp-json\/wp\/v2\/media\/499343"}],"wp:attachment":[{"href":"https:\/\/www.europesays.com\/fr\/wp-json\/wp\/v2\/media?parent=499342"}],"wp:term":[{"taxonomy":"category","embeddable":true,"href":"https:\/\/www.europesays.com\/fr\/wp-json\/wp\/v2\/categories?post=499342"},{"taxonomy":"post_tag","embeddable":true,"href":"https:\/\/www.europesays.com\/fr\/wp-json\/wp\/v2\/tags?post=499342"}],"curies":[{"name":"wp","href":"https:\/\/api.w.org\/{rel}","templated":true}]}}