{"id":499345,"date":"2025-10-30T06:37:32","date_gmt":"2025-10-30T06:37:32","guid":{"rendered":"https:\/\/www.europesays.com\/fr\/499345\/"},"modified":"2025-10-30T06:37:32","modified_gmt":"2025-10-30T06:37:32","slug":"declaration-conjointe-sur-lelevation-des-relations-vietnam","status":"publish","type":"post","link":"https:\/\/www.europesays.com\/fr\/499345\/","title":{"rendered":"D\u00e9claration conjointe sur l\u2019\u00e9l\u00e9vation des relations Vietnam"},"content":{"rendered":"<p style=\"text-align:\">Dans le cadre de la visite officielle du secr\u00e9taire g\u00e9n\u00e9ral du Parti communiste du Vietnam (PCV), T\u00f4 L\u00e2m, au Royaume-Uni, le 29 octobre (heure locale), le Premier ministre britannique Keir Starmer et le secr\u00e9taire g\u00e9n\u00e9ral T\u00f4 L\u00e2m ont publi\u00e9 une D\u00e9claration conjointe annon\u00e7ant l\u2019\u00e9l\u00e9vation des relations Vietnam &#8211; Royaume-Uni au niveau de Partenariat strat\u00e9gique global.<\/p>\n<p><a href=\"https:\/\/lecourrier.vn\/le-secretaire-general-to-lam-rencontre-le-president-de-la-chambre-des-communes\/1294157.html\" title=\"Le secr\u00e9taire g\u00e9n\u00e9ral T\u00f4 L\u00e2m rencontre le pr\u00e9sident de la Chambre des communes\" target=\"_blank\" rel=\"noopener\">&gt;&gt; Le secr\u00e9taire g\u00e9n\u00e9ral T\u00f4 L\u00e2m rencontre le pr\u00e9sident de la Chambre des communes<\/a><\/p>\n<p><a href=\"https:\/\/lecourrier.vn\/to-lam-rencontre-le-groupe-parlementaire-damitie-multipartite-avec-le-vietnam\/1294158.html\" title=\"T\u00f4 L\u00e2m rencontre le Groupe parlementaire d\u2019amiti\u00e9 multipartite avec le Vietnam\" target=\"_blank\" rel=\"noopener\">&gt;&gt; T\u00f4 L\u00e2m rencontre le Groupe parlementaire d\u2019amiti\u00e9 multipartite avec le Vietnam<\/a><\/p>\n<p><a href=\"https:\/\/lecourrier.vn\/le-vietnam-et-le-royaume-uni-elevent-leurs-relations-au-rang-de-partenariat-strategique-global\/1294159.html\" title=\"Le Vietnam et le Royaume-Uni \u00e9l\u00e8vent leurs relations au rang de Partenariat strat\u00e9gique global\" target=\"_blank\" rel=\"noopener\">&gt;&gt; Le Vietnam et le Royaume-Uni \u00e9l\u00e8vent leurs relations au rang de Partenariat strat\u00e9gique global<\/a><\/p>\n<tr>\n<td class=\"pic\"><img decoding=\"async\" class=\"lazyload\" src=\"https:\/\/www.europesays.com\/fr\/wp-content\/uploads\/2025\/10\/070820-vna_potal_le_don_chinh_thuc_tong_bi_thu_to_lam_tham_chinh_thuc_lien_hiep_vuong_quoc_anh_va_ba.jpeg\" alt=\"\"\/><\/td>\n<\/tr>\n<tr>\n<td class=\"caption\">Le secr\u00e9taire g\u00e9n\u00e9ral du Parti communiste du Vietnam (PCV), T\u00f4 L\u00e2m (gauche), et\u00a0le Premier ministre britannique Keir Starmer, le 29 octobre \u00e0 Londres.<\/td>\n<\/tr>\n<tr align=\"right\">\n<td class=\"author\">Photo : VNA\/CVN<\/td>\n<\/tr>\n<p style=\"text-align:left\">La D\u00e9claration conjointe constate qu\u2019au terme de plus d\u2019un demi-si\u00e8cle de relations diplomatiques, \u00e9tablies en 1973, et de 15 ans de partenariat strat\u00e9gique, les deux pays ont construit un partenariat solide et de long terme, fond\u00e9 sur le respect mutuel et une vision commune d\u2019un avenir s\u00fbr, prosp\u00e8re et durable.<\/p>\n<p style=\"text-align:left\">\u00c0 l\u2019occasion de la visite officielle au Royaume-Uni du 28 au 30 octobre du secr\u00e9taire g\u00e9n\u00e9ral du Parti communiste du Vietnam (PCV), T\u00f4 L\u00e2m, \u00e0 l\u2019invitation du Premier ministre britannique Keir Starmer, les deux dirigeants ont convenu d\u2019\u00e9lever les relations bilat\u00e9rales au niveau de Partenariat strat\u00e9gique global, de renforcer leur coop\u00e9ration autour de six piliers principaux, couvrant la politique, la diplomatie, la d\u00e9fense et la s\u00e9curit\u00e9, l\u2019\u00e9conomie, la science et la technologie, l\u2019\u00e9ducation, l\u2019\u00e9nergie et les \u00e9changes culturels&#8230;<\/p>\n<p style=\"text-align:left\"><b>Consolider la confiance politique et coop\u00e9rer \u00e9troitement<\/b><\/p>\n<p style=\"text-align:left\">Les deux parties se sont engag\u00e9es \u00e0 consolider la confiance politique par les \u00e9changes de visites et les contacts de haut niveau, \u00e0 coop\u00e9rer \u00e9troitement dans les forums multilat\u00e9raux et organisations internationales et \u00e0 jouer un r\u00f4le de passerelle entre le Royaume-Uni, l\u2019ASEAN et ses membres, \u00e0 promouvoir la connectivit\u00e9 entre le Royaume-Uni et la sous-r\u00e9gion du M\u00e9kong&#8230;<\/p>\n<p style=\"text-align:left\">Les deux pays ont salu\u00e9 leur coop\u00e9ration dans le cadre du M\u00e9morandum sur la d\u00e9fense. Les deux parties se sont engag\u00e9es \u00e0 coop\u00e9rer en mati\u00e8re de s\u00e9curit\u00e9 maritime. Elles ont \u00e9galement convenu d\u2019\u00e9tablir un Partenariat renforc\u00e9 sur la migration afin de r\u00e9duire l\u2019immigration ill\u00e9gale et d\u2019acc\u00e9l\u00e9rer le rapatriement des migrants en situation irr\u00e9guli\u00e8re.<\/p>\n<p style=\"text-align:left\">Sur le plan \u00e9conomique, les deux parties ont r\u00e9affirm\u00e9 leur engagement \u00e0 continuer de renforcer la coop\u00e9ration \u00e9conomique &#8211; un pilier important des relations bilat\u00e9rales, \u00e0 promouvoir un commerce libre, \u00e9quitable, inclusif et durable. Les deux parties se sont engag\u00e9es \u00e0 coop\u00e9rer afin de promouvoir et de renforcer le commerce et l\u2019investissement sur la base de la non-discrimination et des avantages mutuels.<\/p>\n<p style=\"text-align:left\">Les deux parties ont r\u00e9affirm\u00e9 leur engagement \u00e0 coop\u00e9rer \u00e9troitement pour assurer la mise en \u0153uvre et l\u2019\u00e9valuation efficaces de l\u2019Accord de libre-\u00e9change entre le Vietnam et le Royaume-Uni (UKVFTA) ainsi que de l\u2019Accord de partenariat transpacifique global et progressiste (CPTPP).<\/p>\n<p style=\"text-align:left\">Les deux parties sont convenues de renforcer leur coop\u00e9ration dans le d\u00e9veloppement des Centres financiers internationaux du Vietnam \u00e0 H\u00f4 Chi Minh-Ville et \u00e0 D\u00e0 Nang, d\u2019intensifier leur collaboration \u00e0 travers la mobilisation de financements verts afin de promouvoir une croissance verte et \u00e0 faibles \u00e9missions, et d\u2019\u00e9largir leur coop\u00e9ration en mati\u00e8re de finance commerciale&#8230;<\/p>\n<p style=\"text-align:left\">Les deux parties se sont engag\u00e9es \u00e0 renforcer leur coop\u00e9ration dans les domaines de la science et de la technologie, de l\u2019innovation et de la transformation num\u00e9rique, reconnaissant qu\u2019il s\u2019agit de moteurs essentiels du d\u00e9veloppement durable et inclusif.<\/p>\n<p style=\"text-align:left\">Les deux parties se sont engag\u00e9es \u00e0 promouvoir l\u2019acc\u00e8s de la population \u00e0 des services de sant\u00e9 de qualit\u00e9, tout en construisant des syst\u00e8mes de sant\u00e9 efficaces, durables et r\u00e9silients&#8230;<\/p>\n<p style=\"text-align:left\">Elles ont r\u00e9affirm\u00e9 leur engagement commun \u00e0 promouvoir la transition \u00e9nerg\u00e9tique propre, juste et durable, avec pour objectif la neutralit\u00e9 carbone d\u2019ici 2050. Le Vietnam et le Royaume-Uni accorderont la priorit\u00e9 aux objectifs de transition \u00e9nerg\u00e9tique verte, notamment \u00e0 travers la mise en \u0153uvre efficace du cadre du Partenariat pour une transition \u00e9nerg\u00e9tique juste (JETP) destin\u00e9 au Vietnam.<\/p>\n<p style=\"text-align:left\">Les deux parties sont convenues d\u2019\u00e9tablir un Partenariat pour l\u2019\u00e9nergie propre Vietnam &#8211; Royaume-Uni entre le minist\u00e8re vietnamien de l\u2019Industrie et du Commerce et les organismes comp\u00e9tents du Royaume-Uni.<\/p>\n<tr>\n<td class=\"pic\"><img decoding=\"async\" class=\"lazyload\" src=\"https:\/\/www.europesays.com\/fr\/wp-content\/uploads\/2025\/10\/063038-vna_potal_le_don_chinh_thuc_tong_bi_thu_to_lam_tham_chinh_thuc_lien_hiep_vuong_quoc_anh_va_ba.jpeg\" alt=\"\"\/><\/td>\n<\/tr>\n<tr>\n<td class=\"caption\">Le secr\u00e9taire g\u00e9n\u00e9ral du PCV, T\u00f4 L\u00e2m (gauche), et le Premier ministre britannique Keir Starmer, ont publi\u00e9 une D\u00e9claration commune portant sur les relations bilat\u00e9rales au niveau de Partenariat strat\u00e9gique global.<\/td>\n<\/tr>\n<tr align=\"right\">\n<td class=\"author\">Photo : VNA\/CVN<\/td>\n<\/tr>\n<p style=\"text-align:left\">Le Vietnam et le Royaume-Uni sont convenus de renforcer leur coop\u00e9ration dans la gestion des risques climatiques&#8230;<\/p>\n<p style=\"text-align:left\">Dans le domaine de l\u2019\u00e9ducation, les deux pays ont reconnu que l\u2019\u00e9ducation et la formation constituent un pilier du d\u00e9veloppement humain et durable, et se sont accord\u00e9s pour intensifier les \u00e9changes universitaires, encourager la mise en place de nouveaux programmes de partenariat et le renforcement de la coop\u00e9ration entre les \u00e9tablissements d\u2019enseignement sup\u00e9rieur, de formation professionnelle et secondaire, \u00e0 travers l\u2019\u00e9change d\u2019enseignants, de chercheurs et d\u2019\u00e9tudiants, notamment dans les domaines de l\u2019intelligence artificielle, des semi-conducteurs, des biotechnologies, de la pharmacie et de l\u2019a\u00e9ronautique-spatiale.<\/p>\n<p style=\"text-align:left\">Les deux parties ont \u00e9galement convenu de promouvoir la coop\u00e9ration culturelle, sportive et touristique.<\/p>\n<p style=\"text-align:left\">Les deux parties ont r\u00e9affirm\u00e9 leur engagement commun \u00e0 promouvoir et prot\u00e9ger les droits de l\u2019homme, conform\u00e9ment \u00e0 la Charte des Nations unies et au droit international, et \u00e0 poursuivre un dialogue constructif dans le cadre du Conseil des droits de l\u2019homme&#8230;<\/p>\n<p style=\"text-align:left\">Les deux pays ont r\u00e9affirm\u00e9 leur engagement en faveur d\u2019une r\u00e9gion Indo-Pacifique libre, ouverte et inclusive ; ils ont soulign\u00e9 l\u2019importance du maintien de la paix, de la stabilit\u00e9, de la s\u00e9curit\u00e9, de la s\u00fbret\u00e9 et de la libert\u00e9 de navigation et de survol dans les mers et les oc\u00e9ans, ainsi que du r\u00e8glement pacifique des diff\u00e9rends sur la base du droit international, de la Charte des Nations unies et de la Convention des Nations unies sur le droit de la mer de 1982 (CNUDM).<\/p>\n<p style=\"text-align:left\">Ils ont appel\u00e9 les pays de la r\u00e9gion \u00e0 appliquer pleinement et efficacement la D\u00e9claration sur la conduite des parties en Mer Orientale (DOC) de 2002 et \u00e0 soutenir les efforts actuels visant \u00e0 parvenir \u00e0 un Code de conduite (COC) pratique et substantiel, conforme au droit international et \u00e0 la CNUDM de 1982.<\/p>\n<p style=\"text-align:left\">Les deux minist\u00e8res des Affaires \u00e9trang\u00e8res \u00e9laboreront conjointement un plan d\u2019action pour concr\u00e9tiser les objectifs de cette D\u00e9claration conjointe.<\/p>\n<p style=\"text-align:right\"><b>VNA\/CVN<\/b><\/p>\n","protected":false},"excerpt":{"rendered":"Dans le cadre de la visite officielle du secr\u00e9taire g\u00e9n\u00e9ral du Parti communiste du Vietnam (PCV), T\u00f4 L\u00e2m,&hellip;\n","protected":false},"author":2,"featured_media":499346,"comment_status":"","ping_status":"","sticky":false,"template":"","format":"standard","meta":{"footnotes":""},"categories":[1588],"tags":[11,1777,674,12,10811,473,1853,20450,1851,1850,1852,951],"class_list":{"0":"post-499345","1":"post","2":"type-post","3":"status-publish","4":"format-standard","5":"has-post-thumbnail","7":"category-royaume-uni","8":"tag-actualites","9":"tag-eu","10":"tag-europe","11":"tag-news","12":"tag-relations","13":"tag-royaume-uni","14":"tag-royaume-uni-de-grande-bretagne-et-dirlande-du-nord","15":"tag-to-lam","16":"tag-uk","17":"tag-united-kingdom","18":"tag-united-kingdom-of-great-britain-and-northern-ireland","19":"tag-vietnam"},"share_on_mastodon":{"url":"https:\/\/pubeurope.com\/@fr\/115461741368081519","error":""},"_links":{"self":[{"href":"https:\/\/www.europesays.com\/fr\/wp-json\/wp\/v2\/posts\/499345","targetHints":{"allow":["GET"]}}],"collection":[{"href":"https:\/\/www.europesays.com\/fr\/wp-json\/wp\/v2\/posts"}],"about":[{"href":"https:\/\/www.europesays.com\/fr\/wp-json\/wp\/v2\/types\/post"}],"author":[{"embeddable":true,"href":"https:\/\/www.europesays.com\/fr\/wp-json\/wp\/v2\/users\/2"}],"replies":[{"embeddable":true,"href":"https:\/\/www.europesays.com\/fr\/wp-json\/wp\/v2\/comments?post=499345"}],"version-history":[{"count":0,"href":"https:\/\/www.europesays.com\/fr\/wp-json\/wp\/v2\/posts\/499345\/revisions"}],"wp:featuredmedia":[{"embeddable":true,"href":"https:\/\/www.europesays.com\/fr\/wp-json\/wp\/v2\/media\/499346"}],"wp:attachment":[{"href":"https:\/\/www.europesays.com\/fr\/wp-json\/wp\/v2\/media?parent=499345"}],"wp:term":[{"taxonomy":"category","embeddable":true,"href":"https:\/\/www.europesays.com\/fr\/wp-json\/wp\/v2\/categories?post=499345"},{"taxonomy":"post_tag","embeddable":true,"href":"https:\/\/www.europesays.com\/fr\/wp-json\/wp\/v2\/tags?post=499345"}],"curies":[{"name":"wp","href":"https:\/\/api.w.org\/{rel}","templated":true}]}}