{"id":499347,"date":"2025-10-30T06:38:13","date_gmt":"2025-10-30T06:38:13","guid":{"rendered":"https:\/\/www.europesays.com\/fr\/499347\/"},"modified":"2025-10-30T06:38:13","modified_gmt":"2025-10-30T06:38:13","slug":"lafd-veut-faire-du-bitcoin-un-actif-strategique-en-allemagne","status":"publish","type":"post","link":"https:\/\/www.europesays.com\/fr\/499347\/","title":{"rendered":"L\u2019AfD veut faire du Bitcoin un actif strat\u00e9gique en Allemagne"},"content":{"rendered":"<p>                            7h00 \u25aa<br \/>\n                        5<br \/>\n            min de lecture \u25aa par<br \/>\n            Luc Jose A.<\/p>\n<p>        R\u00e9sumer cet article avec :<\/p>\n<p>ChatGPTPerplexityGrok<\/p>\n<p>Tandis que l\u2019Union europ\u00e9enne s\u2019appr\u00eate \u00e0 d\u00e9ployer pleinement le r\u00e8glement MiCA d\u2019ici la fin de l\u2019ann\u00e9e, l\u2019Allemagne fait entendre une voix discordante. Le principal parti d\u2019opposition, l\u2019AfD, vient de d\u00e9poser une motion choc au Bundestag. Il r\u00e9clame que le bitcoin soit reconnu comme un actif strat\u00e9gique de r\u00e9serve, distinct des autres cryptos. Cette prise de position inattendue remet en question l\u2019uniformit\u00e9 du cadre r\u00e9glementaire europ\u00e9en et pourrait ouvrir la voie \u00e0 une r\u00e9vision du traitement institutionnel du bitcoin au sein des \u00c9tats membres.<\/p>\n<p><img decoding=\"async\" src=\"data:image\/svg+xml,%3Csvg%20xmlns=\" http:=\"\" data-lazy- data-lazy- class=\"post-cover-image--img\" alt=\"Un d&#xE9;put&#xE9; de l&#x2019;AfD est positionn&#xE9; au centre de l&#x2019;h&#xE9;micycle du Bundestag. Le personnage est debout &#xE0; la tribune, bras lev&#xE9; au-dessus de sa t&#xEA;te, brandissant un Bitcoin.\" data-lazy-src=\"https:\/\/www.europesays.com\/fr\/wp-content\/uploads\/2025\/10\/Bitcoin-AfD-1024x683.png\"\/><\/p>\n<p>      En bref<\/p>\n<ul>\n<li>L\u2019AfD, principal parti d\u2019opposition allemand, a d\u00e9pos\u00e9 une motion au Bundestag pour faire reconna\u00eetre le Bitcoin comme un actif strat\u00e9gique de r\u00e9serve.<\/li>\n<li>Le parti estime que Bitcoin, en tant que technologie d\u00e9centralis\u00e9e, doit \u00eatre exclu du cadre r\u00e9glementaire MiCA appliqu\u00e9 aux cryptos.<\/li>\n<li>La motion d\u00e9fend plusieurs mesures : maintien de l\u2019exon\u00e9ration fiscale, droit \u00e0 l\u2019auto-conservation, et int\u00e9gration potentielle du Bitcoin aux r\u00e9serves nationales.<\/li>\n<li>Cette initiative s\u2019ins\u00e8re dans une dynamique europ\u00e9enne plus large, avec des appels similaires en France \u00e0 revoir ou assouplir MiCA.<\/li>\n<\/ul>\n<p>Une motion parlementaire pour reconna\u00eetre le bitcoin comme actif strat\u00e9gique<\/p>\n<p>Dans une motion d\u00e9pos\u00e9e le 26\u00a0octobre au Bundestag, le parti d\u2019opposition Alternative f\u00fcr Deutschland (AfD) appelle le gouvernement allemand \u00e0 faire du bitcoin un actif strat\u00e9gique, \u00e0 distinguer des autres cryptos r\u00e9gul\u00e9s par le cadre europ\u00e9en MiCA, <a href=\"https:\/\/www.cointribune.com\/crypto-lallemagne-aurait-laisse-file-5-milliards-en-bitcoin\/\" target=\"_blank\" rel=\"noreferrer noopener nofollow\">alors que le pays aurait laiss\u00e9 fil\u00e9 5\u00a0milliards en BTC<\/a>.<\/p>\n<p>Le texte s\u2019inqui\u00e8te de l\u2019impact de la r\u00e9gulation actuelle sur l\u2019\u00e9cosyst\u00e8me local, et <a href=\"https:\/\/dserver.bundestag.de\/btd\/21\/023\/2102301.pdf\" target=\"_blank\" rel=\"noreferrer noopener nofollow\">estime<\/a> que \u00ab\u2009l\u2019hyper-r\u00e9gulation des prestataires de services li\u00e9s au bitcoin et des utilisateurs dans le cadre de la mise en \u0153uvre nationale de MiCA met en p\u00e9ril la capacit\u00e9 d\u2019innovation de l\u2019Allemagne, sa libert\u00e9 financi\u00e8re et sa souverainet\u00e9 num\u00e9rique\u2009\u00bb.<\/p>\n<p>L\u2019AfD consid\u00e8re que le bitcoin ne peut \u00eatre assimil\u00e9 \u00e0 un simple actif financier. Sa structure d\u00e9centralis\u00e9e, sa raret\u00e9 algorithmique et son potentiel technologique justifieraient, selon le parti, un traitement politique et r\u00e9glementaire \u00e0 part enti\u00e8re.<\/p>\n<p>Dans cette <a href=\"https:\/\/www.bundestag.de\/presse\/hib\/kurzmeldungen-1117520\" target=\"_blank\" rel=\"noreferrer noopener nofollow\">motion<\/a>, plusieurs revendications concr\u00e8tes sont mises en avant pour renforcer la place du bitcoin dans la strat\u00e9gie nationale\u00a0:<\/p>\n<ul>\n<li>Reconna\u00eetre le bitcoin comme un actif strat\u00e9gique pouvant faire partie des r\u00e9serves nationales, en raison de sa r\u00e9silience face \u00e0 l\u2019instabilit\u00e9 mon\u00e9taire\u2009;<\/li>\n<\/ul>\n<ul>\n<li>Pr\u00e9server l\u2019exon\u00e9ration fiscale apr\u00e8s 12\u00a0mois de d\u00e9tention, consid\u00e9r\u00e9e comme un levier d\u2019incitation \u00e0 l\u2019investissement de long terme\u2009;<\/li>\n<\/ul>\n<ul>\n<li>Maintenir l\u2019exemption de TVA sur les transactions relatives au bitcoin, afin d\u2019\u00e9viter un traitement d\u00e9savantageux par rapport aux monnaies classiques\u2009;<\/li>\n<\/ul>\n<ul>\n<li>Garantir le droit \u00e0 l\u2019auto-conservation (self-custody) pour les citoyens, per\u00e7u comme une protection fondamentale de la libert\u00e9 financi\u00e8re\u2009;<\/li>\n<\/ul>\n<ul>\n<li>Explorer les usages \u00e9nerg\u00e9tiques du bitcoin, notamment en tant que solution d\u2019int\u00e9gration pour les surplus d\u2019\u00e9nergie renouvelable.<\/li>\n<\/ul>\n<p>Ces propositions font entrer le d\u00e9bat autour du <a href=\"https:\/\/www.cointribune.com\/btc-comment-ca-marche\/\" target=\"_blank\" rel=\"noreferrer noopener nofollow\">bitcoin<\/a> dans une nouvelle dimension en Allemagne\u00a0: celle d\u2019un enjeu de souverainet\u00e9 num\u00e9rique et de politique \u00e9conomique, bien au-del\u00e0 des logiques purement fiscales ou technologiques.<\/p>\n<p>Vers un d\u00e9bat europ\u00e9en sur l\u2019application de MiCA\u2009?<\/p>\n<p>Cette prise de position de l\u2019AfD intervient dans un contexte de d\u00e9bat croissant autour de l\u2019applicabilit\u00e9 du cadre MiCA \u00e0 tous les cryptos de mani\u00e8re uniforme.<\/p>\n<p>L\u2019Allemagne n\u2019est pas un cas isol\u00e9. Ce 22\u00a0octobre, en France, \u00c9ric Ciotti, d\u00e9put\u00e9 et pr\u00e9sident du parti UDR, a d\u00e9pos\u00e9 <a href=\"https:\/\/www.cointribune.com\/un-projet-de-loi-propose-dintegrer-le-bitcoin-aux-reserves-strategiques-francaises\/\" target=\"_blank\" rel=\"noreferrer noopener nofollow\">une motion similaire<\/a> appelant \u00e0 assouplir l\u2019application de MiCA afin de favoriser l\u2019innovation, notamment en mati\u00e8re de stablecoins, tout en exprimant une opposition ferme \u00e0 l\u2019introduction d\u2019une monnaie num\u00e9rique de banque centrale (CBDC).<\/p>\n<p>Ces initiatives sugg\u00e8rent l\u2019\u00e9mergence d\u2019une critique du r\u00e8glement europ\u00e9en, per\u00e7u par certains acteurs comme un frein plut\u00f4t qu\u2019un levier d\u2019adoption technologique.<\/p>\n<p>Du c\u00f4t\u00e9 des d\u00e9fenseurs de MiCA, des voix rappellent toutefois que le cadre r\u00e9glementaire europ\u00e9en a permis \u00e0 l\u2019Allemagne de se positionner comme l\u2019un des leaders du march\u00e9 crypto en Europe. Selon un <a href=\"https:\/\/www.chainalysis.com\/blog\/europe-crypto-adoption-2025\/\" target=\"_blank\" rel=\"noreferrer noopener nofollow\">rapport<\/a> publi\u00e9 par la soci\u00e9t\u00e9 d\u2019analytique Chainalysis, l\u2019Allemagne se classe au troisi\u00e8me rang europ\u00e9en en termes de valeur crypto re\u00e7ue, derri\u00e8re le Royaume-Uni et la France.<\/p>\n<p>Cette performance r\u00e9v\u00e8le le paradoxe allemand\u00a0: alors que le pays b\u00e9n\u00e9ficie clairement de sa l\u00e9gislation crypto-friendly, une partie de sa classe politique s\u2019inqui\u00e8te d\u00e9sormais des d\u00e9rives potentielles d\u2019une r\u00e9gulation trop rigide.<\/p>\n<p class=\"post-conclusion\">\u00c0 moyen terme, ces remises en question pourraient ouvrir la voie \u00e0 une red\u00e9finition du p\u00e9rim\u00e8tre de <a href=\"https:\/\/www.cointribune.com\/lusdt-interdit-en-europe-des-le-30-decembre-a-quoi-sattendre-sur-les-exchanges-crypto\/\" target=\"_blank\" rel=\"noreferrer noopener nofollow\">MiCA<\/a>, ou \u00e0 l\u2019introduction d\u2019exceptions nationales pour des actifs sp\u00e9cifiques comme le bitcoin. Toutefois, il est important de savoir si ces appels seront entendus \u00e0 Bruxelles, ou si l\u2019harmonisation restera la priorit\u00e9 absolue de l\u2019Union. Ce d\u00e9bat, \u00e9minemment politique, pourrait peser lourd dans les \u00e9quilibres r\u00e9glementaires \u00e0 venir. En attendant, l\u2019initiative allemande marque un pr\u00e9c\u00e9dent notable et pourrait encourager d\u2019autres \u00c9tats membres \u00e0 r\u00e9clamer davantage de flexibilit\u00e9 dans l\u2019application de la r\u00e9gulation europ\u00e9enne aux cryptos.<\/p>\n<p>Maximisez votre exp\u00e9rience Cointribune avec notre programme &lsquo;Read to Earn&rsquo; ! Pour chaque article que vous lisez, gagnez des points et acc\u00e9dez \u00e0 des r\u00e9compenses exclusives. Inscrivez-vous d\u00e8s maintenant et commencez \u00e0 cumuler des avantages.<\/p>\n<p><\/p>\n<p>\t\t\t\t\t<img loading=\"lazy\" decoding=\"async\" alt=\"Luc Jose A. avatar\" class=\"w-full h-full wrote_by_image\" width=\"80\" height=\"80\" src=\"data:image\/svg+xml,%3Csvg%20xmlns=\" http:=\"\" data-lazy-src=\"https:\/\/www.cointribune.com\/app\/uploads\/2024\/02\/portrait-9.svg\"\/><\/p>\n<p>\t\t\t\t\t\t\t\t\tLuc Jose A.<\/p>\n<p class=\"text-gray-500 dark:!text-gray-200 !p-0 text-sm md:text-base wrote_by_description\">Dipl\u00f4m\u00e9 de Sciences Po Toulouse et titulaire d&rsquo;une certification consultant blockchain d\u00e9livr\u00e9e par Alyra, j&rsquo;ai rejoint l&rsquo;aventure Cointribune en 2019.&#13;<br \/>\nConvaincu du potentiel de la blockchain pour transformer de nombreux secteurs de l&rsquo;\u00e9conomie, j&rsquo;ai pris l&rsquo;engagement de sensibiliser et d&rsquo;informer le grand public sur cet \u00e9cosyst\u00e8me en constante \u00e9volution. Mon objectif est de permettre \u00e0 chacun de mieux comprendre la blockchain et de saisir les opportunit\u00e9s qu&rsquo;elle offre. Je m&rsquo;efforce chaque jour de fournir une analyse objective de l&rsquo;actualit\u00e9, de d\u00e9crypter les tendances du march\u00e9, de relayer les derni\u00e8res innovations technologiques et de mettre en perspective les enjeux \u00e9conomiques et soci\u00e9taux de cette r\u00e9volution en marche.<\/p>\n<p>DISCLAIMER<\/p>\n<p class=\"italic text-base\">Les propos et opinions exprim\u00e9s dans cet article n&rsquo;engagent que leur auteur, et ne doivent pas \u00eatre consid\u00e9r\u00e9s comme des conseils en investissement. Effectuez vos propres recherches avant toute d\u00e9cision d&rsquo;investissement.<\/p>\n","protected":false},"excerpt":{"rendered":"7h00 \u25aa 5 min de lecture \u25aa par Luc Jose A. R\u00e9sumer cet article avec : ChatGPTPerplexityGrok Tandis&hellip;\n","protected":false},"author":2,"featured_media":499348,"comment_status":"","ping_status":"","sticky":false,"template":"","format":"standard","meta":{"footnotes":""},"categories":[1587],"tags":[11,672,1804,1805,1803,1777,674,1801,12,1802],"class_list":{"0":"post-499347","1":"post","2":"type-post","3":"status-publish","4":"format-standard","5":"has-post-thumbnail","7":"category-allemagne","8":"tag-actualites","9":"tag-allemagne","10":"tag-bundesrepublik-deutschland","11":"tag-de","12":"tag-deutschland","13":"tag-eu","14":"tag-europe","15":"tag-germany","16":"tag-news","17":"tag-republique-federale-dallemagne"},"share_on_mastodon":{"url":"https:\/\/pubeurope.com\/@fr\/115461744663529574","error":""},"_links":{"self":[{"href":"https:\/\/www.europesays.com\/fr\/wp-json\/wp\/v2\/posts\/499347","targetHints":{"allow":["GET"]}}],"collection":[{"href":"https:\/\/www.europesays.com\/fr\/wp-json\/wp\/v2\/posts"}],"about":[{"href":"https:\/\/www.europesays.com\/fr\/wp-json\/wp\/v2\/types\/post"}],"author":[{"embeddable":true,"href":"https:\/\/www.europesays.com\/fr\/wp-json\/wp\/v2\/users\/2"}],"replies":[{"embeddable":true,"href":"https:\/\/www.europesays.com\/fr\/wp-json\/wp\/v2\/comments?post=499347"}],"version-history":[{"count":0,"href":"https:\/\/www.europesays.com\/fr\/wp-json\/wp\/v2\/posts\/499347\/revisions"}],"wp:featuredmedia":[{"embeddable":true,"href":"https:\/\/www.europesays.com\/fr\/wp-json\/wp\/v2\/media\/499348"}],"wp:attachment":[{"href":"https:\/\/www.europesays.com\/fr\/wp-json\/wp\/v2\/media?parent=499347"}],"wp:term":[{"taxonomy":"category","embeddable":true,"href":"https:\/\/www.europesays.com\/fr\/wp-json\/wp\/v2\/categories?post=499347"},{"taxonomy":"post_tag","embeddable":true,"href":"https:\/\/www.europesays.com\/fr\/wp-json\/wp\/v2\/tags?post=499347"}],"curies":[{"name":"wp","href":"https:\/\/api.w.org\/{rel}","templated":true}]}}