{"id":499353,"date":"2025-10-30T06:41:11","date_gmt":"2025-10-30T06:41:11","guid":{"rendered":"https:\/\/www.europesays.com\/fr\/499353\/"},"modified":"2025-10-30T06:41:11","modified_gmt":"2025-10-30T06:41:11","slug":"que-changerait-le-retablissement-du-delit-de-sejour-irregulier","status":"publish","type":"post","link":"https:\/\/www.europesays.com\/fr\/499353\/","title":{"rendered":"que changerait le r\u00e9tablissement du d\u00e9lit de s\u00e9jour irr\u00e9gulier ?"},"content":{"rendered":"<p>\n    Le Rassemblement national (RN) d\u00e9fend ce jeudi \u00e0 l\u2019Assembl\u00e9e cette mesure propos\u00e9e par toute la droite fran\u00e7aise. Mais le droit europ\u00e9en limite fortement la marge de man\u0153uvre du l\u00e9gislateur.<\/p>\n<p class=\"fig-paragraph\">Entre 1945 et 2012, un\u00a0<a href=\"http:\/\/www.lefigaro.fr\/actualite-france\/immigration-pourquoi-le-nombre-de-clandestins-demeure-tabou-alors-que-son-estimation-est-largement-connue-20251023\" data-fig-type=\"Article\" data-gtm-custom-categorie=\"navigation\" data-gtm-custom-action=\"crossclick\" data-gtm-custom-label=\"Contextuel\" data-gtm-event=\"customEventSPE\" data-fig-domain=\"LEFIGARO\" rel=\"nofollow noopener\" target=\"_blank\">\u00e9tranger sans titre de s\u00e9jour<\/a>\u00a0s\u2019exposait en France \u00e0 une amende et une peine de prison avant d\u2019\u00eatre expuls\u00e9. Du\u00a0<a href=\"http:\/\/www.lefigaro.fr\/politique\/le-rassemblement-national-confronte-au-retour-de-la-guerre-de-l-union-des-droites-20251022\" data-fig-type=\"Article\" data-gtm-custom-categorie=\"navigation\" data-gtm-custom-action=\"crossclick\" data-gtm-custom-label=\"Contextuel\" data-gtm-event=\"customEventSPE\" data-fig-domain=\"LEFIGARO\" rel=\"nofollow noopener\" target=\"_blank\">Rassemblement national<\/a>\u00a0(RN) aux\u00a0<a href=\"http:\/\/www.lefigaro.fr\/vox\/societe\/jean-marie-rouart-la-condamnation-de-nicolas-sarkozy-est-elle-un-parricide-republicain-20251028\" data-fig-type=\"Article\" data-gtm-custom-categorie=\"navigation\" data-gtm-custom-action=\"crossclick\" data-gtm-custom-label=\"Contextuel\" data-gtm-event=\"customEventSPE\" data-fig-domain=\"LEFIGARO\" rel=\"nofollow noopener\" target=\"_blank\">R\u00e9publicains<\/a>\u00a0(LR) en passant par\u00a0<a href=\"http:\/\/www.lefigaro.fr\/elections\/municipales\/municipales-2026-a-paris-les-ambitions-de-reconquete-face-au-rn-20251002\" data-fig-type=\"Article\" data-gtm-custom-categorie=\"navigation\" data-gtm-custom-action=\"crossclick\" data-gtm-custom-label=\"Contextuel\" data-gtm-event=\"customEventSPE\" data-fig-domain=\"LEFIGARO\" rel=\"nofollow noopener\" target=\"_blank\">Reconqu\u00eate!<\/a>, toute la droite fran\u00e7aise appelle aujourd\u2019hui \u00e0\u00a0<a href=\"http:\/\/www.lefigaro.fr\/actualite-france\/delit-de-sejour-irregulier-regroupement-familial-resserre-ce-que-contiendra-la-future-loi-immigration-20241029\" data-fig-type=\"Article\" data-gtm-custom-categorie=\"navigation\" data-gtm-custom-action=\"crossclick\" data-gtm-custom-label=\"Contextuel\" data-gtm-event=\"customEventSPE\" data-fig-domain=\"LEFIGARO\" rel=\"nofollow noopener\" target=\"_blank\">r\u00e9tablir ce d\u00e9lit de s\u00e9jour irr\u00e9gulier<\/a>. Ce jeudi, c\u2019est le parti \u00e0 la flamme qui profite de sa niche parlementaire pour mettre sa proposition de loi \u00e0 l\u2019agenda de l\u2019Assembl\u00e9e. \u00abCela fait plus de dix ans que la France s\u2019est d\u00e9partie de cet outil n\u00e9cessaire pour combattre l\u2019immigration irr\u00e9guli\u00e8re\u00bb, souligne dans l\u2019expos\u00e9 des motifs la d\u00e9put\u00e9e du Gard Sylvie Josserand, principale signataire du texte port\u00e9 par le RN.<\/p>\n<p class=\"fig-paragraph\">Avant le 31 d\u00e9cembre 2012 et la \u00abloi Valls\u00bb, le d\u00e9lit de s\u00e9jour irr\u00e9gulier \u00e9tait inscrit \u00e0 l\u2019<a href=\"https:\/\/www.legifrance.gouv.fr\/codes\/section_lc\/LEGITEXT000006070158\/LEGISCTA000006147788\/#LEGISCTA000026911180\" target=\"_blank\" rel=\"sponsored noopener nofollow\" data-gtm-custom-categorie=\"navigation\" data-gtm-custom-action=\"crossclick\" data-gtm-custom-label=\"Contextuel\" data-gtm-event=\"customEventSPE\">article L621-1<\/a>\u00a0du Code de l\u2019entr\u00e9e et du s\u00e9jour des \u00e9trangers et du droit d\u2019asile. Depuis sa suppression, un \u00e9tranger sans titre de s\u00e9jour s\u2019expose \u00e0 une sanction administrative, pas p\u00e9nale. Autrement dit, une interpellation et un\u2026<\/p>\n<p class=\"fig-premium-paywall__infos\">\n        Cet article est r\u00e9serv\u00e9 aux abonn\u00e9s.        Il vous reste 79% \u00e0 d\u00e9couvrir.\n    <\/p>\n<p>                <img  data- alt=\"Le Figaro\" class=\"fig-img--complete fig-img\"\/><\/p>\n<p class=\"fig-premium-paywall__title\">Vous avez envie de lire la suite ?<\/p>\n<p class=\"fig-premium-paywall__subtitle\">D\u00e9bloquez tous les articles imm\u00e9diatement.<\/p>\n<p class=\"fig-premium-paywall__connect\">\n                D\u00e9j\u00e0 abonn\u00e9\u00a0?                <a class=\"fig-premium-paywall__connect-link\" href=\"https:\/\/connect.lefigaro.fr\/login?client=horizon_web&amp;type=main&amp;redirect_uri=https%3A%2F%2Fwww.lefigaro.fr%2Factualite-france%2Fimmigration-que-changerait-le-retablissement-du-delit-de-sejour-irregulier-20251030\" data-js-gtm=\"{&quot;customCategorie&quot;: &quot;conversion&quot;, &quot;customAction&quot;: &quot;before_Landing_Connexion_paywall_auto&quot;, &quot;customLabel&quot;: &quot;bGVmaWdhcm8uZnJfXzFmMGI0YTM0LTE1NDQtNmU1ZS1hZjg4LWQ1MzI2YWRjZGVlNl9fQXJ0aWNsZQ==_Immigration\u00a0: que changerait le r\u00e9tablissement du d\u00e9lit de s\u00e9jour irr\u00e9gulier\u00a0?_322&quot;, &quot;customIDSPE&quot;: &quot;bGVmaWdhcm8uZnJfXzFmMGI0YTM0LTE1NDQtNmU1ZS1hZjg4LWQ1MzI2YWRjZGVlNl9fQXJ0aWNsZQ==&quot;, &quot;event&quot;: &quot;customEventSPE&quot;}\" rel=\"nofollow noopener\" target=\"_blank\"><br \/>\n                    Connectez-vous<br \/>\n                <\/a>\n            <\/p>\n","protected":false},"excerpt":{"rendered":"Le Rassemblement national (RN) d\u00e9fend ce jeudi \u00e0 l\u2019Assembl\u00e9e cette mesure propos\u00e9e par toute la droite fran\u00e7aise. Mais&hellip;\n","protected":false},"author":2,"featured_media":499354,"comment_status":"","ping_status":"","sticky":false,"template":"","format":"standard","meta":{"footnotes":""},"categories":[2],"tags":[11,416,21234,6592,1011,27,1061,6734,12,1078,25,25950],"class_list":{"0":"post-499353","1":"post","2":"type-post","3":"status-publish","4":"format-standard","5":"has-post-thumbnail","7":"category-actualites","8":"tag-actualites","9":"tag-assemblee-nationale","10":"tag-delit","11":"tag-droite","12":"tag-fr","13":"tag-france","14":"tag-immigration","15":"tag-immigration-clandestine","16":"tag-news","17":"tag-rassemblement-national","18":"tag-republique-francaise","19":"tag-sans-papiers"},"share_on_mastodon":{"url":"https:\/\/pubeurope.com\/@fr\/115461756326557697","error":""},"_links":{"self":[{"href":"https:\/\/www.europesays.com\/fr\/wp-json\/wp\/v2\/posts\/499353","targetHints":{"allow":["GET"]}}],"collection":[{"href":"https:\/\/www.europesays.com\/fr\/wp-json\/wp\/v2\/posts"}],"about":[{"href":"https:\/\/www.europesays.com\/fr\/wp-json\/wp\/v2\/types\/post"}],"author":[{"embeddable":true,"href":"https:\/\/www.europesays.com\/fr\/wp-json\/wp\/v2\/users\/2"}],"replies":[{"embeddable":true,"href":"https:\/\/www.europesays.com\/fr\/wp-json\/wp\/v2\/comments?post=499353"}],"version-history":[{"count":0,"href":"https:\/\/www.europesays.com\/fr\/wp-json\/wp\/v2\/posts\/499353\/revisions"}],"wp:featuredmedia":[{"embeddable":true,"href":"https:\/\/www.europesays.com\/fr\/wp-json\/wp\/v2\/media\/499354"}],"wp:attachment":[{"href":"https:\/\/www.europesays.com\/fr\/wp-json\/wp\/v2\/media?parent=499353"}],"wp:term":[{"taxonomy":"category","embeddable":true,"href":"https:\/\/www.europesays.com\/fr\/wp-json\/wp\/v2\/categories?post=499353"},{"taxonomy":"post_tag","embeddable":true,"href":"https:\/\/www.europesays.com\/fr\/wp-json\/wp\/v2\/tags?post=499353"}],"curies":[{"name":"wp","href":"https:\/\/api.w.org\/{rel}","templated":true}]}}