{"id":499356,"date":"2025-10-30T06:43:14","date_gmt":"2025-10-30T06:43:14","guid":{"rendered":"https:\/\/www.europesays.com\/fr\/499356\/"},"modified":"2025-10-30T06:43:14","modified_gmt":"2025-10-30T06:43:14","slug":"le-pib-de-la-france-en-hausse-de-05-au-3e-trimestre-mieux-quattendu","status":"publish","type":"post","link":"https:\/\/www.europesays.com\/fr\/499356\/","title":{"rendered":"Le PIB de la France en hausse de 0,5% au 3e trimestre, mieux qu&rsquo;attendu"},"content":{"rendered":"<ul class=\"jsx-862013697 ArticleChapo__List\">\n<li class=\"jsx-862013697 ArticleChapo__List_Item flex\">Ce jeudi, l&rsquo;Insee r\u00e9v\u00e8le que le PIB de la France a progress\u00e9 de 0,5% au 3e trimestre.<\/li>\n<li class=\"jsx-862013697 ArticleChapo__List_Item flex\">Le ministre de l&rsquo;\u00c9conomie, Roland Lescure, a salu\u00e9 \u00ab\u00a0une performance remarquable\u00a0\u00bb.<\/li>\n<\/ul>\n<p data-module=\"article-paragraph\" class=\"jsx-3046738180 Paragraph\">La croissance \u00e9conomique de la France a atteint 0,5% au troisi\u00e8me trimestre 2025 par rapport aux trois mois pr\u00e9c\u00e9dents, tir\u00e9e par les exportations, selon une estimation provisoire, publi\u00e9e jeudi 30 octobre, de l&rsquo;Institut national de la statistique qui d\u00e9passe sa pr\u00e9vision initiale. L&rsquo;Insee anticipait une croissance de 0,3% entre juillet et septembre dans la deuxi\u00e8me \u00e9conomie de la zone euro, comme au deuxi\u00e8me trimestre, apr\u00e8s +0,1% au premier trimestre.<\/p>\n<p data-module=\"article-paragraph\" class=\"jsx-3046738180 Paragraph Paragraph__End\">Cette surperformance laisse augurer que la France d\u00e9passera la croissance de 0,7% attendue par le gouvernement en 2025. L&rsquo;acquis de croissance, c&rsquo;est-\u00e0-dire ce que serait la croissance annuelle si le PIB n&rsquo;\u00e9voluait plus du tout en fin d&rsquo;ann\u00e9e, est de 0,8% \u00e0 la fin septembre.<\/p>\n<p><a href=\"https:\/\/www.tf1info.fr\/economie\/un-etouffement-progressif-l-avertissement-du-gouverneur-de-la-banque-de-france-sur-les-finances-publiques-2402698.html\" rel=\"noopener\" class=\"jsx-3308031228 Link flex\" target=\"_blank\"><img decoding=\"async\" src=\"https:\/\/www.europesays.com\/fr\/wp-content\/uploads\/2025\/10\/villeroy-de-galhau-2-179045-0@1x.jpeg\" alt=\"Fran\u00e7ois Villeroy de Galhau en janvier 2024.\" loading=\"lazy\" importance=\"low\" fetchpriority=\"low\" class=\"\" aria-hidden=\"true\"\/><\/p>\n<p class=\"jsx-3657663356 ReadMoreArticle__Title\">Lire aussi<\/p>\n<p class=\"jsx-3657663356\">\u00ab\u00a0Un \u00e9touffement progressif\u00a0\u00bb : l&rsquo;avertissement du gouverneur de la Banque de France sur les finances publiques<\/p>\n<p><\/a><\/p>\n<p data-module=\"article-paragraph\" class=\"jsx-3046738180 Paragraph\">Le ministre de l&rsquo;\u00c9conomie, Roland Lescure, a salu\u00e9 \u00ab\u00a0une performance remarquable\u00a0\u00bb, dans une r\u00e9action transmise \u00e0 l&rsquo;AFP : \u00ab\u00a0malgr\u00e9 les soubresauts politiques et les incertitudes internationales, nos entreprises investissent, exportent et font progresser le pays\u00a0\u00bb.<\/p>\n<p data-module=\"article-paragraph\" class=\"jsx-3046738180 Paragraph Paragraph__End\">\u00ab\u00a0L&rsquo;adoption rapide d&rsquo;un budget qui pr\u00e9serve la confiance des entreprises et des m\u00e9nages sera capitale pour maintenir cet \u00e9lan\u00a0\u00bb, a-t-il ajout\u00e9.<\/p>\n<p>La r\u00e9daction de TF1info avec AFP<\/p>\n","protected":false},"excerpt":{"rendered":"Ce jeudi, l&rsquo;Insee r\u00e9v\u00e8le que le PIB de la France a progress\u00e9 de 0,5% au 3e trimestre. Le&hellip;\n","protected":false},"author":2,"featured_media":499357,"comment_status":"","ping_status":"","sticky":false,"template":"","format":"standard","meta":{"footnotes":""},"categories":[4],"tags":[1111,11,1921,1011,27,1922,12,25,133,5642],"class_list":{"0":"post-499356","1":"post","2":"type-post","3":"status-publish","4":"format-standard","5":"has-post-thumbnail","7":"category-france","8":"tag-actu","9":"tag-actualites","10":"tag-article-video","11":"tag-fr","12":"tag-france","13":"tag-info","14":"tag-news","15":"tag-republique-francaise","16":"tag-video","17":"tag-video-economie"},"share_on_mastodon":{"url":"https:\/\/pubeurope.com\/@fr\/115461764874064300","error":""},"_links":{"self":[{"href":"https:\/\/www.europesays.com\/fr\/wp-json\/wp\/v2\/posts\/499356","targetHints":{"allow":["GET"]}}],"collection":[{"href":"https:\/\/www.europesays.com\/fr\/wp-json\/wp\/v2\/posts"}],"about":[{"href":"https:\/\/www.europesays.com\/fr\/wp-json\/wp\/v2\/types\/post"}],"author":[{"embeddable":true,"href":"https:\/\/www.europesays.com\/fr\/wp-json\/wp\/v2\/users\/2"}],"replies":[{"embeddable":true,"href":"https:\/\/www.europesays.com\/fr\/wp-json\/wp\/v2\/comments?post=499356"}],"version-history":[{"count":0,"href":"https:\/\/www.europesays.com\/fr\/wp-json\/wp\/v2\/posts\/499356\/revisions"}],"wp:featuredmedia":[{"embeddable":true,"href":"https:\/\/www.europesays.com\/fr\/wp-json\/wp\/v2\/media\/499357"}],"wp:attachment":[{"href":"https:\/\/www.europesays.com\/fr\/wp-json\/wp\/v2\/media?parent=499356"}],"wp:term":[{"taxonomy":"category","embeddable":true,"href":"https:\/\/www.europesays.com\/fr\/wp-json\/wp\/v2\/categories?post=499356"},{"taxonomy":"post_tag","embeddable":true,"href":"https:\/\/www.europesays.com\/fr\/wp-json\/wp\/v2\/tags?post=499356"}],"curies":[{"name":"wp","href":"https:\/\/api.w.org\/{rel}","templated":true}]}}