{"id":499358,"date":"2025-10-30T06:45:20","date_gmt":"2025-10-30T06:45:20","guid":{"rendered":"https:\/\/www.europesays.com\/fr\/499358\/"},"modified":"2025-10-30T06:45:20","modified_gmt":"2025-10-30T06:45:20","slug":"volley-ball-le-bilan-du-debut-de-saison-est-tres-positif-pour-le-coach-du-gazelec-beziers-maraussan","status":"publish","type":"post","link":"https:\/\/www.europesays.com\/fr\/499358\/","title":{"rendered":"Volley-ball\u00a0: \u00ab\u00a0Le bilan du d\u00e9but de saison est tr\u00e8s positif\u00a0\u00bb pour le coach du Gazelec B\u00e9ziers Maraussan"},"content":{"rendered":"<p>\n                                                                Le Gazelec B\u00e9ziers Maraussan Volley-Ball peut s\u2019appuyer sur un d\u00e9but de saison r\u00e9ussi. Entretien avec Boumediene Boulbalout, entra\u00eeneur et joueur au sein du club biterrois.\n                            <\/p>\n<p class=\"txt-question\">Boumediene Boulbalout, quel bilan pouvez-vous tirer de ce d\u00e9but de saison en tant que coach des U15 et entra\u00eeneur \u2013 joueur des seniors en R\u00e9gionale 2\u00a0?<\/p>\n<p>Il est tr\u00e8s positif. Nos cat\u00e9gories de jeunes ont d\u2019excellents r\u00e9sultats et les seniors, pour leur premi\u00e8re saison, continuent de monter en puissance avec deux victoires cons\u00e9cutives sur les deux derni\u00e8res journ\u00e9es. Les chiffres sont \u00e9galement tr\u00e8s int\u00e9ressants au niveau des inscriptions, puisque nous continuons \u00e0 attirer de nouveaux licenci\u00e9s dans nos diff\u00e9rentes \u00e9quipes comp\u00e9tition et loisir. Nous aurions m\u00eame pu faire deux \u00e9quipes de minimes f\u00e9minines, c\u2019est tr\u00e8s prometteur pour la suite.<\/p>\n<p class=\"txt-question\">Le club retrouve une \u00e9quipe senior pour la premi\u00e8re fois depuis de longues ann\u00e9es. Pourquoi avoir d\u00e9cid\u00e9 de relancer cette cat\u00e9gorie\u00a0?<\/p>\n<p>C\u2019\u00e9tait important dans la vie et le d\u00e9veloppement du club. On dit toujours qu\u2019une \u00e9quipe senior est la vitrine. Pour nos jeunes, c\u2019est super de voir qu\u2019ils auront peut-\u00eatre l\u2019occasion de jouer un jour dans cette \u00e9quipe. Cela cr\u00e9e une grosse \u00e9mulation, nous l\u2019avons d\u2019ailleurs bien vu le week-end dernier pour notre premier match au Palais des Sports. Tout le monde a \u00e9t\u00e9 agr\u00e9ablement surpris du nombre de supporters qui sont venus. Quasiment toutes les cat\u00e9gories \u00e9taient pr\u00e9sentes pour l\u2019occasion, c\u2019est vraiment super de partager ces moments avec toute la famille du club.<\/p>\n<p>\u00ab\u00a0Je suis comme toujours tr\u00e8s ambitieux\u00a0\u00bb<\/p>\n<p class=\"txt-question\">Apr\u00e8s ce d\u00e9but de saison r\u00e9ussi, qu\u2019attendez-vous des prochains mois\u00a0?<\/p>\n<p>Il va falloir essayer de continuer sur cette lanc\u00e9e. Nous aurons de bonnes chances cette saison au niveau des cadettes et des cadets. Pour ce qui est des seniors, les deux prochains matches seront tr\u00e8s importants. J\u2019en ai d\u00e9j\u00e0 discut\u00e9 avec les joueurs et je pense que si nous r\u00e9ussissons \u00e0 remporter ces deux rencontres, nous aurons moyen de jouer la mont\u00e9e. Je suis comme toujours tr\u00e8s ambitieux, j\u2019esp\u00e8re que nous arriverons \u00e0 \u00e9crire de belles choses avec nos diff\u00e9rentes \u00e9quipes.<\/p>\n<p>    Un gros week-end de reprise<\/p>\n<p>Apr\u00e8s deux semaines de tr\u00eave, le week-end des 8 et 9\u00a0novembre s\u2019annonce tr\u00e8s charg\u00e9. D\u00e8s vendredi soir, les loisirs du GBM affronteront ceux de Clermont-l\u2019H\u00e9rault, Servian et Gignac. Samedi en d\u00e9but d\u2019apr\u00e8s-midi, les cadettes accueilleront Coursan pendant que les gar\u00e7ons recevront Cournon et que les benjamins seront oppos\u00e9s \u00e0 M\u00e8ze. Toujours chez les jeunes, les minimes tenteront de briller face \u00e0 Clermont-l\u2019H\u00e9rault et Agde. De leur cot\u00e9, les seniors devront livrer un v\u00e9ritable exploit face \u00e0 Marseille Volley 13 pour le premier tour de la Coupe de France. Un \u00e9norme d\u00e9fi face \u00e0 une \u00e9quipe de Nationale 2. Coup d\u2019envoi de ce choc au sommet samedi 8\u00a0novembre (20h) \u00e0 Maraussan.<\/p>\n","protected":false},"excerpt":{"rendered":"Le Gazelec B\u00e9ziers Maraussan Volley-Ball peut s\u2019appuyer sur un d\u00e9but de saison r\u00e9ussi. Entretien avec Boumediene Boulbalout, entra\u00eeneur&hellip;\n","protected":false},"author":2,"featured_media":499359,"comment_status":"","ping_status":"","sticky":false,"template":"","format":"standard","meta":{"footnotes":""},"categories":[1417],"tags":[1011,27,60,1470,1469],"class_list":{"0":"post-499358","1":"post","2":"type-post","3":"status-publish","4":"format-standard","5":"has-post-thumbnail","7":"category-volley","8":"tag-fr","9":"tag-france","10":"tag-sports","11":"tag-volley","12":"tag-volleyball"},"share_on_mastodon":{"url":"https:\/\/pubeurope.com\/@fr\/115461772509222140","error":""},"_links":{"self":[{"href":"https:\/\/www.europesays.com\/fr\/wp-json\/wp\/v2\/posts\/499358","targetHints":{"allow":["GET"]}}],"collection":[{"href":"https:\/\/www.europesays.com\/fr\/wp-json\/wp\/v2\/posts"}],"about":[{"href":"https:\/\/www.europesays.com\/fr\/wp-json\/wp\/v2\/types\/post"}],"author":[{"embeddable":true,"href":"https:\/\/www.europesays.com\/fr\/wp-json\/wp\/v2\/users\/2"}],"replies":[{"embeddable":true,"href":"https:\/\/www.europesays.com\/fr\/wp-json\/wp\/v2\/comments?post=499358"}],"version-history":[{"count":0,"href":"https:\/\/www.europesays.com\/fr\/wp-json\/wp\/v2\/posts\/499358\/revisions"}],"wp:featuredmedia":[{"embeddable":true,"href":"https:\/\/www.europesays.com\/fr\/wp-json\/wp\/v2\/media\/499359"}],"wp:attachment":[{"href":"https:\/\/www.europesays.com\/fr\/wp-json\/wp\/v2\/media?parent=499358"}],"wp:term":[{"taxonomy":"category","embeddable":true,"href":"https:\/\/www.europesays.com\/fr\/wp-json\/wp\/v2\/categories?post=499358"},{"taxonomy":"post_tag","embeddable":true,"href":"https:\/\/www.europesays.com\/fr\/wp-json\/wp\/v2\/tags?post=499358"}],"curies":[{"name":"wp","href":"https:\/\/api.w.org\/{rel}","templated":true}]}}