{"id":499368,"date":"2025-10-30T06:53:14","date_gmt":"2025-10-30T06:53:14","guid":{"rendered":"https:\/\/www.europesays.com\/fr\/499368\/"},"modified":"2025-10-30T06:53:14","modified_gmt":"2025-10-30T06:53:14","slug":"nrj-music-awards-paola-locatelli-en-prend-deja-pour-son-grade-lanimatrice-victime-dun-torrent-de-vilains-commentaires","status":"publish","type":"post","link":"https:\/\/www.europesays.com\/fr\/499368\/","title":{"rendered":"NRJ Music Awards\u00a0: Paola Locatelli en prend d\u00e9j\u00e0 pour son grade, l&rsquo;animatrice victime d\u2019un torrent de vilains commentaires"},"content":{"rendered":"<p>      R\u00e9sum\u00e9<\/p>\n<p>Une nouvelle fois, Paola Locatelli a \u00e9t\u00e9 choisie par TF1 pour interroger les artistes des NRJ Music Awards sur le tapis rouge du palais des Festivals \u00e0 Cannes. Un choix qui agace les internautes apr\u00e8s sa prestation jug\u00e9e laborieuse de l&rsquo;an dernier.<\/p>\n<p>        Sommaire<\/p>\n<p>C&rsquo;est <strong><a href=\"https:\/\/www.public.fr\/amir-devoile-enfin-la-vraie-raison-qui-la-pousse-a-se-raser-la-tete-en-direct-pendant-les-nrj-music-awards\" rel=\"nofollow noopener\" target=\"_blank\">un \u00e9v\u00e9nement<\/a> chaque ann\u00e9e<\/strong> sur la Croisette. Si au printemps, Cannes accueille les stars de cin\u00e9ma du monde entier pour le traditionnel <strong>Festival international du Film<\/strong>\u2026 \u00c0 l&rsquo;automne, le palais des Festivals se transforme en immense salle de concert \u00e0 l&rsquo;occasion des <strong>NRJ Music Awards<\/strong>. Cette ann\u00e9e, <strong>l&rsquo;\u00e9dition 2025 aura lieu ce 31\u00a0octobre<\/strong>. Elle sera diffus\u00e9e en simultan\u00e9 sur TF1 et <strong>anim\u00e9 par Nikos Aliagas<\/strong>. L&rsquo;an dernier, <strong><a href=\"https:\/\/www.public.fr\/diaporamas\/vitaa-apres-les-nrj-music-awards-et-sa-declaration-a-diams-la-video-qui-fait-grandement-polemique\" rel=\"nofollow noopener\" target=\"_blank\">Vitaa <\/a>et <\/strong><a href=\"https:\/\/www.public.fr\/slimane-sexprime-apres-sa-victoire-aux-nrj-music-awards-2024\" rel=\"nofollow noopener\" target=\"_blank\"><strong>Slimane<\/strong> <\/a>ont d\u00e9croch\u00e9 le troph\u00e9e du \u00ab\u00a0Meilleur Artiste Francophone\u00a0\u00bb. Quant \u00e0 celui de la \u00ab\u00a0Chanson francophone de l&rsquo;ann\u00e9e\u00a0\u00bb, il a \u00e9t\u00e9 attribu\u00e9 \u00e0 <strong><a href=\"https:\/\/www.public.fr\/helena-bailly-ce-quelle-pense-reellement-de-la-victoire-de-pierre-garnier-aux-nrj-music-awards\" rel=\"nofollow noopener\" target=\"_blank\">Pierre Garnier<\/a> pour Ceux qu&rsquo;on \u00e9tait<\/strong>.<\/p>\n<p>Alors <strong>qui l&#8217;emportera<\/strong> cette ann\u00e9e\u00a0? <strong>Soixante-dix artistes<\/strong> sont en lice. Ils sont nomm\u00e9s dans <strong>treize cat\u00e9gories<\/strong> et, encore une fois, les <a href=\"https:\/\/www.public.fr\/marguerite-julien-pierre-garnier-helena-la-star-academy-en-force-aux-nrj-music-awards-2025\" rel=\"nofollow noopener\" target=\"_blank\">anciens \u00e9l\u00e8ves de la \u00ab\u00a0Star Academy\u00a0\u00bb<\/a> seront \u00e0 l&rsquo;honneur. <a href=\"https:\/\/www.public.fr\/nrj-music-awards-marine-star-academy-deja-effrayee-par-un-fan-qui-promet-de-la-retrouver-a-son-hotel\" rel=\"nofollow noopener\" target=\"_blank\">Marine<\/a>, Helena, Pierre Garnier, L\u00e9nie et Julien Lieb tenteront de faire la diff\u00e9rence. Mais alors <strong>qui interrogera les artistes sur le tapis rouge\u00a0?<\/strong> TF1 l&rsquo;a annonc\u00e9 ce mercredi 29\u00a0octobre sur ses r\u00e9seaux sociaux. Comme l&rsquo;an dernier, c&rsquo;est <strong><a href=\"https:\/\/www.public.fr\/nrj-music-awards-2024-catastrophique-paola-locatelli-a-lanimation-les-internautes-impitoyables\" rel=\"nofollow noopener\" target=\"_blank\">Paola Locatelli<\/a><\/strong> qui a \u00e9t\u00e9 d\u00e9sign\u00e9e par les organisateurs.<\/p>\n<p>Un <strong>choix vivement critiqu\u00e9<\/strong> par certains internautes qui sont imm\u00e9diatement mont\u00e9s au cr\u00e9neau. \u00ab\u00a0<strong>C\u2019\u00e9tait tellement une catastrophe l\u2019ann\u00e9e derni\u00e8re<\/strong>, elle a int\u00e9r\u00eat \u00e0 bosser cette ann\u00e9e\u00a0\u00bb a lanc\u00e9 K\u00e9vin notamment. \u00ab\u00a0Il n\u2019y a pas <strong>de jeunes journalistes talentueux <\/strong>\u00e0 mettre sur le devant de la sc\u00e8ne pour une fois\u00a0?\u00a0\u00bb s&rsquo;est interrog\u00e9 un autre utilisateur de X. \u00ab\u00a0<strong>C\u2019\u00e9tait vraiment pas ouf et limite g\u00eanant<\/strong>\u00ab\u00a0, \u00ab\u00a0C&rsquo;\u00e9tait une catastrophe l&rsquo;ann\u00e9e derni\u00e8re ses interviews\u00a0\u00bb, \u00ab\u00a0<strong>Ils n&rsquo;apprennent pas de leurs erreurs<\/strong>\u00a0\u00bb ont \u00e9crit d&rsquo;autres.<\/p>\n<p>NRJ Music Awards\u00a0: Paola Locatelli sur le tapis route, que s&rsquo;est-il pass\u00e9\u00a0?<\/p>\n<p>Influenceuse, actrice, mannequin, la jeune femme <strong>s&rsquo;est fait conna\u00eetre en 2016 sur YouTube<\/strong> alors qu&rsquo;elle n&rsquo;avait que douze ans. Aujourd&rsquo;hui \u00e2g\u00e9e de 21 ans, <a href=\"https:\/\/www.public.fr\/paola-locatelli-linfluenceuse-victime-de-violences-conjugales\" rel=\"nofollow noopener\" target=\"_blank\">la native de Thionville<\/a> a <strong>un sacr\u00e9 CV<\/strong>. Paola Locatelli a d\u00e9j\u00e0 cr\u00e9\u00e9 sa marque de lunettes, a cr\u00e9\u00e9 son propre parfum en collaboration avec <a href=\"https:\/\/www.google.com\/url?sa=t&amp;source=web&amp;rct=j&amp;opi=89978449&amp;url=https:\/\/vsd.fr\/51120-louis-vuitton-de-la-malle-au-palace-nouvelle-aventure-sur-les-champs-elysees\/&amp;ved=2ahUKEwi-i86ShcqQAxWfKvsDHaAfHsIQFnoECBoQAQ&amp;usg=AOvVaw0K5oQLWdzcwLYF66kpAWY4\" rel=\"nofollow noopener\" target=\"_blank\">Louis Vuitton<\/a>, est ambassadrice de la marque Puma et est <a href=\"https:\/\/www.public.fr\/je-pensais-que-les-violences-conjugales-nexistaient-que-pour-les-adultes-paola-locatelli-victime-a-16-ans\" rel=\"nofollow noopener\" target=\"_blank\">une femme engag\u00e9e<\/a> contre les violences conjugales ayant elle-m\u00eame \u00e9t\u00e9 victime alors qu&rsquo;elle n&rsquo;avait que 16 ans.<\/p>\n<p>L&rsquo;an dernier, les organisateurs des NRJ Musics Awards lui ont confi\u00e9 le tapis rouge de <a href=\"https:\/\/www.google.com\/url?sa=t&amp;source=web&amp;rct=j&amp;opi=89978449&amp;url=https:\/\/vsd.fr\/89828-pierre-garnier-marine-lenie-confirmes-sur-scene-aux-nrj-music-awards-2025\/&amp;ved=2ahUKEwjgmbzkhcqQAxUxVqQEHSgUDF4QFnoECBYQAQ&amp;usg=AOvVaw3WzIS4ZWlNHN0A1EU8LJrY\" rel=\"nofollow noopener\" target=\"_blank\">l&rsquo;\u00e9v\u00e9nement<\/a> mais les t\u00e9l\u00e9spectateurs n&rsquo;ont <strong>pas \u00e9t\u00e9 conquis<\/strong>. Son <strong>manque de professionnalisme<\/strong> a \u00e9t\u00e9 vivement critiqu\u00e9. \u00ab\u00a0Les influenceurs font tous les m\u00e9tiers du monde&#8230; <strong>Un jour, \u00e7a sera Paola Locatelli la chirurgienne<\/strong>\u00ab\u00a0, avait notamment partag\u00e9 un internaute. \u00ab\u00a0Elle est m\u00e9diocre\u00a0\u00bb, \u00ab\u00a0Elle est venue \u00e0 l&rsquo;examen sans r\u00e9viser\u00a0\u00bb, ou encore \u00ab\u00a0Elle repr\u00e9sente la culture du vide\u00a0\u00bb ont \u00e9crit d&rsquo;autres t\u00e9l\u00e9spectateurs de TF1. Autant dire que ce 31\u00a0octobre, <strong>ses moindres faits et gestes risquent d&rsquo;\u00eatre scrut\u00e9s<\/strong> de pr\u00e8s.<\/p>\n<p>\n          Hits &amp; People en continu\n        <\/p>\n<p>\n          Public Radio\n        <\/p>\n<p>      Mentionn\u00e9s dans cet article<\/p>\n<p>      Sur le m\u00eame sujet<\/p>\n","protected":false},"excerpt":{"rendered":"R\u00e9sum\u00e9 Une nouvelle fois, Paola Locatelli a \u00e9t\u00e9 choisie par TF1 pour interroger les artistes des NRJ Music&hellip;\n","protected":false},"author":2,"featured_media":499369,"comment_status":"","ping_status":"","sticky":false,"template":"","format":"standard","meta":{"footnotes":""},"categories":[1359],"tags":[2593,1696,58,59,1011,27,10827,9104,22726,973,20995],"class_list":{"0":"post-499368","1":"post","2":"type-post","3":"status-publish","4":"format-standard","5":"has-post-thumbnail","7":"category-people","8":"tag-artiste","9":"tag-chanteur","10":"tag-divertissement","11":"tag-entertainment","12":"tag-fr","13":"tag-france","14":"tag-nikos-aliagas","15":"tag-nrj","16":"tag-nrj-music-awards","17":"tag-people","18":"tag-tapis-rouge"},"share_on_mastodon":{"url":"https:\/\/pubeurope.com\/@fr\/115461803518062940","error":""},"_links":{"self":[{"href":"https:\/\/www.europesays.com\/fr\/wp-json\/wp\/v2\/posts\/499368","targetHints":{"allow":["GET"]}}],"collection":[{"href":"https:\/\/www.europesays.com\/fr\/wp-json\/wp\/v2\/posts"}],"about":[{"href":"https:\/\/www.europesays.com\/fr\/wp-json\/wp\/v2\/types\/post"}],"author":[{"embeddable":true,"href":"https:\/\/www.europesays.com\/fr\/wp-json\/wp\/v2\/users\/2"}],"replies":[{"embeddable":true,"href":"https:\/\/www.europesays.com\/fr\/wp-json\/wp\/v2\/comments?post=499368"}],"version-history":[{"count":0,"href":"https:\/\/www.europesays.com\/fr\/wp-json\/wp\/v2\/posts\/499368\/revisions"}],"wp:featuredmedia":[{"embeddable":true,"href":"https:\/\/www.europesays.com\/fr\/wp-json\/wp\/v2\/media\/499369"}],"wp:attachment":[{"href":"https:\/\/www.europesays.com\/fr\/wp-json\/wp\/v2\/media?parent=499368"}],"wp:term":[{"taxonomy":"category","embeddable":true,"href":"https:\/\/www.europesays.com\/fr\/wp-json\/wp\/v2\/categories?post=499368"},{"taxonomy":"post_tag","embeddable":true,"href":"https:\/\/www.europesays.com\/fr\/wp-json\/wp\/v2\/tags?post=499368"}],"curies":[{"name":"wp","href":"https:\/\/api.w.org\/{rel}","templated":true}]}}