{"id":499380,"date":"2025-10-30T07:00:17","date_gmt":"2025-10-30T07:00:17","guid":{"rendered":"https:\/\/www.europesays.com\/fr\/499380\/"},"modified":"2025-10-30T07:00:17","modified_gmt":"2025-10-30T07:00:17","slug":"lequipe-ne-peut-pas-jouer-ce-type-de-premiere-mi-temps-peste-de-zerbi","status":"publish","type":"post","link":"https:\/\/www.europesays.com\/fr\/499380\/","title":{"rendered":"\u00ab\u00a0L&rsquo;\u00e9quipe ne peut pas jouer ce type de premi\u00e8re mi-temps\u00a0\u00bb, peste De Zerbi"},"content":{"rendered":"<p><strong>Comment expliquez-vous cette premi\u00e8re mi-temps compl\u00e8tement rat\u00e9e\u00a0?<\/strong>&#13;\n<\/p>\n<p>C\u2019est difficile, honn\u00eatement. On sort de deux d\u00e9faites, o\u00f9 l\u2019on avait bien jou\u00e9. On avait des joueurs frais, <a href=\"https:\/\/www.laprovence.com\/article\/om\/1488550683925\/lens-om-ce-quil-faut-retenir-de-la-conference-de-presse-de-cj-egan-riley-et-roberto-de-zerbi\" target=\"_blank\" rel=\"noopener\">comme Egan-Riley,<\/a> Angel Gomes et Aubameyang, qui n\u2019avait pas d\u00e9marr\u00e9 \u00e0 Lens. M\u00eame si l\u2019on a men\u00e9 un temps, je ne m\u2019attendais pas \u00e0 ce type de prestation, \u00e0 courir apr\u00e8s le score. Il faut que l\u2019on d\u00e9cide qui l\u2019on veut \u00eatre. L\u2019\u00e9quipe qui a bien jou\u00e9 contre le PSG, avec caract\u00e8re et concentration, ou celle qui est irr\u00e9guli\u00e8re, qui change comme le temps.<\/p>\n<p><strong>Quelles sont les nouvelles de Bilal Nadir qui est sorti en cours de match sur civi\u00e8re\u00a0?<\/strong>&#13;\n<\/p>\n<p>Nadir a repris connaissance. Il est parti \u00e0 l\u2019h\u00f4pital faire des tests. On est tous pr\u00e9occup\u00e9s, on esp\u00e8re qu\u2019il n\u2019y a rien de grave.<\/p>\n<p><strong>Comment g\u00e9rez-vous les joueurs que vous remplacez \u00e0 la pause\u00a0?<\/strong>&#13;\n<\/p>\n<p>Si quelqu\u2019un n\u2019est pas bon, selon moi, il faut le changer. C\u2019est mon travail, je prends ma responsabilit\u00e9. \u00c7a ne veut pas dire qu\u2019ils sont les seuls fautifs de cette mauvaise premi\u00e8re mi-temps. Ce n\u2019est pas la faute de Murillo, Vermeeren et Gomes\u2026 Je peux m\u00eame vous dire que l\u2019un d\u2019entre eux sera s\u00fbrement titulaire \u00e0 Auxerre samedi.<\/p>\n<p><strong>Vous encaissez beaucoup de buts en fin de match. Y a-t-il un d\u00e9but de traumatisme\u00a0?<\/strong>&#13;\n<\/p>\n<p>Ce qui m\u2019inqui\u00e8te le plus, c\u2019est que l\u2019on encaisse deux buts par match depuis Le\u00a0Havre\u2026 Cela fait beaucoup, malgr\u00e9 les circonstances. C\u2019est difficile de gagner des matches quand on encaisse deux buts.<\/p>\n<p><strong><a href=\"https:\/\/www.laprovence.com\/article\/om\/491556324357314\/om-apres-deux-defaites-lheure-est-a-la-dedramatisation\" target=\"_blank\" rel=\"noopener\">\u00cates-vous inquiet par cette s\u00e9quence de deux d\u00e9faites et un nul au go\u00fbt de revers\u00a0?<\/a><\/strong>&#13;\n<\/p>\n<p>Je ne suis pas pr\u00e9occup\u00e9. Je vais vous dire ce que j\u2019ai dit aux joueurs. Depuis que je suis ici, un an plus ou moins, je n\u2019ai rien \u00e0 reprocher, \u00e0 dire au club, qui a toujours essay\u00e9 de hausser le niveau. Apporter des changements avec courage, pour le bien du club. On essaie de pousser l\u2019OM vers le haut. Maintenant, il faut comprendre si l\u2019on m\u00e9rite de faire partie de cet OM. Moi et les joueurs. Est-ce qu\u2019on veut \u00eatre l\u2019OM du Clasico, ou l\u2019OM qui alterne les bons et le mauvais. Si c\u2019est cette seconde option, alors on ne m\u00e9rite pas d\u2019\u00eatre dans cet OM.<\/p>\n<p><strong>Un mot sur Robinio Vaz, la seule bonne nouvelle de la soir\u00e9e\u2026<\/strong>&#13;\n<\/p>\n<p>Il ne faut pas lui mettre de pression. Si je lui donne sa place, s\u2019il est rest\u00e9 cet \u00e9t\u00e9, c\u2019est parce qu\u2019il est pr\u00eat et bon. Il joue parce qu\u2019il est fort, par parce qu\u2019on pense \u00e0 une future vente en Premier League. Il a d\u00e9j\u00e0 prouv\u00e9 qu\u2019il pouvait \u00eatre un grand de cette \u00e9quipe.<\/p>\n<p><strong>Ressentez-vous un peu de fatigue dans votre \u00e9quipe, notamment en fin de match, avec l\u2019accumulation des bless\u00e9s\u00a0?<\/strong>&#13;\n<\/p>\n<p>Les bless\u00e9s influent forc\u00e9ment, Kondogbia, Medina, Traor\u00e9 et surtout Gouiri. Si j\u2019\u00e9tais rest\u00e9 \u00e0 Sassuolo, je n\u2019aurais jou\u00e9 qu\u2019un match par semaine et j\u2019aurais pu promener mon chien le lundi. On ne peut pas se plaindre de jouer tous les trois jours, on est all\u00e9 chercher cette qualification europ\u00e9enne la saison pass\u00e9e. Si l\u2019on ne veut plus jouer en milieu de semaine, il faut changer de club.<\/p>\n<p><strong>Sentez-vous de l\u2019abattement au sein du vestiaire, apr\u00e8s cette mauvaise s\u00e9rie\u00a0?<\/strong>&#13;\n<\/p>\n<p>On est tous unis dans le vestiaire, il n\u2019y a aucun souci. \u00c9videmment, tout le monde est triste. Mais mes joueurs sont forts et sont de bonnes personnes. Il faut bien analyser ce match. Il ne faut pas tout jeter \u00e0 la poubelle. On a souvent envie de tout d\u00e9truire quand \u00e7a ne va pas, mais on met beaucoup de temps \u00e0 construire. Ce n\u2019est pas le r\u00e9sultat qui m\u2019emb\u00eate, mais vraiment la premi\u00e8re mi-temps, le jeu proposer. L\u2019OM ne peut pas jouer ce type de premi\u00e8re mi-temps.<\/p>\n<p>Alexandre Dujeux (entra\u00eeneur d\u2019Angers)<\/p>\n<p>\u00ab\u00a0J\u2019ai vu une bonne performance de mes joueurs, une excellente premi\u00e8re mi-temps. On a mis en place ce qu\u2019on voulait offensivement et d\u00e9fensivement. C\u2019est une vraie belle performance et j\u2019aurais \u00e9t\u00e9 d\u00e9\u00e7u de ne pas ramener au moins un point. L\u2019OM a des points de fixation \u00e0 l\u2019int\u00e9rieur, l\u2019id\u00e9e \u00e9tait de couper les transmissions vers ces joueurs et de r\u00e9cup\u00e9rer intelligemment le ballon. Il fallait aussi utiliser la profondeur laiss\u00e9e par les Marseillais. On marque, Ch\u00e9rif a m\u00eame une superbe deuxi\u00e8me occasion. On avait mis beaucoup d\u2019intensit\u00e9 en premi\u00e8re p\u00e9riode, il fallait savoir si on avait la capacit\u00e9 \u00e0 tenir. On a fait des changements quand l\u2019OM a repris les devants pour aller au bout du match et finir fort.\u00a0\u00bb<\/p>\n","protected":false},"excerpt":{"rendered":"Comment expliquez-vous cette premi\u00e8re mi-temps compl\u00e8tement rat\u00e9e\u00a0?&#13; C\u2019est difficile, honn\u00eatement. On sort de deux d\u00e9faites, o\u00f9 l\u2019on avait&hellip;\n","protected":false},"author":2,"featured_media":499381,"comment_status":"","ping_status":"","sticky":false,"template":"","format":"standard","meta":{"footnotes":""},"categories":[9],"tags":[62174,17,1011,27,5236,10856,149,62019,5261,5055,60,36319],"class_list":{"0":"post-499380","1":"post","2":"type-post","3":"status-publish","4":"format-standard","5":"has-post-thumbnail","7":"category-sports","8":"tag-2-2","9":"tag-17","10":"tag-fr","11":"tag-france","12":"tag-jouer","13":"tag-lequipe","14":"tag-om","15":"tag-om-angers","16":"tag-pas","17":"tag-peut","18":"tag-sports","19":"tag-type"},"share_on_mastodon":{"url":"https:\/\/pubeurope.com\/@fr\/115461830997055448","error":""},"_links":{"self":[{"href":"https:\/\/www.europesays.com\/fr\/wp-json\/wp\/v2\/posts\/499380","targetHints":{"allow":["GET"]}}],"collection":[{"href":"https:\/\/www.europesays.com\/fr\/wp-json\/wp\/v2\/posts"}],"about":[{"href":"https:\/\/www.europesays.com\/fr\/wp-json\/wp\/v2\/types\/post"}],"author":[{"embeddable":true,"href":"https:\/\/www.europesays.com\/fr\/wp-json\/wp\/v2\/users\/2"}],"replies":[{"embeddable":true,"href":"https:\/\/www.europesays.com\/fr\/wp-json\/wp\/v2\/comments?post=499380"}],"version-history":[{"count":0,"href":"https:\/\/www.europesays.com\/fr\/wp-json\/wp\/v2\/posts\/499380\/revisions"}],"wp:featuredmedia":[{"embeddable":true,"href":"https:\/\/www.europesays.com\/fr\/wp-json\/wp\/v2\/media\/499381"}],"wp:attachment":[{"href":"https:\/\/www.europesays.com\/fr\/wp-json\/wp\/v2\/media?parent=499380"}],"wp:term":[{"taxonomy":"category","embeddable":true,"href":"https:\/\/www.europesays.com\/fr\/wp-json\/wp\/v2\/categories?post=499380"},{"taxonomy":"post_tag","embeddable":true,"href":"https:\/\/www.europesays.com\/fr\/wp-json\/wp\/v2\/tags?post=499380"}],"curies":[{"name":"wp","href":"https:\/\/api.w.org\/{rel}","templated":true}]}}