{"id":499382,"date":"2025-10-30T07:01:22","date_gmt":"2025-10-30T07:01:22","guid":{"rendered":"https:\/\/www.europesays.com\/fr\/499382\/"},"modified":"2025-10-30T07:01:22","modified_gmt":"2025-10-30T07:01:22","slug":"vincent-lagaf-se-confie-sur-son-operation-du-coeur","status":"publish","type":"post","link":"https:\/\/www.europesays.com\/fr\/499382\/","title":{"rendered":"Vincent Lagaf se confie sur son op\u00e9ration du c\u0153ur"},"content":{"rendered":"<p class=\"article-p mdl\">Il \u00e9tait \u00e0 \u00ab\u00a0deux doigts\u00a0\u00bb de l&rsquo;accident vasculaire. Vincent Lagaf,\u00a0<a class=\"link\" href=\"https:\/\/www.rtl.fr\/culture\/medias-people\/invite-rtl-vincent-lagaf-j-ai-divise-mon-cachet-par-5-7900452568\" target=\"_blank\" rel=\"noopener\">animateur phare du Bigdil<\/a>\u00a0de retour\u00a0ce jeudi 30 octobre \u00e0 la t\u00e9l\u00e9vision, sur RMC Story, raconte son\u00a0op\u00e9ration du c\u0153ur r\u00e9alis\u00e9e en urgence en juillet. Dans les colonnes du\u00a0<a class=\"link\" href=\"https:\/\/www.leparisien.fr\/culture-loisirs\/tv\/jai-failli-mourir-opere-du-coeur-cet-ete-vincent-lagaf-retrouve-la-tete-du-bigdil-desormais-le-jeudi-29-10-2025-4W6RWMZNMZBK7GG33EUJUH2RSY.php\" target=\"_blank\" rel=\"noopener\">Parisien<\/a>, celui qui se d\u00e9crit comme un \u00ab\u00a0clown moderne\u00a0\u00bb explique avoir subi un quintuple pontage.<\/p>\n<p class=\"article-p mdl\">L&rsquo;animateur de 65 ans a commenc\u00e9 \u00e0 subir des sympt\u00f4mes inqui\u00e9tants \u00e0 la fin des tournages de l\u2019\u00e9mission de TF1. Vincent Lagaf dit avoir ressenti une fatigue \u00ab\u00a0comme (il) n&rsquo;en a jamais connu\u00a0\u00bb. \u00ab\u00a0Je ne pouvais plus courir comme je le faisais sans \u00eatre extr\u00eamement essouffl\u00e9. Mes proches s\u2019inqui\u00e9taient, mais je refusais d\u2019y pr\u00eater attention\u00a0\u00bb, se rem\u00e9more-t-il.\u00a0<\/p>\n<p class=\"article-p mdl\">Son fils, Robin, \u00e9galement cadreur sur Le Bigdil, le convainc de consulter. 24 heures plus tard, apr\u00e8s de multiples examens, son cardiologue lui annonce qu&rsquo;il doit subir un quintuple pontage, une op\u00e9ration pr\u00e9vue le lundi suivant.<\/p>\n<p>            Pronostic vital engag\u00e9<\/p>\n<p class=\"article-p mdl\">Vincent Lagaf confie avoir h\u00e9sit\u00e9 \u00e0 se faire op\u00e9rer, jusqu&rsquo;\u00e0 ce que son m\u00e9decin lui annonce que son \u00ab\u00a0pronostic vital (\u00e9tait) engag\u00e9\u00a0\u00bb.<\/p>\n<p class=\"article-p mdl\">\u00ab\u00a0Cette phrase, on se dit que ce ne sont que des mots, mais quand on te l\u2019annonce, c\u2019est un choc\u00a0\u00bb, raconte-t-il. Avec une art\u00e8re bouch\u00e9e \u00e0 97%, l\u2019autre \u00e0 95%, il \u00e9tait \u00ab\u00a0\u00e0 deux doigts de l\u2019accident vasculaire\u00a0\u00bb.\u00a0<\/p>\n<p>        \u00c0 \u00e9couter<\/p>\n<p class=\"col-12 col-md-11\">\n<p>                                Arr\u00eat sur son : l&rsquo;agoraphobie de Vincent Lagaf&rsquo;\n                        <\/p>\n<p class=\"article-p mdl\">Le pr\u00e9sentateur de t\u00e9l\u00e9vision a finalement \u00e9t\u00e9 op\u00e9r\u00e9 le mercredi 30 juillet \u00e0 l&rsquo;h\u00f4pital Bichat, \u00e0 Paris, o\u00f9 il a pass\u00e9 quatre jours en r\u00e9animation. Une semaine d&rsquo;hospitalisation plus tard, il est admis en centre de r\u00e9\u00e9ducation\u00a0cardiaque dans les Hauts-de-Seine, juste \u00e0 temps pour assister \u00e0 la naissance de mon petit-fils. \u00ab\u00a0Ma vie n\u2019est faite que de signes\u00a0\u00bb, conclut-il.<\/p>\n<p>    La r\u00e9daction vous recommande<\/p>\n<p class=\"s-newsletter__title\">\n                L\u2019actualit\u00e9 par la r\u00e9daction de RTL dans votre bo\u00eete mail.\n            <\/p>\n<p class=\"s-newsletter__subtitle\">\n                Gr\u00e2ce \u00e0 votre compte RTL abonnez-vous \u00e0 la newsletter RTL info pour suivre toute l&rsquo;actualit\u00e9 au quotidien\n            <\/p>\n<p>\n                                    Lire la suite\n                                <\/p>\n","protected":false},"excerpt":{"rendered":"Il \u00e9tait \u00e0 \u00ab\u00a0deux doigts\u00a0\u00bb de l&rsquo;accident vasculaire. Vincent Lagaf,\u00a0animateur phare du Bigdil\u00a0de retour\u00a0ce jeudi 30 octobre \u00e0&hellip;\n","protected":false},"author":2,"featured_media":499383,"comment_status":"","ping_status":"","sticky":false,"template":"","format":"standard","meta":{"footnotes":""},"categories":[8],"tags":[58,59,2414,107,1011,27,973,24201],"class_list":{"0":"post-499382","1":"post","2":"type-post","3":"status-publish","4":"format-standard","5":"has-post-thumbnail","7":"category-divertissement","8":"tag-divertissement","9":"tag-entertainment","10":"tag-fil-culture","11":"tag-fil-info","12":"tag-fr","13":"tag-france","14":"tag-people","15":"tag-vincent-lagaf"},"share_on_mastodon":{"url":"https:\/\/pubeurope.com\/@fr\/115461834940533997","error":""},"_links":{"self":[{"href":"https:\/\/www.europesays.com\/fr\/wp-json\/wp\/v2\/posts\/499382","targetHints":{"allow":["GET"]}}],"collection":[{"href":"https:\/\/www.europesays.com\/fr\/wp-json\/wp\/v2\/posts"}],"about":[{"href":"https:\/\/www.europesays.com\/fr\/wp-json\/wp\/v2\/types\/post"}],"author":[{"embeddable":true,"href":"https:\/\/www.europesays.com\/fr\/wp-json\/wp\/v2\/users\/2"}],"replies":[{"embeddable":true,"href":"https:\/\/www.europesays.com\/fr\/wp-json\/wp\/v2\/comments?post=499382"}],"version-history":[{"count":0,"href":"https:\/\/www.europesays.com\/fr\/wp-json\/wp\/v2\/posts\/499382\/revisions"}],"wp:featuredmedia":[{"embeddable":true,"href":"https:\/\/www.europesays.com\/fr\/wp-json\/wp\/v2\/media\/499383"}],"wp:attachment":[{"href":"https:\/\/www.europesays.com\/fr\/wp-json\/wp\/v2\/media?parent=499382"}],"wp:term":[{"taxonomy":"category","embeddable":true,"href":"https:\/\/www.europesays.com\/fr\/wp-json\/wp\/v2\/categories?post=499382"},{"taxonomy":"post_tag","embeddable":true,"href":"https:\/\/www.europesays.com\/fr\/wp-json\/wp\/v2\/tags?post=499382"}],"curies":[{"name":"wp","href":"https:\/\/api.w.org\/{rel}","templated":true}]}}