{"id":499384,"date":"2025-10-30T07:02:18","date_gmt":"2025-10-30T07:02:18","guid":{"rendered":"https:\/\/www.europesays.com\/fr\/499384\/"},"modified":"2025-10-30T07:02:18","modified_gmt":"2025-10-30T07:02:18","slug":"3i-atlas-lobjet-mysterieux-qui-traverse-notre-systeme-solaire-a-toute-vitesse","status":"publish","type":"post","link":"https:\/\/www.europesays.com\/fr\/499384\/","title":{"rendered":"3I\/ATLAS, l&rsquo;objet myst\u00e9rieux qui traverse notre syst\u00e8me solaire \u00e0 toute vitesse"},"content":{"rendered":"<p>Le 1er juillet 2025, des astronomes utilisant le t\u00e9lescope ATLAS (Asteroid Terrestrial-impact Last Alert System) \u00e0 Rio Hurtado, au Chili, ont d\u00e9tect\u00e9 un objet peu lumineux se d\u00e9pla\u00e7ant rapidement, comme on n&rsquo;en avait jamais vu auparavant.<\/p>\n<p>Cette d\u00e9couverte, officiellement baptis\u00e9e 3I\/ATLAS (C\/2025 N1), est le troisi\u00e8me objet interstellaire confirm\u00e9 jamais observ\u00e9, apr\u00e8s Oumuamua en 2017 et 2I\/Borisov en 2019.<\/p>\n<p>Mais qu&rsquo;est-ce que 3I\/ATLAS exactement, o\u00f9 va-t-il, et cet \u00e9trange visiteur venu d&rsquo;une autre \u00e9toile pourrait-il \u00eatre plus qu&rsquo;une simple com\u00e8te ?<\/p>\n<p>Qu&rsquo;est-ce que 3I\/ATLAS ?<\/p>\n<p>On pense que 3I\/ATLAS est une com\u00e8te : elle a une queue, brille \u00e0 l&rsquo;approche du Soleil et pr\u00e9sente des signes de lib\u00e9ration de poussi\u00e8res et de gaz.<\/p>\n<p>Son nom provient de ses origines : \u00ab\u00a03\u00a0\u00bb pour le troisi\u00e8me objet interstellaire d\u00e9couvert, \u00ab\u00a0I\u00a0\u00bb pour interstellaire et \u00ab\u00a0ATLAS\u00a0\u00bb pour le r\u00e9seau de t\u00e9lescopes qui l&rsquo;a rep\u00e9r\u00e9.<\/p>\n<p>Ce qui le rend extraordinaire, c&rsquo;est sa provenance. Sa vitesse et sa trajectoire montrent qu&rsquo;il n&rsquo;est pas li\u00e9 gravitationnellement au Soleil, ce qui signifie qu&rsquo;il doit provenir d&rsquo;un autre syst\u00e8me stellaire et qu&rsquo;il s&rsquo;est retrouv\u00e9 par hasard dans le n\u00f4tre.<\/p>\n<p>\u00c0 quelle vitesse se d\u00e9place 3I\/ATLAS ?<\/p>\n<p>Selon les astronomes, la com\u00e8te 3I\/ATLAS se d\u00e9place dans l&rsquo;espace \u00e0 plus de 200 000 km\/h (environ 61 km par seconde), et sa vitesse augmente \u00e0 mesure qu&rsquo;elle s&rsquo;approche du Soleil.<\/p>\n<p>Elle suit une orbite hyperbolique, ce qui signifie qu&rsquo;elle se d\u00e9place trop rapidement pour \u00eatre captur\u00e9e par la gravit\u00e9 du Soleil.<\/p>\n<p>\u00ab\u00a0Elle va traverser le syst\u00e8me solaire interne, entre Mars et l&rsquo;orbite terrestre, puis passer devant le Soleil\u00a0\u00bb, a d\u00e9clar\u00e9 Con Stoitsis, directeur des com\u00e8tes et des m\u00e9t\u00e9ores \u00e0 la Soci\u00e9t\u00e9 astronomique de Victoria, au Guardian.<\/p>\n<p>\u00ab\u00a0Celle-ci est sur ce que nous appelons une orbite hyperbolique. Elle n&rsquo;est donc pas li\u00e9e au soleil par la gravitation. Elle voyage beaucoup trop vite et va donc s&rsquo;envoler de l&rsquo;autre c\u00f4t\u00e9 du syst\u00e8me solaire\u00a0\u00bb, a-t-il ajout\u00e9.<\/p>\n<p>Selon la NASA, 3I\/Atlas s&rsquo;approchera au plus pr\u00e8s de la Terre \u00e0 environ 270 millions de kilom\u00e8tres.<\/p>\n<p>S&rsquo;agit-il d&rsquo;autre chose que d&rsquo;une com\u00e8te ?<\/p>\n<p>Pour la plupart des astronomes, 3I\/ATLAS est un ph\u00e9nom\u00e8ne passionnant mais naturel. Mais un scientifique de renom, le professeur Avi Loeb, astrophysicien th\u00e9orique \u00e0 l&rsquo;universit\u00e9 de Harvard, a soulign\u00e9 la n\u00e9cessit\u00e9 d&rsquo;un examen plus approfondi de l&rsquo;objet.<\/p>\n<p>Dans le cadre du projet Galileo, qui \u00e9tudie les preuves potentielles de l&rsquo;existence d&rsquo;une technologie extraterrestre, Avi Loeb a pos\u00e9 des questions provocantes et d\u00e9rangeantes sur l&rsquo;origine de 3I\/ATLAS.<\/p>\n<p>Dans une s\u00e9rie d&rsquo;essais scientifiques publi\u00e9s sur <a href=\"https:\/\/avi-loeb.medium.com\/\" target=\"_blank\" rel=\"noreferrer nofollow noopener\"><strong>Medium<\/strong><\/a>, il affirme que les scientifiques devraient encore se demander si l&rsquo;objet pourrait \u00eatre une technologie extraterrestre &#8211; une sonde artificielle ou un artefact d&rsquo;une autre civilisation.<\/p>\n<p>Dans un essai intitul\u00e9 \u00ab\u00a0<a href=\"https:\/\/avi-loeb.medium.com\/does-3i-atlas-generate-its-own-light-e9775594afc5\" target=\"_blank\" rel=\"noreferrer nofollow noopener\"><strong>3I\/ATLAS g\u00e9n\u00e8re-t-il sa propre lumi\u00e8re ?<\/strong><\/a>\u00ab\u00a0, Avi Loeb se demande si la luminosit\u00e9 de l&rsquo;objet ne provient pas d&rsquo;une auto-luminosit\u00e9 plut\u00f4t que de la lumi\u00e8re solaire r\u00e9fl\u00e9chie, ce qui n&rsquo;est le cas d&rsquo;aucune com\u00e8te connue.<\/p>\n<p>\u00ab\u00a0L&rsquo;hypoth\u00e8se en question est que le r\u00e9cent visiteur interstellaire de notre syst\u00e8me solaire, 3I\/ATLAS1-10, est un artefact technologique et qu&rsquo;il est dot\u00e9 d&rsquo;une intelligence active. Si tel est le cas, deux possibilit\u00e9s s&rsquo;offrent \u00e0 nous : premi\u00e8rement, ses intentions sont enti\u00e8rement bienveillantes. Deuxi\u00e8mement, elles sont malveillantes, ou quelque chose entre les deux\u00a0\u00bb, \u00e9crit-il dans un article intitul\u00e9 \u00ab\u00a0Is the interstellar object 3I\/ATLAS alien technology ?\u00a0\u00bb (L&rsquo;objet interstellaire 3I\/ATLAS est-il une technologie \u00e9trang\u00e8re ?).<\/p>\n<p>\u00ab\u00a0Les cons\u00e9quences, si l&rsquo;hypoth\u00e8se s&rsquo;av\u00e9rait exacte, pourraient \u00eatre d\u00e9sastreuses pour l&rsquo;humanit\u00e9 et n\u00e9cessiter des mesures d\u00e9fensives\u00a0\u00bb, a-t-il averti.<\/p>\n<p>La NASA a fermement rejet\u00e9 le point de vue d&rsquo;Avi Loeb.<\/p>\n<p>\u00ab\u00a0Elle ressemble \u00e0 une com\u00e8te. Elle fait des choses comme une com\u00e8te. Elle ressemble tr\u00e8s, tr\u00e8s fortement, \u00e0 presque tous les \u00e9gards, aux com\u00e8tes que nous connaissons\u00a0\u00bb, a d\u00e9clar\u00e9 Tom Statler, responsable scientifique de la NASA pour les petits corps du syst\u00e8me solaire, au Guardian.<\/p>\n<p>Avi Loeb a depuis reconnu dans un billet de blog que \u00ab\u00a0l&rsquo;hypoth\u00e8se la plus simple est que 3I\/ATLAS est une com\u00e8te\u00a0\u00bb, pr\u00e9cisant que son objectif \u00e9tait de remettre en question des hypoth\u00e8ses .<\/p>\n<p>\u00ab\u00a0Gardons notre curiosit\u00e9 d&rsquo;enfant et cherchons des preuves plut\u00f4t que de pr\u00e9tendre \u00eatre les adultes qui connaissent les r\u00e9ponses \u00e0 l&rsquo;avance\u00a0\u00bb, a-t-il \u00e9crit.<\/p>\n<p>Pourrons-nous voir 3I\/ATLAS ?<\/p>\n<p>La com\u00e8te s&rsquo;approchera au plus pr\u00e8s du Soleil vers le 30 octobre, juste \u00e0 l&rsquo;int\u00e9rieur de l&rsquo;orbite de Mars.<\/p>\n<p>Sa taille et ses propri\u00e9t\u00e9s physiques sont encore \u00e0 l&rsquo;\u00e9tude, mais la NASA indique qu&rsquo;elle devrait redevenir visible \u00e0 l&rsquo;aide de t\u00e9lescopes terrestres au d\u00e9but du mois de d\u00e9cembre, une fois qu&rsquo;elle aura \u00e9merg\u00e9 de derri\u00e8re le Soleil.<\/p>\n","protected":false},"excerpt":{"rendered":"Le 1er juillet 2025, des astronomes utilisant le t\u00e9lescope ATLAS (Asteroid Terrestrial-impact Last Alert System) \u00e0 Rio Hurtado,&hellip;\n","protected":false},"author":2,"featured_media":499385,"comment_status":"","ping_status":"","sticky":false,"template":"","format":"standard","meta":{"footnotes":""},"categories":[7],"tags":[5975,1011,27,666,62175,43,40,41,39,24901,42,44],"class_list":{"0":"post-499384","1":"post","2":"type-post","3":"status-publish","4":"format-standard","5":"has-post-thumbnail","7":"category-sciences-et-technologies","8":"tag-decouverte","9":"tag-fr","10":"tag-france","11":"tag-harvard","12":"tag-recherche-spatiale","13":"tag-science","14":"tag-science-and-technology","15":"tag-sciences","16":"tag-sciences-et-technologies","17":"tag-systeme-solaire","18":"tag-technologies","19":"tag-technology"},"share_on_mastodon":{"url":"https:\/\/pubeurope.com\/@fr\/115461838895859351","error":""},"_links":{"self":[{"href":"https:\/\/www.europesays.com\/fr\/wp-json\/wp\/v2\/posts\/499384","targetHints":{"allow":["GET"]}}],"collection":[{"href":"https:\/\/www.europesays.com\/fr\/wp-json\/wp\/v2\/posts"}],"about":[{"href":"https:\/\/www.europesays.com\/fr\/wp-json\/wp\/v2\/types\/post"}],"author":[{"embeddable":true,"href":"https:\/\/www.europesays.com\/fr\/wp-json\/wp\/v2\/users\/2"}],"replies":[{"embeddable":true,"href":"https:\/\/www.europesays.com\/fr\/wp-json\/wp\/v2\/comments?post=499384"}],"version-history":[{"count":0,"href":"https:\/\/www.europesays.com\/fr\/wp-json\/wp\/v2\/posts\/499384\/revisions"}],"wp:featuredmedia":[{"embeddable":true,"href":"https:\/\/www.europesays.com\/fr\/wp-json\/wp\/v2\/media\/499385"}],"wp:attachment":[{"href":"https:\/\/www.europesays.com\/fr\/wp-json\/wp\/v2\/media?parent=499384"}],"wp:term":[{"taxonomy":"category","embeddable":true,"href":"https:\/\/www.europesays.com\/fr\/wp-json\/wp\/v2\/categories?post=499384"},{"taxonomy":"post_tag","embeddable":true,"href":"https:\/\/www.europesays.com\/fr\/wp-json\/wp\/v2\/tags?post=499384"}],"curies":[{"name":"wp","href":"https:\/\/api.w.org\/{rel}","templated":true}]}}