{"id":499394,"date":"2025-10-30T07:07:18","date_gmt":"2025-10-30T07:07:18","guid":{"rendered":"https:\/\/www.europesays.com\/fr\/499394\/"},"modified":"2025-10-30T07:07:18","modified_gmt":"2025-10-30T07:07:18","slug":"une-femme-de-39-ans-agressee-sexuellement-dans-un-train-entre-saint-etienne-et-firminy","status":"publish","type":"post","link":"https:\/\/www.europesays.com\/fr\/499394\/","title":{"rendered":"Une femme de 39 ans agress\u00e9e sexuellement dans un train entre Saint-Etienne et Firminy"},"content":{"rendered":"\n<p>Mise \u00e0 jour \u00e0 16h25 : Le suspect a \u00e9t\u00e9 plac\u00e9 sous controle judicaire et devra comparaitre le 26 d\u00e9cembre 2025.<\/p>\n<p>Ce lundi 27 octobre, aux alentours de 17h30, une femme de 39 ans a \u00e9t\u00e9 agress\u00e9e sexuellement dans un train entre Saint-Etienne et Firminy. Un jeune homme de 20 ans s\u2019est assis \u00e0 ses c\u00f4t\u00e9s avant de se lever et de lui toucher la poitrine \u00e0 hauteur de la gare de Carnot. La victime ne s\u2019est pas laiss\u00e9 faire et a appel\u00e9 rapidement la police qui a pu interpeller le jeune agresseur d\u00e9j\u00e0 connu pour 7 faits similaires, dont deux sur des mineures.<\/p>\n<p>En garde \u00e0 vue, il a reconnu les faits tout en justifiant ses actes de mani\u00e8re surprenante. Il a en effet affirm\u00e9 avoir lui-m\u00eame \u00e9t\u00e9 agress\u00e9 quelques heures avant par un individu masqu\u00e9 avec un couteau qui lui aurait alors demand\u00e9 d\u2019agresser une femme.<\/p>\n<p>Il a \u00e9t\u00e9 pr\u00e9sent\u00e9 ce matin au tribunal de Saint-Etienne pour \u00eatre jug\u00e9 en comparution imm\u00e9diate.<\/p>\n","protected":false},"excerpt":{"rendered":"Mise \u00e0 jour \u00e0 16h25 : Le suspect a \u00e9t\u00e9 plac\u00e9 sous controle judicaire et devra comparaitre le&hellip;\n","protected":false},"author":2,"featured_media":499395,"comment_status":"","ping_status":"","sticky":false,"template":"","format":"standard","meta":{"footnotes":""},"categories":[9653],"tags":[1111,11,1120,62176,2430,1777,674,10501,1011,27,3367,12,1072,25,55668,4001],"class_list":{"0":"post-499394","1":"post","2":"type-post","3":"status-publish","4":"format-standard","5":"has-post-thumbnail","7":"category-saint-etienne","8":"tag-actu","9":"tag-actualites","10":"tag-agression","11":"tag-agression_sexuelle","12":"tag-auvergne-rhone-alpes","13":"tag-eu","14":"tag-europe","15":"tag-fait_divers","16":"tag-fr","17":"tag-france","18":"tag-loire","19":"tag-news","20":"tag-police","21":"tag-republique-francaise","22":"tag-saint_etienne","23":"tag-saint-etienne"},"share_on_mastodon":{"url":"https:\/\/pubeurope.com\/@fr\/115461858512996500","error":""},"_links":{"self":[{"href":"https:\/\/www.europesays.com\/fr\/wp-json\/wp\/v2\/posts\/499394","targetHints":{"allow":["GET"]}}],"collection":[{"href":"https:\/\/www.europesays.com\/fr\/wp-json\/wp\/v2\/posts"}],"about":[{"href":"https:\/\/www.europesays.com\/fr\/wp-json\/wp\/v2\/types\/post"}],"author":[{"embeddable":true,"href":"https:\/\/www.europesays.com\/fr\/wp-json\/wp\/v2\/users\/2"}],"replies":[{"embeddable":true,"href":"https:\/\/www.europesays.com\/fr\/wp-json\/wp\/v2\/comments?post=499394"}],"version-history":[{"count":0,"href":"https:\/\/www.europesays.com\/fr\/wp-json\/wp\/v2\/posts\/499394\/revisions"}],"wp:featuredmedia":[{"embeddable":true,"href":"https:\/\/www.europesays.com\/fr\/wp-json\/wp\/v2\/media\/499395"}],"wp:attachment":[{"href":"https:\/\/www.europesays.com\/fr\/wp-json\/wp\/v2\/media?parent=499394"}],"wp:term":[{"taxonomy":"category","embeddable":true,"href":"https:\/\/www.europesays.com\/fr\/wp-json\/wp\/v2\/categories?post=499394"},{"taxonomy":"post_tag","embeddable":true,"href":"https:\/\/www.europesays.com\/fr\/wp-json\/wp\/v2\/tags?post=499394"}],"curies":[{"name":"wp","href":"https:\/\/api.w.org\/{rel}","templated":true}]}}