{"id":499400,"date":"2025-10-30T07:10:26","date_gmt":"2025-10-30T07:10:26","guid":{"rendered":"https:\/\/www.europesays.com\/fr\/499400\/"},"modified":"2025-10-30T07:10:26","modified_gmt":"2025-10-30T07:10:26","slug":"le-bateau-coule-mais-au-moins-on-est-tous-dedans","status":"publish","type":"post","link":"https:\/\/www.europesays.com\/fr\/499400\/","title":{"rendered":"\u00ab\u00a0Le bateau coule, mais au moins on est tous dedans\u00a0!\u00a0\u00bb"},"content":{"rendered":"<p><strong>Comment se passe cette tourn\u00e9e avec ce nouveau spectacle\u00a0?<\/strong><\/p>\n<p>\u00ab\u00a0Pour l\u2019instant, tout se passe tr\u00e8s bien. Les salles sont pleines, le public est au rendez-vous, et surtout, on s\u2019amuse \u00e9norm\u00e9ment. C\u2019est un vrai plaisir de retrouver la sc\u00e8ne.\u00a0\u00bb<\/p>\n<p><strong>Le premier avait connu un beau succ\u00e8s. \u00c9tait-il facile d\u2019encha\u00eener\u00a0?<\/strong><\/p>\n<p>\u00ab\u00a0Honn\u00eatement, oui. Pendant la tourn\u00e9e du premier, il y a eu le Covid, donc j\u2019ai eu le temps d\u2019\u00e9voluer, de changer. J\u2019\u00e9tais surtout impatiente de recommencer \u00e0 \u00e9crire, de cr\u00e9er un texte plus proche de ce que je suis aujourd\u2019hui. Il n\u2019y avait pas tant de pression, juste une envie de replonger.\u00a0\u00bb<\/p>\n<p><strong>Justement, cette p\u00e9riode de pand\u00e9mie a-t-elle chang\u00e9 votre fa\u00e7on d\u2019\u00e9crire ou de voir les choses\u00a0?<\/strong><\/p>\n<p>\u00ab\u00a0Sur le moment, oui. J\u2019habitais seule, donc c\u2019\u00e9tait tr\u00e8s anxiog\u00e8ne. L\u2019incertitude, la peur, la solitude\u2026 Tout \u00e7a m\u2019a fait prendre conscience de la valeur des choses simples\u00a0: pouvoir sortir, travailler, voir des gens. Avec le recul, on s\u2019est r\u00e9habitu\u00e9s \u00e0 nos vies, mais cette p\u00e9riode a laiss\u00e9 une trace.\u00a0\u00bb<\/p>\n<p><strong>Sur sc\u00e8ne, vous abordez des sujets graves, mais toujours avec une touche d\u2019optimisme\u2026\ufeff\u00a0?<\/strong><\/p>\n<p>\u00ab\u00a0Oui, c\u2019est une mani\u00e8re de voir les choses. Quand on \u00e9crit pour \u00eatre entendue ou lue, il faut que \u00e7a serve \u00e0 quelque chose. Je n\u2019ai pas envie de faire du \u201couin-ouin\u201d. J\u2019aimerais que les gens se disent \u00ab\u00a0moi aussi, je ressens \u00e7a\u00a0\u00bb. Peut-\u00eatre que le bateau coule, mais au moins, on est tous dedans\u00a0! Et puis, il y a toujours moyen de trouver quelque chose de dr\u00f4le dans le d\u00e9sespoir.\u00a0\u00bb<\/p>\n<p><strong>Vous maniez l\u2019autod\u00e9rision avec beaucoup de justesse. Le monde en manque\u00a0?<\/strong><\/p>\n<p>\u00ab\u00a0Je ne sais pas\u2026 Peut-\u00eatre. En g\u00e9n\u00e9ral, ceux qui en ont le plus besoin en ont le moins. Moi, je suis entour\u00e9e de gens qui en ont beaucoup, c\u2019est agr\u00e9able. En Belgique, on a cette culture-l\u00e0\u00a0: on se prend un peu moins au s\u00e9rieux, peut-\u00eatre parce qu\u2019on sait qu\u2019on n\u2019est que quatre millions de francophones. On a moins peur d\u2019avoir l\u2019air idiot.\u00a0\u00bb<\/p>\n<p><strong>L\u2019\u00e9criture, parfois, \u00e7a bloque\u00a0?<\/strong><\/p>\n<p>\u00ab\u00a0Bien s\u00fbr. Parfois, on sent qu\u2019on tient un sujet, mais qu\u2019on n\u2019a pas encore trouv\u00e9 la bonne mani\u00e8re de l\u2019aborder. C\u2019est frustrant, on a envie d\u2019abandonner. Mais souvent, quand \u00e7a r\u00e9siste, c\u2019est qu\u2019il y a quelque chose d\u2019int\u00e9ressant derri\u00e8re. C\u2019est l\u00e0 qu\u2019il faut insister.\u00a0\u00bb<\/p>\n<p><strong>Le stand-up francophone est en pleine effervescence. Est-ce stimulant ou intimidant\u00a0?<\/strong><\/p>\n<p>\u00ab\u00a0Les deux. Il y a \u00e9norm\u00e9ment d\u2019humoristes talentueux, et \u00e7a peut \u00eatre d\u00e9stabilisant. Mais c\u2019est surtout stimulant\u00a0: \u00e7a pousse \u00e0 se renouveler, \u00e0 faire mieux, \u00e0 creuser ailleurs. Cette \u00e9mulation est saine.\u00a0\u00bb<\/p>\n<p><strong>Vous \u00eates pass\u00e9e des vid\u00e9os au stand-up. \u00c0 quel moment vous vous \u00eates dit\u00a0: \u201cje me lance\u201d\u00a0?<\/strong><\/p>\n<p>\u00ab\u00a0Ce n\u2019\u00e9tait pas du tout pr\u00e9vu. J\u2019ai essay\u00e9 une fois, juste pour voir, sans intention d\u2019en refaire. Et puis j\u2019ai ador\u00e9. Au bout d\u2019un an, \u00e7a me faisait vivre, et j\u2019ai continu\u00e9. Ce n\u2019\u00e9tait pas un plan de carri\u00e8re, juste une envie qui a pris de la place.\u00a0\u00bb<\/p>\n<p><strong>Aujourd\u2019hui, vous \u00e9crivez aussi des romans, des chroniques, des podcasts\u2026 Vous aimez cette diversit\u00e9\u00a0?<\/strong><\/p>\n<p>\u00ab\u00a0Oui, beaucoup. J\u2019ai r\u00e9alis\u00e9 un court-m\u00e9trage, \u00e9crit un roman, fait des chroniques\u2026 J\u2019aime pouvoir me demander\u00a0: \u00ab\u00a0Quelle forme correspond \u00e0 cette id\u00e9e\u00a0?\u00a0\u00bb En ce moment, je d\u00e9couvre l\u2019\u00e9criture de s\u00e9rie, et c\u2019est encore un autre langage. C\u2019est passionnant.\u00a0\u00bb<\/p>\n<p><strong>Quel rapport entretenez-vous avec les r\u00e9seaux sociaux\u00a0?<\/strong><\/p>\n<p>\u00ab\u00a0Un rapport d\u2019amour-haine, comme tout le monde. C\u2019est dr\u00f4le, stimulant, j\u2019y ai rencontr\u00e9 des gens formidables. Mais je vois aussi \u00e0 quel point \u00e7a ab\u00eeme la sant\u00e9 mentale, et le temps que \u00e7a d\u00e9vore. C\u2019est un peu hypocrite de ma part, parce que j\u2019y poste encore des choses. Mais je culpabilise parfois de nourrir un syst\u00e8me qui rend les gens accros. C\u2019est compliqu\u00e9, oui.\u00a0\u00bb<\/p>\n<p><strong>Et au final, on fait la f\u00eate\u00a0?<\/strong><\/p>\n<p>Toujours. Parce qu\u2019au fond, c\u2019est d\u00e9j\u00e0 super de pouvoir le faire.<\/p>\n<p class=\"note\">Fanny Ruwet sera salle Poirel le samedi 15\u00a0novembre<\/p>\n","protected":false},"excerpt":{"rendered":"Comment se passe cette tourn\u00e9e avec ce nouveau spectacle\u00a0? \u00ab\u00a0Pour l\u2019instant, tout se passe tr\u00e8s bien. Les salles&hellip;\n","protected":false},"author":2,"featured_media":499401,"comment_status":"","ping_status":"","sticky":false,"template":"","format":"standard","meta":{"footnotes":""},"categories":[9635],"tags":[1111,11,1687,1707,1704,1706,1705,1777,674,1011,27,775,1702,1703,12,25,3140],"class_list":{"0":"post-499400","1":"post","2":"type-post","3":"status-publish","4":"format-standard","5":"has-post-thumbnail","7":"category-nancy","8":"tag-actu","9":"tag-actualites","10":"tag-culture-loisirs","11":"tag-edition-luneville","12":"tag-edition-nancy-et-agglomeration","13":"tag-edition-pont-a-mousson","14":"tag-edition-toul","15":"tag-eu","16":"tag-europe","17":"tag-fr","18":"tag-france","19":"tag-grand-est","20":"tag-nancy","21":"tag-nancy-ville-54b","22":"tag-news","23":"tag-republique-francaise","24":"tag-spectacle"},"share_on_mastodon":{"url":"https:\/\/pubeurope.com\/@fr\/115461870268177539","error":""},"_links":{"self":[{"href":"https:\/\/www.europesays.com\/fr\/wp-json\/wp\/v2\/posts\/499400","targetHints":{"allow":["GET"]}}],"collection":[{"href":"https:\/\/www.europesays.com\/fr\/wp-json\/wp\/v2\/posts"}],"about":[{"href":"https:\/\/www.europesays.com\/fr\/wp-json\/wp\/v2\/types\/post"}],"author":[{"embeddable":true,"href":"https:\/\/www.europesays.com\/fr\/wp-json\/wp\/v2\/users\/2"}],"replies":[{"embeddable":true,"href":"https:\/\/www.europesays.com\/fr\/wp-json\/wp\/v2\/comments?post=499400"}],"version-history":[{"count":0,"href":"https:\/\/www.europesays.com\/fr\/wp-json\/wp\/v2\/posts\/499400\/revisions"}],"wp:featuredmedia":[{"embeddable":true,"href":"https:\/\/www.europesays.com\/fr\/wp-json\/wp\/v2\/media\/499401"}],"wp:attachment":[{"href":"https:\/\/www.europesays.com\/fr\/wp-json\/wp\/v2\/media?parent=499400"}],"wp:term":[{"taxonomy":"category","embeddable":true,"href":"https:\/\/www.europesays.com\/fr\/wp-json\/wp\/v2\/categories?post=499400"},{"taxonomy":"post_tag","embeddable":true,"href":"https:\/\/www.europesays.com\/fr\/wp-json\/wp\/v2\/tags?post=499400"}],"curies":[{"name":"wp","href":"https:\/\/api.w.org\/{rel}","templated":true}]}}