{"id":499410,"date":"2025-10-30T07:15:11","date_gmt":"2025-10-30T07:15:11","guid":{"rendered":"https:\/\/www.europesays.com\/fr\/499410\/"},"modified":"2025-10-30T07:15:11","modified_gmt":"2025-10-30T07:15:11","slug":"a-rouen-elle-gagne-sa-bataille-contre-la-mdph-pour-son-fils-trisomique","status":"publish","type":"post","link":"https:\/\/www.europesays.com\/fr\/499410\/","title":{"rendered":"\u00e0 Rouen, elle gagne sa bataille contre la MDPH pour son fils trisomique"},"content":{"rendered":"<p>            Par<br \/>\n        <strong><br \/>\n            <a href=\"https:\/\/actu.fr\/auteur\/yann-rivallan\" title=\"Consulter tous les articles de Yann Rivallan\" target=\"_blank\" rel=\"noopener\">Yann Rivallan<\/a><br \/>\n        <\/strong><\/p>\n<p>        Publi\u00e9 le<\/p>\n<p>            30 oct. 2025 \u00e0 7h41        <\/p>\n<p>Le combat n\u2019est pas fini. Mais No\u00e9mie Lemoine vient de remporter une premi\u00e8re bataille. Maman d\u2019Alexis, un <strong>jeune gar\u00e7on trisomique<\/strong> de 3\u00a0ans et demi, elle se bat depuis plusieurs mois pour lui <a href=\"https:\/\/actu.fr\/normandie\/le-trait_76709\/il-y-a-urgence-a-rouen-noemie-se-bat-pour-que-son-fils-trisomique-beneficie-d-une-aide-a-l-ecole_63264677.html\" target=\"_blank\" rel=\"noopener\">obtenir une aide \u00e0 l\u2019\u00e9cole<\/a>. Une lutte acharn\u00e9e qui l\u2019a conduite au <a href=\"https:\/\/actu.fr\/tag\/tribunal-de-rouen\" target=\"_blank\" rel=\"noopener\">tribunal de Rouen<\/a> d\u00e9but octobre. Elle vient d\u2019obtenir <strong>gain de cause<\/strong>.<\/p>\n<p>On refuse une aide \u00e0 l\u2019\u00e9cole pour son fils<\/p>\n<p class=\" wall-content\">Depuis la fin d\u2019ann\u00e9e 2024, No\u00e9mie a tout fait pour pr\u00e9parer au mieux l\u2019arriv\u00e9e d\u2019Alexis <strong>en \u00e9cole maternelle<\/strong> \u00e0 la rentr\u00e9e de septembre\u00a02025 au Trait (Seine-Maritime). Mat\u00e9riel adapt\u00e9, d\u00e9marches administratives, dossier aupr\u00e8s de la maison du handicap ou encore r\u00e9unions anticip\u00e9es avec le personnel de l\u2019\u00e9cole\u2026 \u00ab\u2009J\u2019ai \u00e9t\u00e9 pr\u00e9voyante\u2009\u00bb, assure-t-elle.<\/p>\n<p class=\" wall-content\">Malgr\u00e9 tous ses efforts, la MDPH, la maison du handicap de la Seine-Maritime, a <strong>refus\u00e9 cat\u00e9goriquement<\/strong> d\u2019allouer un AESH, un accompagnant des \u00e9l\u00e8ves en situation de handicap, \u00e0 son fils.<\/p>\n<p class=\" wall-content\">Selon cette administration g\u00e9r\u00e9e par le D\u00e9partement de la Seine-Maritime, la situation du jeune trisomique ne n\u00e9cessite pas d\u2019aide suppl\u00e9mentaire \u00e0 l\u2019\u00e9cole. Alexis serait <strong>\u00ab\u2009suffisamment autonome\u2009\u00bb<\/strong>. Ce que contestent pourtant fermement ses proches et les professionnels de sant\u00e9 qui l\u2019ont suivi.<\/p>\n<p>\u00ab\u2009Il est exclu au quotidien\u2009\u00bb<\/p>\n<p class=\" wall-content\">En effet, Alexis n\u2019est \u00ab\u2009pas encore propre\u2009\u00bb, confirme sa m\u00e8re. \u00ab\u2009C\u2019est un enfant qui \u00e9prouve des lenteurs d\u2019ex\u00e9cution, il a besoin qu\u2019on lui reformule des consignes, qu\u2019on l\u2019accompagne dans toutes ses t\u00e2ches et qu\u2019on l\u2019aide dans sa gestion \u00e9motionnelle\u2009\u00bb, assurait Me Leroux, l\u2019avocate de la famille, lors de l\u2019audience du 7\u00a0octobre dernier.<\/p>\n<p class=\" wall-content\">Bref, du haut de ses 3\u00a0ans et demi, Alexis est un petit gar\u00e7on capable de s\u2019int\u00e9grer dans une \u00e9cole classique, mais qui a <strong>besoin d\u2019une aide constante<\/strong>. Sans \u00e7a, \u00ab\u2009il est exclu au quotidien\u2009\u00bb, fait remarquer sa m\u00e8re. Sans AESH, il ne peut pas d\u00e9jeuner \u00e0 la cantine le midi pour sociabiliser avec les autres enfants, par exemple.<\/p>\n<p class=\" wall-content\">Il ne peut aller \u00e0 l\u2019\u00e9cole que trois demi-journ\u00e9es par semaine. Un temps qui pourrait s\u2019allonger s\u2019il avait une AESH.<\/p>\n<p>Votre r\u00e9gion, votre actu !<\/p>\n<p>Recevez chaque jour les infos qui comptent pour vous.<\/p>\n<p>\t<a href=\"https:\/\/actu.fr\/newsletter\" class=\"ac-btn ac-btn--corner ac-btn--medium ac-btn--blue800\" target=\"_blank\" rel=\"noopener\">S&rsquo;incrire<\/a><br \/>\nUne situation \u00ab\u2009urgente\u2009\u00bb pour le tribunal<\/p>\n<p class=\" wall-content\">Dans l\u2019attente d\u2019un proc\u00e8s plus complet en 2026, No\u00e9mie a finalement obtenu gain de cause aupr\u00e8s du tribunal de Rouen. Face aux refus de la MDPH d\u2019octroyer une AESH \u00e0 Alexis, elle est all\u00e9e jusque devant la justice pour assurer un avenir \u00e0 son fils.<\/p>\n<blockquote class=\"ac-article-quote wall-content\">\n<p>Il ne faut pas l\u00e2cher.<\/p>\n<p>    <strong>No\u00e9mie Lemoine<\/strong><br \/>\n        Maman d&rsquo;Alexis, jeune gar\u00e7on trisomique    <\/p><\/blockquote>\n<p class=\" wall-content\">La situation \u00e9tant jug\u00e9e \u00ab\u2009urgente\u2009\u00bb par le tribunal, une AESH vient d\u2019\u00eatre accord\u00e9e provisoirement au jeune gar\u00e7on pour une dur\u00e9e d\u2019un an. La MDPH et l\u2019\u00c9ducation Nationale ont donc l\u2019obligation de <strong>fournir une aide scolaire<\/strong> au jeune gar\u00e7on d\u00e8s la rentr\u00e9e du 3 novembre 2025, \u00e0 raison de 24h par semaine, selon une ordonnance du tribunal que 76actu a pu consulter.<\/p>\n<p class=\" wall-content\">Alexis devrait donc b\u00e9n\u00e9ficier d\u2019un accompagnant pendant 18 heures par semaine en classe et pendant 6 heures lors des repas \u00e0 la cantine le midi.<\/p>\n<p>\u00ab\u2009Il faut s\u2019accrocher\u2009\u00bb<\/p>\n<p class=\" wall-content\">Il ne s\u2019agit encore que d\u2019une \u00ab\u2009premi\u00e8re victoire\u2009\u00bb, pour No\u00e9mie Lemoine. L\u2019octroi de l\u2019AESH ne va durer qu\u2019un an. Toutefois, avec cette d\u00e9cision du tribunal, elle ne cache pas sa joie\u2009: \u00ab\u2009C\u2019est la preuve que \u00e7a a fini par payer\u2009\u00bb.<\/p>\n<p class=\" wall-content\">Cette bonne nouvelle, qui lui permet de souffler un peu, est aussi l\u2019occasion de lancer <strong>un message d\u2019espoir<\/strong> aux parents et b\u00e9n\u00e9ficiaires qui rencontrent les m\u00eames difficult\u00e9s\u2009: \u00ab\u2009On fait tout pour vous faire baisser les bras. Mais il faut s\u2019accrocher\u2009\u00bb.<\/p>\n<blockquote class=\"ac-article-quote wall-content\">\n<p>Plus on sera nombreux \u00e0 aller au tribunal, plus la MDPH sera oblig\u00e9e de faire un travail sur les dossiers.<\/p>\n<p>    <strong>No\u00e9mie Lemoine<\/strong><br \/>\n        Maman d&rsquo;Alexis, jeune gar\u00e7on trisomique    <\/p><\/blockquote>\n<p class=\" wall-content\">Mais la m\u00e8re de famille n\u2019est pas dupe. S\u2019il y a autant de difficult\u00e9s aujourd\u2019hui, c\u2019est aussi parce que l\u2019administration est <a href=\"https:\/\/actu.fr\/societe\/delai-d-attente-precarite-et-crise-de-nerf-cette-administration-de-la-seine-maritime-est-la-pire-de-france_61795224.html\" target=\"_blank\" rel=\"noopener\">en souffrance<\/a>. \u00ab\u2009Mais ce n\u2019est pas \u00e0 nous de payer\u2009\u00bb, r\u00e9torque-t-elle.<\/p>\n<p>Suivez l\u2019actualit\u00e9 de Rouen sur <a href=\"https:\/\/www.whatsapp.com\/channel\/0029VaKfnf99hXF2ddApFB1D\" target=\"_blank\" rel=\"noopener\">notre cha\u00eene WhatsApp<\/a> et sur <a href=\"https:\/\/www.tiktok.com\/@76actu.fr?lang=fr\" target=\"_blank\" rel=\"noopener\">notre compte TikTok<\/a><\/p>\n<p class=\" wall-content\">Personnalisez votre actualit\u00e9 en ajoutant vos villes et m\u00e9dias en favori avec <a href=\"https:\/\/moncompte.actu.fr\" title=\"D\u00e9couvez Mon Actu\" rel=\"nofollow noopener\" data-trk=\"{&quot;cta&quot;:{&quot;action&quot;:&quot;https:\\\/\\\/moncompte.actu.fr&quot;,&quot;category&quot;:&quot;mon compte&quot;,&quot;from&quot;:&quot;article footer&quot;,&quot;name&quot;:&quot;Mon actu&quot;,&quot;type&quot;:&quot;cta&quot;}}\" target=\"_blank\">Mon Actu<\/a>.<\/p>\n<p>                    <script async src=\"\/\/www.tiktok.com\/embed.js\"><\/script><\/p>\n","protected":false},"excerpt":{"rendered":"Par Yann Rivallan Publi\u00e9 le 30 oct. 2025 \u00e0 7h41 Le combat n\u2019est pas fini. Mais No\u00e9mie Lemoine&hellip;\n","protected":false},"author":2,"featured_media":499411,"comment_status":"","ping_status":"","sticky":false,"template":"","format":"standard","meta":{"footnotes":""},"categories":[9587],"tags":[1111,11,1777,674,1011,27,1943,303,12,5161,25,9590,104,13682],"class_list":{"0":"post-499410","1":"post","2":"type-post","3":"status-publish","4":"format-standard","5":"has-post-thumbnail","7":"category-rouen","8":"tag-actu","9":"tag-actualites","10":"tag-eu","11":"tag-europe","12":"tag-fr","13":"tag-france","14":"tag-handicap","15":"tag-justice","16":"tag-news","17":"tag-normandie","18":"tag-republique-francaise","19":"tag-rouen","20":"tag-societe","21":"tag-tribunal-de-rouen"},"share_on_mastodon":{"url":"https:\/\/pubeurope.com\/@fr\/115461890042339665","error":""},"_links":{"self":[{"href":"https:\/\/www.europesays.com\/fr\/wp-json\/wp\/v2\/posts\/499410","targetHints":{"allow":["GET"]}}],"collection":[{"href":"https:\/\/www.europesays.com\/fr\/wp-json\/wp\/v2\/posts"}],"about":[{"href":"https:\/\/www.europesays.com\/fr\/wp-json\/wp\/v2\/types\/post"}],"author":[{"embeddable":true,"href":"https:\/\/www.europesays.com\/fr\/wp-json\/wp\/v2\/users\/2"}],"replies":[{"embeddable":true,"href":"https:\/\/www.europesays.com\/fr\/wp-json\/wp\/v2\/comments?post=499410"}],"version-history":[{"count":0,"href":"https:\/\/www.europesays.com\/fr\/wp-json\/wp\/v2\/posts\/499410\/revisions"}],"wp:featuredmedia":[{"embeddable":true,"href":"https:\/\/www.europesays.com\/fr\/wp-json\/wp\/v2\/media\/499411"}],"wp:attachment":[{"href":"https:\/\/www.europesays.com\/fr\/wp-json\/wp\/v2\/media?parent=499410"}],"wp:term":[{"taxonomy":"category","embeddable":true,"href":"https:\/\/www.europesays.com\/fr\/wp-json\/wp\/v2\/categories?post=499410"},{"taxonomy":"post_tag","embeddable":true,"href":"https:\/\/www.europesays.com\/fr\/wp-json\/wp\/v2\/tags?post=499410"}],"curies":[{"name":"wp","href":"https:\/\/api.w.org\/{rel}","templated":true}]}}