{"id":499414,"date":"2025-10-30T07:19:12","date_gmt":"2025-10-30T07:19:12","guid":{"rendered":"https:\/\/www.europesays.com\/fr\/499414\/"},"modified":"2025-10-30T07:19:12","modified_gmt":"2025-10-30T07:19:12","slug":"une-octogenaire-devalisee-a-grenoble","status":"publish","type":"post","link":"https:\/\/www.europesays.com\/fr\/499414\/","title":{"rendered":"une octog\u00e9naire d\u00e9valis\u00e9e \u00e0 Grenoble"},"content":{"rendered":"<p>\t\t\t\t\t\t\t\t\t\t\t<img loading=\"lazy\" decoding=\"async\" width=\"1280\" title=\"Vol avec ruse : une octog\u00e9naire d\u00e9valis\u00e9e \u00e0 Grenoble\" class=\"img-fluid  mb-3\" src=\"https:\/\/grandgrenoble.alpes1.com\/media\/news\/vol-avec-ruse-une-octogenaire-devalisee-a-grenoble_69030c3fcd684.webp\" alt=\"Vol avec ruse : une octog\u00e9naire d\u00e9valis\u00e9e \u00e0 Grenoble\" itemprop=\"image\" height=\"720\"\/>\t\t\t\t\t\t\t\t\t\t\t\t<\/p>\n<p>Vol avec ruse : une octog\u00e9naire d\u00e9valis\u00e9e \u00e0 Grenoble &#8211; DR<\/p>\n<p itemprop=\"description\"><strong>Ce mercredi matin, une octog\u00e9naire vivant place Saint-Bruno \u00e0 Grenoble a laiss\u00e9 entrer chez elle deux individus mal intentionn\u00e9s.<\/strong><\/p>\n<p>Se pr\u00e9sentant comme nettoyeurs de balcons, ils ont profit\u00e9 de l&rsquo;occasion pour d\u00e9valiser leur victime. Pendant que l&rsquo;un des malfaiteurs occupait la vieille dame, l&rsquo;autre mettait la main sur ce qui tra\u00eenait. Ils sont ensuite repartis avec quelques centaines d&rsquo;euros en liquide.<\/p>\n<p>L&rsquo;octog\u00e9naire a port\u00e9 plainte, la police recherche activement le duo et pr\u00e9vient la population grenobloise de se m\u00e9fier de ces personnes qui usent de stratag\u00e8mes pour se faire ouvrir les portes de logements.<\/p>\n","protected":false},"excerpt":{"rendered":"Vol avec ruse : une octog\u00e9naire d\u00e9valis\u00e9e \u00e0 Grenoble &#8211; DR Ce mercredi matin, une octog\u00e9naire vivant place&hellip;\n","protected":false},"author":2,"featured_media":499415,"comment_status":"","ping_status":"","sticky":false,"template":"","format":"standard","meta":{"footnotes":""},"categories":[9566],"tags":[1111,11,7733,8279,2430,7736,650,7734,2889,2263,1777,674,1011,27,2731,8280,6417,1114,108,4662,12,3725,1825,25,7737],"class_list":{"0":"post-499414","1":"post","2":"type-post","3":"status-publish","4":"format-standard","5":"has-post-thumbnail","7":"category-grenoble","8":"tag-actu","9":"tag-actualites","10":"tag-alpes","11":"tag-alpes1","12":"tag-auvergne-rhone-alpes","13":"tag-cds","14":"tag-cinema","15":"tag-ecoute","16":"tag-emission","17":"tag-equipe","18":"tag-eu","19":"tag-europe","20":"tag-fr","21":"tag-france","22":"tag-grenoble","23":"tag-haute","24":"tag-information","25":"tag-infos","26":"tag-isere","27":"tag-journal","28":"tag-news","29":"tag-podcast","30":"tag-radio","31":"tag-republique-francaise","32":"tag-winamp"},"share_on_mastodon":{"url":"https:\/\/pubeurope.com\/@fr\/115461906499023532","error":""},"_links":{"self":[{"href":"https:\/\/www.europesays.com\/fr\/wp-json\/wp\/v2\/posts\/499414","targetHints":{"allow":["GET"]}}],"collection":[{"href":"https:\/\/www.europesays.com\/fr\/wp-json\/wp\/v2\/posts"}],"about":[{"href":"https:\/\/www.europesays.com\/fr\/wp-json\/wp\/v2\/types\/post"}],"author":[{"embeddable":true,"href":"https:\/\/www.europesays.com\/fr\/wp-json\/wp\/v2\/users\/2"}],"replies":[{"embeddable":true,"href":"https:\/\/www.europesays.com\/fr\/wp-json\/wp\/v2\/comments?post=499414"}],"version-history":[{"count":0,"href":"https:\/\/www.europesays.com\/fr\/wp-json\/wp\/v2\/posts\/499414\/revisions"}],"wp:featuredmedia":[{"embeddable":true,"href":"https:\/\/www.europesays.com\/fr\/wp-json\/wp\/v2\/media\/499415"}],"wp:attachment":[{"href":"https:\/\/www.europesays.com\/fr\/wp-json\/wp\/v2\/media?parent=499414"}],"wp:term":[{"taxonomy":"category","embeddable":true,"href":"https:\/\/www.europesays.com\/fr\/wp-json\/wp\/v2\/categories?post=499414"},{"taxonomy":"post_tag","embeddable":true,"href":"https:\/\/www.europesays.com\/fr\/wp-json\/wp\/v2\/tags?post=499414"}],"curies":[{"name":"wp","href":"https:\/\/api.w.org\/{rel}","templated":true}]}}