{"id":499416,"date":"2025-10-30T07:20:38","date_gmt":"2025-10-30T07:20:38","guid":{"rendered":"https:\/\/www.europesays.com\/fr\/499416\/"},"modified":"2025-10-30T07:20:38","modified_gmt":"2025-10-30T07:20:38","slug":"jai-fonctionne-au-coup-de-coeur-cette-creatrice-rennaise-ouvre-sa-seconde-boutique-boa","status":"publish","type":"post","link":"https:\/\/www.europesays.com\/fr\/499416\/","title":{"rendered":"\u00ab J\u2019ai fonctionn\u00e9 au coup de c\u0153ur \u00bb : cette cr\u00e9atrice rennaise ouvre sa seconde boutique Boa"},"content":{"rendered":"<p>C\u00e9line Hunault n\u2019est pas une inconnue \u00e0 Rennes. Jusqu\u2019\u00e0 l\u2019\u00e9t\u00e9 dernier, elle faisait partie des Rennaises qui proposent leurs cr\u00e9ations dans la boutique de d\u00e9coration, bijoux et objets <a href=\"http:\/\/www.rennes.maville.com\/actu\/actudet_-commerce-a-rennes.-a-mint-les-bijoux-en-voient-de-toutes-les-couleurs_52674-3649970_actu.Htm\" target=\"_self\" rel=\"nofollow noopener\">Mint, place du Champ-Jacquet.<\/a> Elle est aussi la fondatrice du <a href=\"https:\/\/rennes.maville.com\/actu\/actudet_-commerce-a-rennes.-boa-l-hypnotique-cabinet-de-curiosites-_52674-4639103_actu.Htm\" target=\"_self\" rel=\"nofollow noopener\">magasin Boa,<\/a> 4,\u00a0rue de Bertrand, dans le centre-ville. Et depuis peu, elle a ouvert une seconde boutique Boa, 6,\u00a0rue Edith Cavell, pr\u00e8s de la place du Parlement.<\/p>\n<p>D\u00e9coration, papeterie, livres, broches, mobiles, puzzles\u2026 <strong>\u00ab\u00a0Autant la premi\u00e8re Boa est une boutique hypercolor\u00e9e et pop, ce deuxi\u00e8me magasin se veut plus doux, plus pastel,<\/strong> pr\u00e9sente C\u00e9line Hunault. <strong>Je voulais m\u2019agrandir mais j\u2019ai aussi fonctionn\u00e9 au coup de c\u0153ur. J\u2019aime tellement ce lieu, rue Edith Cavell, avec cette devanture aux volutes Art Nouveau et presque centenaire.\u00a0\u00bb<\/strong>\u00a0<\/p>\n<p>Aussi, cette deuxi\u00e8me boutique se veut plus romantique, avec des livres davantage tourn\u00e9s vers les romans, comme ceux de Jane Austen.<\/p>\n<p>Des meubles chin\u00e9s<\/p>\n<p>Aimant la culture vintage, l\u2019esprit arts-d\u00e9co des ann\u00e9es 1930, C\u00e9line a chin\u00e9 les trois quarts des meubles chez les brocanteurs de la r\u00e9gion.\u00a0Au hasard de nos d\u00e9ambulations, on s\u2019arr\u00eate sur des bijoux brod\u00e9s \u00e0 la main de la marque granvillaise Macon &amp; Lesquoy, des cierges en forme de Sainte Vierge de la ciergerie des Pr\u00e9montr\u00e9s, des bougies litt\u00e9raires, ou encore de multiples puzzles et mobiles, ainsi que des livres.<\/p>\n<p>On y trouve tous les prix, d\u00e8s 2\u00a0\u20ac pour un crayon, \u00e0 139\u00a0\u20ac le mobile le plus cher.<\/p>\n<p>Boa, 6,\u00a0rue Edith-Cavell. Ouvert du mardi au samedi\u00a0: 11\u00a0h-13\u00a0h\u00a030 et 14\u00a0h\u00a030-19\u00a0h.\u00a0page Facebook et <a href=\"https:\/\/www.instagram.com\/boarennes\/?hl=fr\" target=\"_blank\" rel=\"nofollow noopener\">Insta Boa Rennes<\/a><\/p>\n<p>\u00a0<\/p>\n<p>\t\t<script async src=\"\/\/www.instagram.com\/embed.js\"><\/script><\/p>\n","protected":false},"excerpt":{"rendered":"C\u00e9line Hunault n\u2019est pas une inconnue \u00e0 Rennes. Jusqu\u2019\u00e0 l\u2019\u00e9t\u00e9 dernier, elle faisait partie des Rennaises qui proposent&hellip;\n","protected":false},"author":2,"featured_media":499417,"comment_status":"","ping_status":"","sticky":false,"template":"","format":"standard","meta":{"footnotes":""},"categories":[2821],"tags":[1111,11,35171,11647,829,3952,20078,1777,674,17998,1011,27,12,10102,3319,14336,584,25,10040,11489],"class_list":{"0":"post-499416","1":"post","2":"type-post","3":"status-publish","4":"format-standard","5":"has-post-thumbnail","7":"category-rennes","8":"tag-actu","9":"tag-actualites","10":"tag-boa","11":"tag-boutique","12":"tag-bretagne","13":"tag-coup","14":"tag-creatrice","15":"tag-eu","16":"tag-europe","17":"tag-fonctionne","18":"tag-fr","19":"tag-france","20":"tag-news","21":"tag-ouvre","22":"tag-quimper","23":"tag-rennaise","24":"tag-rennes","25":"tag-republique-francaise","26":"tag-seconde","27":"tag-ur"},"share_on_mastodon":{"url":"https:\/\/pubeurope.com\/@fr\/115461909587799381","error":""},"_links":{"self":[{"href":"https:\/\/www.europesays.com\/fr\/wp-json\/wp\/v2\/posts\/499416","targetHints":{"allow":["GET"]}}],"collection":[{"href":"https:\/\/www.europesays.com\/fr\/wp-json\/wp\/v2\/posts"}],"about":[{"href":"https:\/\/www.europesays.com\/fr\/wp-json\/wp\/v2\/types\/post"}],"author":[{"embeddable":true,"href":"https:\/\/www.europesays.com\/fr\/wp-json\/wp\/v2\/users\/2"}],"replies":[{"embeddable":true,"href":"https:\/\/www.europesays.com\/fr\/wp-json\/wp\/v2\/comments?post=499416"}],"version-history":[{"count":0,"href":"https:\/\/www.europesays.com\/fr\/wp-json\/wp\/v2\/posts\/499416\/revisions"}],"wp:featuredmedia":[{"embeddable":true,"href":"https:\/\/www.europesays.com\/fr\/wp-json\/wp\/v2\/media\/499417"}],"wp:attachment":[{"href":"https:\/\/www.europesays.com\/fr\/wp-json\/wp\/v2\/media?parent=499416"}],"wp:term":[{"taxonomy":"category","embeddable":true,"href":"https:\/\/www.europesays.com\/fr\/wp-json\/wp\/v2\/categories?post=499416"},{"taxonomy":"post_tag","embeddable":true,"href":"https:\/\/www.europesays.com\/fr\/wp-json\/wp\/v2\/tags?post=499416"}],"curies":[{"name":"wp","href":"https:\/\/api.w.org\/{rel}","templated":true}]}}