{"id":499420,"date":"2025-10-30T07:23:11","date_gmt":"2025-10-30T07:23:11","guid":{"rendered":"https:\/\/www.europesays.com\/fr\/499420\/"},"modified":"2025-10-30T07:23:11","modified_gmt":"2025-10-30T07:23:11","slug":"la-ville-offre-du-bois-pour-retrouver-le-coupable","status":"publish","type":"post","link":"https:\/\/www.europesays.com\/fr\/499420\/","title":{"rendered":"la ville offre du bois pour retrouver le coupable"},"content":{"rendered":"<p>Dans la for\u00eat municipale de Kehl, des inconnus ont r\u00e9cemment d\u00e9vast\u00e9 une zone de reboisement de la taille de deux terrains de football. L\u2019incident a suscit\u00e9 la consternation dans la r\u00e9gion.<\/p>\n<p>La zone de 1,2 hectare est situ\u00e9e directement sur un chemin forestier dans le quartier Bodersweier de Kehl. De nombreux pi\u00e9tons passent par l\u00e0, parfois m\u00eame une voiture. <a href=\"https:\/\/www.swr.de\/swraktuell\/baden-wuerttemberg\/suedbaden\/wer-hat-die-baeume-im-kehler-forst-abgeschnitten-100.html\" target=\"_blank\" rel=\"noopener\">Le forestier de Kehl, Markus Gutmann, en est persuad\u00e9<\/a> : ceux qui se sont promen\u00e9s ici il y a environ quatre \u00e0 cinq semaines ont forc\u00e9ment vu que quelqu\u2019un avait endommag\u00e9 les arbres. Il pense qu\u2019il s\u2019agit d\u2019un seul auteur et suppose que celui-ci a coup\u00e9 les pousses principales \u00e0 l\u2019aide d\u2019un s\u00e9cateur \u00e0 batterie, ce qui aurait n\u00e9anmoins pris plusieurs heures pour de 1 345 arbres.<\/p>\n<p>Le forestier suppose \u00e9galement que le vandale a une formation dans le domaine forestier et qu\u2019il a choisi cette zone de mani\u00e8re cibl\u00e9e. Gutmann pense que l\u2019auteur des faits s\u2019est fait passer pour un forestier, y compris en se d\u00e9guisant.<\/p>\n<p>Ce contenu est bloqu\u00e9 car vous n&rsquo;avez pas accept\u00e9 les cookies et autres traceurs.<\/p>\n<p>En cliquant sur \u00ab J\u2019accepte \u00bb, les cookies et autres traceurs seront d\u00e9pos\u00e9s et vous pourrez visualiser les contenus  (<a href=\"\" class=\"consentModule_policy\" target=\"_blank\" title=\"Consulter la politique de protection des donn\u00e9es du fournisseur\">plus d&rsquo;informations<\/a>).<\/p>\n<p>En cliquant sur \u00ab J\u2019accepte tous les cookies \u00bb, vous autorisez des d\u00e9p\u00f4ts de cookies et autres traceurs pour le stockage de vos donn\u00e9es sur nos sites et applications \u00e0 des fins de personnalisation et de ciblage publicitaire.<\/p>\n<p class=\"consentModule_secondaryText\">Vous gardez la possibilit\u00e9 de retirer votre consentement \u00e0 tout moment en consultant notre <a href=\"https:\/\/www.lalsace.fr\/protection-des-donnees\" target=\"_blank\" title=\"Consulter notre politique de protection des donn\u00e9es\" rel=\"noopener\">politique de protection des donn\u00e9es<\/a>. <br \/>&#13;<br \/>\n            <a href=\"https:\/\/www.lalsace.fr\/faits-divers-justice\/2025\/10\/29\/javascript:Didomi.notice.show()\" class=\"consentModule_cmp\" target=\"_blank\" rel=\"noopener\">G\u00e9rer mes choix<\/a>&#13;\n        <\/p>\n<p>&#13;<br \/>\n                        J&rsquo;accepte&#13;<br \/>\n            J&rsquo;accepte tous les cookies&#13;\n        <\/p>\n<p>  Une r\u00e9compense pour les t\u00e9moins<\/p>\n<p>La ville estime \u00e0 environ 25 000 euros les seuls dommages \u00e9conomiques. Ceux caus\u00e9s \u00e0 la nature sont difficilement \u00e9valuables. Pour replanter de nouveaux arbres de mani\u00e8re cibl\u00e9e, la ville de Kehl devrait investir 10 000 euros suppl\u00e9mentaires. Si elle d\u00e9cide de ne pas le faire, la parcelle restera probablement \u00e0 l\u2019abandon.<\/p>\n<p>La ville recherche d\u00e9sormais des t\u00e9moins. Une r\u00e9compense de cinq st\u00e8res (environ quatre m\u00e8tres cubes) de bois de chauffage a \u00e9t\u00e9 offerte pour toute information permettant d\u2019identifier le ou les auteurs. Pour l\u2019instant la population n\u2019a fourni aucune informationn selon la police d\u2019Offenbourg, interrog\u00e9e par nos confr\u00e8res de la SWR.<\/p>\n","protected":false},"excerpt":{"rendered":"Dans la for\u00eat municipale de Kehl, des inconnus ont r\u00e9cemment d\u00e9vast\u00e9 une zone de reboisement de la taille&hellip;\n","protected":false},"author":2,"featured_media":499421,"comment_status":"","ping_status":"","sticky":false,"template":"","format":"standard","meta":{"footnotes":""},"categories":[2820],"tags":[1111,11,672,1777,674,274,107,1011,27,775,12,25,1806,640],"class_list":{"0":"post-499420","1":"post","2":"type-post","3":"status-publish","4":"format-standard","5":"has-post-thumbnail","7":"category-strasbourg","8":"tag-actu","9":"tag-actualites","10":"tag-allemagne","11":"tag-eu","12":"tag-europe","13":"tag-faits-divers-justice","14":"tag-fil-info","15":"tag-fr","16":"tag-france","17":"tag-grand-est","18":"tag-news","19":"tag-republique-francaise","20":"tag-rheinblick","21":"tag-strasbourg"},"share_on_mastodon":{"url":"https:\/\/pubeurope.com\/@fr\/115461921498225364","error":""},"_links":{"self":[{"href":"https:\/\/www.europesays.com\/fr\/wp-json\/wp\/v2\/posts\/499420","targetHints":{"allow":["GET"]}}],"collection":[{"href":"https:\/\/www.europesays.com\/fr\/wp-json\/wp\/v2\/posts"}],"about":[{"href":"https:\/\/www.europesays.com\/fr\/wp-json\/wp\/v2\/types\/post"}],"author":[{"embeddable":true,"href":"https:\/\/www.europesays.com\/fr\/wp-json\/wp\/v2\/users\/2"}],"replies":[{"embeddable":true,"href":"https:\/\/www.europesays.com\/fr\/wp-json\/wp\/v2\/comments?post=499420"}],"version-history":[{"count":0,"href":"https:\/\/www.europesays.com\/fr\/wp-json\/wp\/v2\/posts\/499420\/revisions"}],"wp:featuredmedia":[{"embeddable":true,"href":"https:\/\/www.europesays.com\/fr\/wp-json\/wp\/v2\/media\/499421"}],"wp:attachment":[{"href":"https:\/\/www.europesays.com\/fr\/wp-json\/wp\/v2\/media?parent=499420"}],"wp:term":[{"taxonomy":"category","embeddable":true,"href":"https:\/\/www.europesays.com\/fr\/wp-json\/wp\/v2\/categories?post=499420"},{"taxonomy":"post_tag","embeddable":true,"href":"https:\/\/www.europesays.com\/fr\/wp-json\/wp\/v2\/tags?post=499420"}],"curies":[{"name":"wp","href":"https:\/\/api.w.org\/{rel}","templated":true}]}}