{"id":499422,"date":"2025-10-30T07:24:12","date_gmt":"2025-10-30T07:24:12","guid":{"rendered":"https:\/\/www.europesays.com\/fr\/499422\/"},"modified":"2025-10-30T07:24:12","modified_gmt":"2025-10-30T07:24:12","slug":"strasbourg-la-cts-en-quete-dun-nouveau-depot-pour-ses-trams","status":"publish","type":"post","link":"https:\/\/www.europesays.com\/fr\/499422\/","title":{"rendered":"Strasbourg. La CTS en qu\u00eate d\u2019un nouveau d\u00e9p\u00f4t pour ses trams"},"content":{"rendered":"<p>Avec la mise en service prochaine de <a href=\"https:\/\/www.dna.fr\/politique\/2025\/10\/29\/tram-ouest-a-l-approche-du-lancement-les-conducteurs-se-forment-a-une-situation-inedite?preview=true\" target=\"_blank\" rel=\"nofollow noopener\">l\u2019extension de la ligne F du tram<\/a> , le d\u00e9p\u00f4t de la CTS de l\u2019Elsau affiche d\u00e9sormais complet.\u00a0Situ\u00e9 rue du Tramway (\u00e7a ne s\u2019invente pas), il a atteint le maximum de ses capacit\u00e9s avec 29 rames d\u00e9volues aux lignes B et F. Un d\u00e9p\u00f4t strat\u00e9gique \u00ab\u00a0qui est \u00e0 saturation. La CTS est en recherche d\u2019un quatri\u00e8me site pour ouvrir un nouveau d\u00e9p\u00f4t\u00a0\u00bb, indique Patrick Maciejewski, pr\u00e9sident de la CTS.<\/p>\n<p>Aucun lieu d\u2019implantation n\u2019est connu pour l\u2019heure, mais le pr\u00e9sident de la CTS penche pour une localisation \u00ab\u00a0dans le nord\u00a0\u00bb de l\u2019agglom\u00e9ration. En regard du <a href=\"https:\/\/www.dna.fr\/economie\/2025\/10\/07\/la-convention-sur-le-tram-nord-defend-un-trace-via-le-site-heineken\" target=\"_blank\" rel=\"nofollow noopener\">projet du tram nord<\/a> qui n\u00e9cessitera n\u00e9cessairement de nouvelles rames, l\u2019id\u00e9e ne semble pas d\u00e9tonante. \u00ab\u00a0C\u2019est un vrai sujet\u00a0\u00bb, confirme-t-il. D\u2019autant plus complexe qu\u2019il faudra trouver la surface n\u00e9cessaire \u00e0 proximit\u00e9 d\u2019une ligne de tram, dans une agglom\u00e9ration o\u00f9 le foncier disponible se fait rare.\u00a0La CTS dispose actuellement de trois d\u00e9p\u00f4ts pour ses 119 rames\u00a0: le site historique de Cronenbourg, celui de la Kibitzenau et l\u2019Elsau.<\/p>\n","protected":false},"excerpt":{"rendered":"Avec la mise en service prochaine de l\u2019extension de la ligne F du tram , le d\u00e9p\u00f4t de&hellip;\n","protected":false},"author":2,"featured_media":499423,"comment_status":"","ping_status":"","sticky":false,"template":"","format":"standard","meta":{"footnotes":""},"categories":[2820],"tags":[1111,11,3542,2880,1777,674,107,1011,27,775,12,25,640,2879,2803],"class_list":{"0":"post-499422","1":"post","2":"type-post","3":"status-publish","4":"format-standard","5":"has-post-thumbnail","7":"category-strasbourg","8":"tag-actu","9":"tag-actualites","10":"tag-circulation","11":"tag-edition-strasbourg","12":"tag-eu","13":"tag-europe","14":"tag-fil-info","15":"tag-fr","16":"tag-france","17":"tag-grand-est","18":"tag-news","19":"tag-republique-francaise","20":"tag-strasbourg","21":"tag-strasbourg-ville","22":"tag-transport"},"share_on_mastodon":{"url":"https:\/\/pubeurope.com\/@fr\/115461925386413087","error":""},"_links":{"self":[{"href":"https:\/\/www.europesays.com\/fr\/wp-json\/wp\/v2\/posts\/499422","targetHints":{"allow":["GET"]}}],"collection":[{"href":"https:\/\/www.europesays.com\/fr\/wp-json\/wp\/v2\/posts"}],"about":[{"href":"https:\/\/www.europesays.com\/fr\/wp-json\/wp\/v2\/types\/post"}],"author":[{"embeddable":true,"href":"https:\/\/www.europesays.com\/fr\/wp-json\/wp\/v2\/users\/2"}],"replies":[{"embeddable":true,"href":"https:\/\/www.europesays.com\/fr\/wp-json\/wp\/v2\/comments?post=499422"}],"version-history":[{"count":0,"href":"https:\/\/www.europesays.com\/fr\/wp-json\/wp\/v2\/posts\/499422\/revisions"}],"wp:featuredmedia":[{"embeddable":true,"href":"https:\/\/www.europesays.com\/fr\/wp-json\/wp\/v2\/media\/499423"}],"wp:attachment":[{"href":"https:\/\/www.europesays.com\/fr\/wp-json\/wp\/v2\/media?parent=499422"}],"wp:term":[{"taxonomy":"category","embeddable":true,"href":"https:\/\/www.europesays.com\/fr\/wp-json\/wp\/v2\/categories?post=499422"},{"taxonomy":"post_tag","embeddable":true,"href":"https:\/\/www.europesays.com\/fr\/wp-json\/wp\/v2\/tags?post=499422"}],"curies":[{"name":"wp","href":"https:\/\/api.w.org\/{rel}","templated":true}]}}