{"id":499424,"date":"2025-10-30T07:25:11","date_gmt":"2025-10-30T07:25:11","guid":{"rendered":"https:\/\/www.europesays.com\/fr\/499424\/"},"modified":"2025-10-30T07:25:11","modified_gmt":"2025-10-30T07:25:11","slug":"nice-la-mairie-annonce-des-travaux-dans-toutes-ces-ecoles-voici-lesquelles","status":"publish","type":"post","link":"https:\/\/www.europesays.com\/fr\/499424\/","title":{"rendered":"Nice. La mairie annonce des travaux dans toutes ces \u00e9coles, voici lesquelles"},"content":{"rendered":"<p>            Par<br \/>\n        <strong><br \/>\n            <a href=\"https:\/\/actu.fr\/auteur\/arthur-frand\" title=\"Consulter tous les articles de Arthur Frand\" rel=\"nofollow noopener\" target=\"_blank\">Arthur Frand<\/a><br \/>\n        <\/strong><\/p>\n<p>        Publi\u00e9 le<\/p>\n<p>            30 oct. 2025 \u00e0 8h08        <\/p>\n<p>Surprise pour les \u00e9l\u00e8ves ni\u00e7ois. Apr\u00e8s deux semaines de vacances scolaires, ils reprennent le chemin de l\u2019\u00e9cole ce lundi 2\u00a0novembre et ils vont pouvoir observer <strong>quelques changements<\/strong> au sein de leurs \u00e9tablissements respectifs. En effet, la municipalit\u00e9 proc\u00e8de \u00e0 de <strong>nombreux travaux<\/strong> dans les \u00e9coles publiques, primaires et \u00e9l\u00e9mentaires, de Nice (<a href=\"https:\/\/actu.fr\/provence-alpes-cote-d-azur\/alpes-maritimes_06\" rel=\"nofollow noopener\" target=\"_blank\">Alpes-Maritimes<\/a>) durant ces vacances de la Toussaint.<\/p>\n<p class=\" wall-content\">Une mise \u00e0 profit du temps sans \u00e9coliers et sans personnel. Pendant ces deux semaines, 35 \u00e9coles b\u00e9n\u00e9ficient de <strong>36 op\u00e9rations de r\u00e9novation<\/strong>, de r\u00e9am\u00e9nagement, pr\u00e9cise la municipalit\u00e9 de Nice \u00e0<a href=\"https:\/\/actu.fr\/nice\/\" rel=\"nofollow noopener\" target=\"_blank\"> actu Nice<\/a>. Voici lesquelles.<\/p>\n<p>Travaux pratiques et v\u00e9g\u00e9talisation<\/p>\n<p class=\" wall-content\">Diverses op\u00e9rations ont eu lieu durant ces deux semaines\u2009:<\/p>\n<ul class=\" wall-content\">\n<li>Des <strong>travaux d\u2019\u00e9tanch\u00e9it\u00e9<\/strong> ont \u00e9t\u00e9 op\u00e9r\u00e9s dans les \u00e9coles \u00e9l\u00e9mentaires Digue des Fran\u00e7ais 2, Jules Ferry, Saint-Pierre d\u2019Ar\u00e8ne et Saint-Sylvestre. Pour un co\u00fbt global de 161\u2009800\u00a0\u20ac.<\/li>\n<li>De<strong> travaux de r\u00e9novation<\/strong> (am\u00e9nagements et peinture) ont eu lieu dans les \u00e9coles \u00e9l\u00e9mentaires Chalet des Roses, Magnolias 2, Th\u00e9r\u00e8se Rom\u00e9o 2, Jules Ferry, Nika\u00efa, les \u00e9coles primaires Madeleine Sup\u00e9rieure, Saint-Roman de Bellet, les \u00e9coles maternelles Saint-Sylvestre, Simone Veil, Val d\u2019Ariane, Jules Ferry et Rosa Bonheur ainsi que l\u2019\u00e9cole sp\u00e9cialis\u00e9e du Ch\u00e2teau. Pour un co\u00fbt global de 215\u2009000\u20ac.<\/li>\n<li>Des remplacements d\u2019huisseries ont eu lieu l\u2019\u00e9cole maternelle Les M\u00fbriers. Pour un co\u00fbt global de 80\u2009000\u00a0\u20ac.<\/li>\n<li>Deux pr\u00e9aux ont \u00e9t\u00e9 install\u00e9s, un \u00e0 l\u2019\u00e9cole primaire Aire Saint-Michel et un \u00e0 l\u2019\u00e9cole maternelle Rosalinde Rancher. Pour un co\u00fbt global de 122\u2009000\u00a0\u20ac.<\/li>\n<li>L\u2019installation de ventilateurs de plafond s\u2019est poursuivie dans plusieurs classes de 8 \u00e9coles\u2009: les maternelles Acacias, Bischoffsheim, du Ch\u00e2teau, Fouont Cauda et les \u00e9coles \u00e9l\u00e9mentaires Acacias, Bischoffsheim, Fouont Cauda 1 et 2. Pour un co\u00fbt global de 57\u2009156\u00a0\u20ac.<\/li>\n<li>Les <strong>op\u00e9rations de v\u00e9g\u00e9talisation<\/strong> des cours engag\u00e9es cet \u00e9t\u00e9 se sont aussi poursuivies, avec la plantation d\u2019arbres et d\u2019arbustes dans les cours des \u00e9coles maternelles Bellanda, Chalet des Roses et des \u00e9l\u00e9mentaires Caucade, du Ch\u00e2teau et Saint-Barth\u00e9lemy. Pour un co\u00fbt global engag\u00e9 cet \u00e9t\u00e9 de 297\u2009000\u00a0\u20ac.<\/li>\n<\/ul>\n<p class=\" wall-content\">Enfin, des travaux de r\u00e9novation et d\u2019am\u00e9nagement ont \u00e9t\u00e9 faits dans les espaces de restauration scolaire de l\u2019\u00e9cole Auber maternelle et \u00e9l\u00e9mentaire et \u00e0 l\u2019\u00e9cole Fabron. Pour un co\u00fbt global de 43\u2009536\u00a0\u20ac.<\/p>\n<p>Un co\u00fbt total de 630\u2009000\u00a0euros<\/p>\n<p class=\" wall-content\">La ville de Nice a \u00e9galement proc\u00e9d\u00e9 \u00e0 d\u2019autres petites op\u00e9rations\u2009: c\u00e2blage informatique, remplacement de bloc-portes, installation d\u2019enclos \u00e0 containers et r\u00e9parations de sanitaires\u2026<\/p>\n<p class=\" wall-content\">Le montant total de ce <strong>\u00ab\u2009coup de neuf\u2009\u00bb<\/strong> dans les \u00e9coles publiques ni\u00e7oises s\u2019\u00e9l\u00e8ve \u00e0 environ 630\u2009000\u00a0euros, pr\u00e9cise la Ville de Nice.<\/p>\n<p class=\" wall-content\">Personnalisez votre actualit\u00e9 en ajoutant vos villes et m\u00e9dias en favori avec <a href=\"https:\/\/moncompte.actu.fr\" title=\"D\u00e9couvez Mon Actu\" rel=\"nofollow noopener\" data-trk=\"{&quot;cta&quot;:{&quot;action&quot;:&quot;https:\\\/\\\/moncompte.actu.fr&quot;,&quot;category&quot;:&quot;mon compte&quot;,&quot;from&quot;:&quot;article footer&quot;,&quot;name&quot;:&quot;Mon actu&quot;,&quot;type&quot;:&quot;cta&quot;}}\" target=\"_blank\">Mon Actu<\/a>.<\/p>\n","protected":false},"excerpt":{"rendered":"Par Arthur Frand Publi\u00e9 le 30 oct. 2025 \u00e0 8h08 Surprise pour les \u00e9l\u00e8ves ni\u00e7ois. Apr\u00e8s deux semaines&hellip;\n","protected":false},"author":2,"featured_media":499425,"comment_status":"","ping_status":"","sticky":false,"template":"","format":"standard","meta":{"footnotes":""},"categories":[2819],"tags":[1111,11,1777,674,1011,27,12,2401,882,25,104,2086],"class_list":{"0":"post-499424","1":"post","2":"type-post","3":"status-publish","4":"format-standard","5":"has-post-thumbnail","7":"category-nice","8":"tag-actu","9":"tag-actualites","10":"tag-eu","11":"tag-europe","12":"tag-fr","13":"tag-france","14":"tag-news","15":"tag-nice","16":"tag-provence-alpes-cote-dazur","17":"tag-republique-francaise","18":"tag-societe","19":"tag-travaux"},"share_on_mastodon":{"url":"https:\/\/pubeurope.com\/@fr\/115461929280773038","error":""},"_links":{"self":[{"href":"https:\/\/www.europesays.com\/fr\/wp-json\/wp\/v2\/posts\/499424","targetHints":{"allow":["GET"]}}],"collection":[{"href":"https:\/\/www.europesays.com\/fr\/wp-json\/wp\/v2\/posts"}],"about":[{"href":"https:\/\/www.europesays.com\/fr\/wp-json\/wp\/v2\/types\/post"}],"author":[{"embeddable":true,"href":"https:\/\/www.europesays.com\/fr\/wp-json\/wp\/v2\/users\/2"}],"replies":[{"embeddable":true,"href":"https:\/\/www.europesays.com\/fr\/wp-json\/wp\/v2\/comments?post=499424"}],"version-history":[{"count":0,"href":"https:\/\/www.europesays.com\/fr\/wp-json\/wp\/v2\/posts\/499424\/revisions"}],"wp:featuredmedia":[{"embeddable":true,"href":"https:\/\/www.europesays.com\/fr\/wp-json\/wp\/v2\/media\/499425"}],"wp:attachment":[{"href":"https:\/\/www.europesays.com\/fr\/wp-json\/wp\/v2\/media?parent=499424"}],"wp:term":[{"taxonomy":"category","embeddable":true,"href":"https:\/\/www.europesays.com\/fr\/wp-json\/wp\/v2\/categories?post=499424"},{"taxonomy":"post_tag","embeddable":true,"href":"https:\/\/www.europesays.com\/fr\/wp-json\/wp\/v2\/tags?post=499424"}],"curies":[{"name":"wp","href":"https:\/\/api.w.org\/{rel}","templated":true}]}}