{"id":49943,"date":"2025-04-24T19:41:08","date_gmt":"2025-04-24T19:41:08","guid":{"rendered":"https:\/\/www.europesays.com\/fr\/49943\/"},"modified":"2025-04-24T19:41:08","modified_gmt":"2025-04-24T19:41:08","slug":"les-montpellierains-nicolas-le-goff-jean-patry-joris-seddik-et-amir-tizi-oualou-concernes-par-la-saison-estivale-de-lequipe-de-france","status":"publish","type":"post","link":"https:\/\/www.europesays.com\/fr\/49943\/","title":{"rendered":"Les Montpelli\u00e9rains Nicolas Le Goff, Jean Patry, Joris Seddik et Amir Tizi-Oualou concern\u00e9s par la saison estivale de l\u2019\u00e9quipe de France"},"content":{"rendered":"<p>\n                                                                Actuels, anciens, futurs montpelli\u00e9rains ou natifs de la ville, plusieurs joueurs porteront le maillot des Bleus lors de la Ligue des Nations \u00e0 partir du mois de juin et des championnats du monde en septembre.\n                            <\/p>\n<p>En milieu de semaine, la F\u00e9d\u00e9ration Fran\u00e7aise de volley-ball (FFVB) a publi\u00e9 sur son site internet une interview d\u2019Andrea Giani, le s\u00e9lectionneur des Bleus champions olympiques \u00e0 Paris en 2024.<\/p>\n<p>Il explique avoir d\u00e9cid\u00e9 de disputer la prochaine Ligue des Nations avec trois groupes de joueurs\u00a0: \u00ab\u00a0Nous allons d\u00e9buter la pr\u00e9paration le 19\u00a0mai \u00e0 Tours avec beaucoup de jeunes\u00a0\u00bb, l\u00e2che l\u2019Italien.<\/p>\n<p>La France se rendra au Canada (11 au 15\u00a0juin) avec Amir Tizi-Oualou, le passeur form\u00e9 \u00e0 Montpellier et joueur de Tourcoing. Pass\u00e9 lui aussi par le MHSC VB, Th\u00e9o Faure sera le pointu titulaire.<\/p>\n<p>Au poste de central, le Montpelli\u00e9rain Joris Seddik est \u00e0 nouveau s\u00e9lectionn\u00e9 apr\u00e8s avoir particip\u00e9 \u00e0 la victoire fran\u00e7aise lors de la Ligue des Nations 2024. Il fera la paire avec Quentin Jouffroy qui devrait remplacer son jeune compatriote dans l\u2019H\u00e9rault la saison prochaine.<\/p>\n<p>Le Goff en troisi\u00e8me semaine<\/p>\n<p>Lors de la deuxi\u00e8me semaine en Bulgarie du 25 au 29\u00a0juin, le collectif \u00e9voluera avec l\u2019arriv\u00e9e d\u2019Antoine Brizard, Yacine Louati, Barth\u00e9l\u00e9my Chinenyeze, Jean Patry et Earvin Ngapeth. Enfin, les Bleus seront renforc\u00e9s en troisi\u00e8me semaine (en Pologne du 16 au 20\u00a0juillet) par le Montpelli\u00e9rain Nicolas Le Goff ainsi que Jenia Grebennikov et Benjamin Toniutti.<\/p>\n<p>Outre la d\u00e9fense du titre, la France se servira de la Ligue des nations pour pr\u00e9parer l\u2019objectif principal de son \u00e9t\u00e9\u00a0: les championnats du monde du 12 au 28\u00a0septembre aux Philippines.<\/p>\n<p>La seule comp\u00e9tition qui manque au palmar\u00e8s de cette g\u00e9n\u00e9ration et qui constituera le dernier grand objectif de Nicolas Le Goff et ses copains avant de laisser d\u00e9finitivement la place aux jeunes. \u00c0 moins qu\u2019ils d\u00e9cident finalement de jouer les prolongations jusqu\u2019aux Jeux Olympiques de Los Angeles en 2028.<\/p>\n<p>Programme de la Ligue des nations<br \/>Au Canada\u00a0: 11\u00a0juin\u00a0: Argentine \u2013 France, 13\u00a0juin\u00a0: France \u2013 Italie, 14\u00a0juin\u00a0: Canada \u2013 France, 15\u00a0juin\u00a0: Allemagne \u2013 France. Bulgarie\u00a0: 25\u00a0juin\u00a0: Ukraine \u2013 France, 26\u00a0juin\u00a0: France \u2013 Japon, 28\u00a0juin\u00a0: Slov\u00e9nie \u2013 France, 29\u00a0juin\u00a0: Turquie \u2013 France. En Pologne\u00a0: Chine \u2013 France\u00a0: 16\u00a0juillet, 18\u00a0juillet\u00a0: Cuba \u2013 France, 19\u00a0juillet\u00a0: Iran \u2013 France, 20\u00a0juillet\u00a0: France \u2013 Pologne.<\/p>\n","protected":false},"excerpt":{"rendered":"Actuels, anciens, futurs montpelli\u00e9rains ou natifs de la ville, plusieurs joueurs porteront le maillot des Bleus lors de&hellip;\n","protected":false},"author":2,"featured_media":49944,"comment_status":"","ping_status":"","sticky":false,"template":"","format":"standard","meta":{"footnotes":""},"categories":[1417],"tags":[1011,27,60,1470,1469],"class_list":{"0":"post-49943","1":"post","2":"type-post","3":"status-publish","4":"format-standard","5":"has-post-thumbnail","7":"category-volley","8":"tag-fr","9":"tag-france","10":"tag-sports","11":"tag-volley","12":"tag-volleyball"},"share_on_mastodon":{"url":"https:\/\/pubeurope.com\/@fr\/114394646672216530","error":""},"_links":{"self":[{"href":"https:\/\/www.europesays.com\/fr\/wp-json\/wp\/v2\/posts\/49943","targetHints":{"allow":["GET"]}}],"collection":[{"href":"https:\/\/www.europesays.com\/fr\/wp-json\/wp\/v2\/posts"}],"about":[{"href":"https:\/\/www.europesays.com\/fr\/wp-json\/wp\/v2\/types\/post"}],"author":[{"embeddable":true,"href":"https:\/\/www.europesays.com\/fr\/wp-json\/wp\/v2\/users\/2"}],"replies":[{"embeddable":true,"href":"https:\/\/www.europesays.com\/fr\/wp-json\/wp\/v2\/comments?post=49943"}],"version-history":[{"count":0,"href":"https:\/\/www.europesays.com\/fr\/wp-json\/wp\/v2\/posts\/49943\/revisions"}],"wp:featuredmedia":[{"embeddable":true,"href":"https:\/\/www.europesays.com\/fr\/wp-json\/wp\/v2\/media\/49944"}],"wp:attachment":[{"href":"https:\/\/www.europesays.com\/fr\/wp-json\/wp\/v2\/media?parent=49943"}],"wp:term":[{"taxonomy":"category","embeddable":true,"href":"https:\/\/www.europesays.com\/fr\/wp-json\/wp\/v2\/categories?post=49943"},{"taxonomy":"post_tag","embeddable":true,"href":"https:\/\/www.europesays.com\/fr\/wp-json\/wp\/v2\/tags?post=49943"}],"curies":[{"name":"wp","href":"https:\/\/api.w.org\/{rel}","templated":true}]}}