{"id":499436,"date":"2025-10-30T07:31:10","date_gmt":"2025-10-30T07:31:10","guid":{"rendered":"https:\/\/www.europesays.com\/fr\/499436\/"},"modified":"2025-10-30T07:31:10","modified_gmt":"2025-10-30T07:31:10","slug":"une-personne-ejectee-une-autre-incarceree","status":"publish","type":"post","link":"https:\/\/www.europesays.com\/fr\/499436\/","title":{"rendered":"une personne \u00e9ject\u00e9e, une autre incarc\u00e9r\u00e9e"},"content":{"rendered":"<p>            Par<br \/>\n        <strong><br \/>\n            <a href=\"https:\/\/actu.fr\/auteur\/david-saint-sernin\" title=\"Consulter tous les articles de David Saint-Sernin\" rel=\"nofollow noopener\" target=\"_blank\">David Saint-Sernin<\/a><br \/>\n        <\/strong><\/p>\n<p>        Publi\u00e9 le<\/p>\n<p>            30 oct. 2025 \u00e0 7h45        <\/p>\n<p>Dans la nuit du mercredi\u00a029 au jeudi 30\u00a0octobre 2025, un<strong> grave accident de la route<\/strong> s\u2019est produit <a href=\"https:\/\/actu.fr\/occitanie\/blagnac_31069\" rel=\"nofollow noopener\" target=\"_blank\">\u00e0 Blagnac<\/a> pr\u00e8s de Toulouse.<\/p>\n<p>Le v\u00e9hicule fait plusieurs tonneaux<\/p>\n<p class=\" wall-content\">Il \u00e9tait environ 1h quand un v\u00e9hicule a effectu\u00e9 <strong>\u00ab\u2009plusieurs tonneaux\u2009\u00bb<\/strong> chemin des Ramiers indiquent ce jeudi matin<a href=\"https:\/\/actu.fr\/occitanie\/roques_31458\/pres-de-toulouse-un-feu-violent-detruit-le-hangar-accole-a-une-maison-une-dizaine-de-pompiers-engages_63368516.html\" rel=\"nofollow noopener\" target=\"_blank\"> les pompiers de Haute-Garonne.<\/a><\/p>\n<p class=\" wall-content\">Quatre personnes se trouvaient dans l\u2019habitacle au moment des faits. L\u2019une d\u2019entre elles a \u00e9t\u00e9 \u00e9ject\u00e9e, une deuxi\u00e8me s\u2019est retrouv\u00e9e incarc\u00e9r\u00e9e ce qui t\u00e9moigne de la violence de l\u2019embard\u00e9e. Les deux ont \u00e9t\u00e9 gri\u00e8vement bless\u00e9es et transport\u00e9e \u00e0 l\u2019h\u00f4pital.<\/p>\n<p>Gros dispositif de secours<\/p>\n<p class=\" wall-content\">Les deux autres personnes, plus l\u00e9g\u00e8rement bless\u00e9es, ont \u00e9t\u00e9 laiss\u00e9es sur place.<\/p>\n<p class=\" wall-content\">\u00ab\u2009L\u2019intervention a n\u00e9cessit\u00e9 la pr\u00e9sence de 17 sapeurs pompiers, \u00e9paul\u00e9s par deux \u00e9quipes du SMUR 31\u2009\u00bb, pr\u00e9cise le SDIS 31.<\/p>\n<p>    <a href=\"https:\/\/www.google.com\/maps\/embed?pb=!1m18!1m12!1m3!1d97957.99126763479!2d1.4381778519178687!3d43.59871161777578!2m3!1f0!2f0!3f0!3m2!1i1024!2i768!4f13.1!3m3!1m2!1s0x12aea523f783c347%3A0x9717ce3e86f5e7dd!2s77-71%20Chem.%20des%20Ramiers%2C%2031700%20Blagnac!5e0!3m2!1sfr!2sfr!4v1761806599599!5m2!1sfr!2sfr\" title=\"Ouvrie le lien\" rel=\"nofollow noopener\" target=\"_blank\">Cliquez ici pour visualiser le contenu<\/a><\/p>\n<p class=\" wall-content\">Personnalisez votre actualit\u00e9 en ajoutant vos villes et m\u00e9dias en favori avec <a href=\"https:\/\/moncompte.actu.fr\" title=\"D\u00e9couvez Mon Actu\" rel=\"nofollow noopener\" data-trk=\"{&quot;cta&quot;:{&quot;action&quot;:&quot;https:\\\/\\\/moncompte.actu.fr&quot;,&quot;category&quot;:&quot;mon compte&quot;,&quot;from&quot;:&quot;article footer&quot;,&quot;name&quot;:&quot;Mon actu&quot;,&quot;type&quot;:&quot;cta&quot;}}\" target=\"_blank\">Mon Actu<\/a>.<\/p>\n","protected":false},"excerpt":{"rendered":"Par David Saint-Sernin Publi\u00e9 le 30 oct. 2025 \u00e0 7h45 Dans la nuit du mercredi\u00a029 au jeudi 30\u00a0octobre&hellip;\n","protected":false},"author":2,"featured_media":499437,"comment_status":"","ping_status":"","sticky":false,"template":"","format":"standard","meta":{"footnotes":""},"categories":[2816],"tags":[119,1111,11,1777,674,118,1011,27,12,2680,1311,25,2312],"class_list":{"0":"post-499436","1":"post","2":"type-post","3":"status-publish","4":"format-standard","5":"has-post-thumbnail","7":"category-toulouse","8":"tag-accident","9":"tag-actu","10":"tag-actualites","11":"tag-eu","12":"tag-europe","13":"tag-faits-divers","14":"tag-fr","15":"tag-france","16":"tag-news","17":"tag-occitanie","18":"tag-pompiers","19":"tag-republique-francaise","20":"tag-toulouse"},"share_on_mastodon":{"url":"https:\/\/pubeurope.com\/@fr\/115461952904314450","error":""},"_links":{"self":[{"href":"https:\/\/www.europesays.com\/fr\/wp-json\/wp\/v2\/posts\/499436","targetHints":{"allow":["GET"]}}],"collection":[{"href":"https:\/\/www.europesays.com\/fr\/wp-json\/wp\/v2\/posts"}],"about":[{"href":"https:\/\/www.europesays.com\/fr\/wp-json\/wp\/v2\/types\/post"}],"author":[{"embeddable":true,"href":"https:\/\/www.europesays.com\/fr\/wp-json\/wp\/v2\/users\/2"}],"replies":[{"embeddable":true,"href":"https:\/\/www.europesays.com\/fr\/wp-json\/wp\/v2\/comments?post=499436"}],"version-history":[{"count":0,"href":"https:\/\/www.europesays.com\/fr\/wp-json\/wp\/v2\/posts\/499436\/revisions"}],"wp:featuredmedia":[{"embeddable":true,"href":"https:\/\/www.europesays.com\/fr\/wp-json\/wp\/v2\/media\/499437"}],"wp:attachment":[{"href":"https:\/\/www.europesays.com\/fr\/wp-json\/wp\/v2\/media?parent=499436"}],"wp:term":[{"taxonomy":"category","embeddable":true,"href":"https:\/\/www.europesays.com\/fr\/wp-json\/wp\/v2\/categories?post=499436"},{"taxonomy":"post_tag","embeddable":true,"href":"https:\/\/www.europesays.com\/fr\/wp-json\/wp\/v2\/tags?post=499436"}],"curies":[{"name":"wp","href":"https:\/\/api.w.org\/{rel}","templated":true}]}}