{"id":499440,"date":"2025-10-30T07:33:18","date_gmt":"2025-10-30T07:33:18","guid":{"rendered":"https:\/\/www.europesays.com\/fr\/499440\/"},"modified":"2025-10-30T07:33:18","modified_gmt":"2025-10-30T07:33:18","slug":"au-pile-un-futur-beguinage-et-des-jardins-aux-noms-choisis-par-les-enfants","status":"publish","type":"post","link":"https:\/\/www.europesays.com\/fr\/499440\/","title":{"rendered":"Au Pile, un futur b\u00e9guinage et des jardins aux noms choisis par les enfants"},"content":{"rendered":"<p class=\"introduction\">Au Pile, le projet de b\u00e9guinage port\u00e9 par Habitat Hauts-de-France verra le jour au printemps 2026, \u00e0 l\u2019angle des rues Franklin et Marie Buisine. En parall\u00e8le, les am\u00e9nagements du parc de la Teinturerie et de la rue Jules-Guesde se poursuivent, tout comme la cr\u00e9ation de quatre jardins de proximit\u00e9 baptis\u00e9s Cerisier, Pic \u00c9peiche, Ch\u00eane et Coquelicot.<\/p>\n<p>Le b\u00e9guinage en image<\/p>\n<p>Les travaux de cet ensemble de maisons d\u00e9buteront au printemps 2026, \u00e0 l\u2019angle des rues Franklin et Marie Buisine au Pile. 4 logements collectifs et 11 logements individuels locatifs en b\u00e9guinage y seront d\u00e9velopp\u00e9s pour offrir un cadre de vie vert partag\u00e9. Ce projet est port\u00e9 par Habitat Hauts-de- France dans le cadre du Programme M\u00e9tropolitain de Requalification des Quartiers Anciens D\u00e9grad\u00e9s (PMRQAD).<\/p>\n<p>Des noms pour les 4 jardins de proximit\u00e9<\/p>\n<p>Ils ont d\u00e9sormais des noms : Cerisier, Pic Epeiche, Ch\u00eane et Coquelicot seront affich\u00e9s prochainement au sein des jardins situ\u00e9s rue Jules Guesde. Une nouvelle \u00e9tape qui fait suite au travail men\u00e9 avec le Conseil Municipal des Enfants qui avait propos\u00e9 une s\u00e9lection de noms soumis au vote des enfants des \u00e9coles Boileau, Pasteur et Mac\u00e9. Ces 4 jardins apporteront des \u00eelots de fra\u00eecheur au sein du quartier. Deux d\u2019entre eux seront anim\u00e9s par des structures associatives qui y proposeront des rencontres ponctuelles \u00e0 destination des habitants.<\/p>\n<p>Cr\u00e9dit photos : Anais Gadeau, service Communication , ville de Roubaix \/ Collectif Jink Au Architectes<\/p>\n","protected":false},"excerpt":{"rendered":"Au Pile, le projet de b\u00e9guinage port\u00e9 par Habitat Hauts-de-France verra le jour au printemps 2026, \u00e0 l\u2019angle&hellip;\n","protected":false},"author":2,"featured_media":499441,"comment_status":"","ping_status":"","sticky":false,"template":"","format":"standard","meta":{"footnotes":""},"categories":[2815],"tags":[1111,11,1777,674,1011,27,811,1307,12,14466,37632,5765,25],"class_list":{"0":"post-499440","1":"post","2":"type-post","3":"status-publish","4":"format-standard","5":"has-post-thumbnail","7":"category-lille","8":"tag-actu","9":"tag-actualites","10":"tag-eu","11":"tag-europe","12":"tag-fr","13":"tag-france","14":"tag-hauts-de-france","15":"tag-lille","16":"tag-news","17":"tag-npnru","18":"tag-pile","19":"tag-renovation-urbaine","20":"tag-republique-francaise"},"share_on_mastodon":{"url":"https:\/\/pubeurope.com\/@fr\/115461960792790349","error":""},"_links":{"self":[{"href":"https:\/\/www.europesays.com\/fr\/wp-json\/wp\/v2\/posts\/499440","targetHints":{"allow":["GET"]}}],"collection":[{"href":"https:\/\/www.europesays.com\/fr\/wp-json\/wp\/v2\/posts"}],"about":[{"href":"https:\/\/www.europesays.com\/fr\/wp-json\/wp\/v2\/types\/post"}],"author":[{"embeddable":true,"href":"https:\/\/www.europesays.com\/fr\/wp-json\/wp\/v2\/users\/2"}],"replies":[{"embeddable":true,"href":"https:\/\/www.europesays.com\/fr\/wp-json\/wp\/v2\/comments?post=499440"}],"version-history":[{"count":0,"href":"https:\/\/www.europesays.com\/fr\/wp-json\/wp\/v2\/posts\/499440\/revisions"}],"wp:featuredmedia":[{"embeddable":true,"href":"https:\/\/www.europesays.com\/fr\/wp-json\/wp\/v2\/media\/499441"}],"wp:attachment":[{"href":"https:\/\/www.europesays.com\/fr\/wp-json\/wp\/v2\/media?parent=499440"}],"wp:term":[{"taxonomy":"category","embeddable":true,"href":"https:\/\/www.europesays.com\/fr\/wp-json\/wp\/v2\/categories?post=499440"},{"taxonomy":"post_tag","embeddable":true,"href":"https:\/\/www.europesays.com\/fr\/wp-json\/wp\/v2\/tags?post=499440"}],"curies":[{"name":"wp","href":"https:\/\/api.w.org\/{rel}","templated":true}]}}