{"id":499444,"date":"2025-10-30T07:35:11","date_gmt":"2025-10-30T07:35:11","guid":{"rendered":"https:\/\/www.europesays.com\/fr\/499444\/"},"modified":"2025-10-30T07:35:11","modified_gmt":"2025-10-30T07:35:11","slug":"je-voulais-minteresser-a-lhistoire-de-la-ville-ou-je-suis-ne-et-ou-jai-grandi","status":"publish","type":"post","link":"https:\/\/www.europesays.com\/fr\/499444\/","title":{"rendered":"\u00ab je voulais m\u2019int\u00e9resser \u00e0 l\u2019histoire de la ville o\u00f9 je suis n\u00e9 et o\u00f9 j\u2019ai grandi \u00bb"},"content":{"rendered":"\n<p><b>La Marseillaise :<\/b> <b>Qu\u2019est-ce qui vous a pouss\u00e9 \u00e0 \u00e9crire l\u2019histoire de Marseille<\/b><b>\u00a0<\/b><b>?<\/b><\/p>\n<p>Guillaume Le Jeune : C\u2019\u00e9tait un exercice personnel \u00e0 l\u2019origine. Je voulais m\u2019int\u00e9resser \u00e0 l\u2019histoire de la ville o\u00f9 je suis n\u00e9 et o\u00f9 j\u2019ai grandi. Je la connaissais assez peu finalement. J\u2019ai lu beaucoup de livres et je me suis rendu compte qu\u2019on comprenait diff\u00e9remment la ville quand on prenait un peu de hauteur. \u00c7a n\u2019a pas toujours \u00e9t\u00e9 une ville pauvre. \u00c7a a \u00e9t\u00e9 un centre national, continental, m\u00e9diterran\u00e9en pendant des ann\u00e9es. Si on se rend compte que la ville a \u00e9t\u00e9 autre chose il n\u2019y a pas si longtemps, la marche para\u00eet moins haute pour remettre la ville au niveau de ce qu\u2019elle a \u00e9t\u00e9 par le pass\u00e9. C\u2019est ma conviction de Marseillais que l\u2019on n\u2019est pas \u00e0 la place \u00e0 laquelle on devrait \u00eatre.<\/p>\n<p><b>Comment avez-vous travaill\u00e9 pour retracer toute l\u2019histoire de la cit\u00e9 phoc\u00e9enne ? <\/b><\/p>\n<p>G.L.J. : J\u2019ai pris \u00e7a avec beaucoup d\u2019humilit\u00e9, je ne suis pas historien. \u00c7a a \u00e9t\u00e9 tr\u00e8s scolaire au d\u00e9but. Donc, je me suis appuy\u00e9 sur plusieurs livres : L\u2019histoire de Marseille de Judith Aziza, Marseille de Roger Duchesne et Jean Contrucci ou encore le livre \u00e9dit\u00e9 par la Ville.<\/p>\n<p><b>Quelle forme cet ouvrage, en auto\u00e9dition, prend-il ? <\/b><\/p>\n<p>G.L.J. : Ce livre est entre le manifeste, l\u2019essai et le r\u00e9cit d\u2019histoire. C\u2019est un medley, tr\u00e8s scolaire et tr\u00e8s factuel. Et par-dessus, je rajoute une couche l\u00e9g\u00e8re. J\u2019y ajoute ce que m\u2019\u00e9voque toute cette temporalit\u00e9 de Marseille. J\u2019en tire quelques conclusions \u00e0 la fois personnelles, mais aussi document\u00e9es, sur ce qu\u2019est la ville aujourd\u2019hui.<\/p>\n","protected":false},"excerpt":{"rendered":"La Marseillaise : Qu\u2019est-ce qui vous a pouss\u00e9 \u00e0 \u00e9crire l\u2019histoire de Marseille\u00a0? Guillaume Le Jeune : C\u2019\u00e9tait&hellip;\n","protected":false},"author":2,"featured_media":499445,"comment_status":"","ping_status":"","sticky":false,"template":"","format":"standard","meta":{"footnotes":""},"categories":[2814],"tags":[1111,11,1777,674,1011,27,13392,884,12,882,25],"class_list":{"0":"post-499444","1":"post","2":"type-post","3":"status-publish","4":"format-standard","5":"has-post-thumbnail","7":"category-marseille","8":"tag-actu","9":"tag-actualites","10":"tag-eu","11":"tag-europe","12":"tag-fr","13":"tag-france","14":"tag-jean","15":"tag-marseille","16":"tag-news","17":"tag-provence-alpes-cote-dazur","18":"tag-republique-francaise"},"share_on_mastodon":{"url":"https:\/\/pubeurope.com\/@fr\/115461968749009039","error":""},"_links":{"self":[{"href":"https:\/\/www.europesays.com\/fr\/wp-json\/wp\/v2\/posts\/499444","targetHints":{"allow":["GET"]}}],"collection":[{"href":"https:\/\/www.europesays.com\/fr\/wp-json\/wp\/v2\/posts"}],"about":[{"href":"https:\/\/www.europesays.com\/fr\/wp-json\/wp\/v2\/types\/post"}],"author":[{"embeddable":true,"href":"https:\/\/www.europesays.com\/fr\/wp-json\/wp\/v2\/users\/2"}],"replies":[{"embeddable":true,"href":"https:\/\/www.europesays.com\/fr\/wp-json\/wp\/v2\/comments?post=499444"}],"version-history":[{"count":0,"href":"https:\/\/www.europesays.com\/fr\/wp-json\/wp\/v2\/posts\/499444\/revisions"}],"wp:featuredmedia":[{"embeddable":true,"href":"https:\/\/www.europesays.com\/fr\/wp-json\/wp\/v2\/media\/499445"}],"wp:attachment":[{"href":"https:\/\/www.europesays.com\/fr\/wp-json\/wp\/v2\/media?parent=499444"}],"wp:term":[{"taxonomy":"category","embeddable":true,"href":"https:\/\/www.europesays.com\/fr\/wp-json\/wp\/v2\/categories?post=499444"},{"taxonomy":"post_tag","embeddable":true,"href":"https:\/\/www.europesays.com\/fr\/wp-json\/wp\/v2\/tags?post=499444"}],"curies":[{"name":"wp","href":"https:\/\/api.w.org\/{rel}","templated":true}]}}