{"id":499446,"date":"2025-10-30T07:36:16","date_gmt":"2025-10-30T07:36:16","guid":{"rendered":"https:\/\/www.europesays.com\/fr\/499446\/"},"modified":"2025-10-30T07:36:16","modified_gmt":"2025-10-30T07:36:16","slug":"a-marseille-ces-femmes-seules-se-battent-au-quotidien-pour-leur-enfant-handicape","status":"publish","type":"post","link":"https:\/\/www.europesays.com\/fr\/499446\/","title":{"rendered":"\u00e0 Marseille, ces femmes seules se battent au quotidien pour leur enfant handicap\u00e9"},"content":{"rendered":"<p>Pour Jean, sept ans aujourd\u2019hui, les difficult\u00e9s ont commenc\u00e9 dans le ventre de sa m\u00e8re quand \u00e0 5 mois in utero il fait un AVC pr\u00e9natal. \u00c0 la naissance, une paralysie lat\u00e9rale du corps, cons\u00e9quence de cet accident, peine \u00e0 \u00eatre diagnostiqu\u00e9e. Son <a href=\"https:\/\/www.laprovence.com\/article\/papier\/5439100\/autisme-le-monde-a-les-yeux-tournes-vers-marseille.html\" target=\"_blank\" rel=\"noopener\">Trouble du spectre autistique (TSA)<\/a> s\u00e9v\u00e8re n\u2019est, lui, officiellement reconnu que depuis cette ann\u00e9e.<\/p>\n<p>\u00ab\u00a0Nous sommes fatigu\u00e9s, en tant que parents, de voir nos enfants souffrir, ne pas \u00eatre pris en charge, \u00eatre rejet\u00e9 tout le temps, partout\u00a0: \u00e0 <a href=\"https:\/\/www.laprovence.com\/article\/region\/1961121607059115\/leducation-nationale-a-laisse-tomber-les-enfants-handicapes-deplore-cette-mere-tarasconnaise\" target=\"_blank\" rel=\"noopener\">l\u2019\u00e9cole<\/a>, chez le m\u00e9decin, dans les d\u00e9marches administratives\u00a0\u00bb, t\u00e9moigne sa m\u00e8re, Laura, 28\u00a0ans. Dans la r\u00e9gion, au moins 4\u00a0700 enfants sur le spectre autistique ont \u00e9t\u00e9 rep\u00e9r\u00e9s par l\u2019Agence r\u00e9gionale de sant\u00e9 (ARS). En France, on compte 700\u00a0000 personnes sur ce spectre, dont 100\u00a0000 de moins de 20\u00a0ans, sont concern\u00e9s, depuis\u00a02023, par la nouvelle strat\u00e9gie nationale (jusqu\u2019en\u00a02027) pour les troubles du neurod\u00e9veloppement (soit l\u2019autisme, les dys, le TDAH et le TDI).<\/p>\n<p>Des plans nationaux mais pas de solution au quotidien<\/p>\n<p>\u00ab\u00a0Les grands plans nationaux ne changent pas grand-chose pour nous au quotidien\u00a0\u00bb, regrette toutefois Laura.\u00a0Comme tant de m\u00e8res c\u00e9libataires, <a href=\"https:\/\/www.laprovence.com\/article\/papier\/6959741\/si-seuls-face-a-lautisme.html\" target=\"_blank\" rel=\"noopener\">elle assume seule<\/a> son enfant la plupart du temp&#8230;<\/p>\n","protected":false},"excerpt":{"rendered":"Pour Jean, sept ans aujourd\u2019hui, les difficult\u00e9s ont commenc\u00e9 dans le ventre de sa m\u00e8re quand \u00e0 5&hellip;\n","protected":false},"author":2,"featured_media":499447,"comment_status":"","ping_status":"","sticky":false,"template":"","format":"standard","meta":{"footnotes":""},"categories":[2814],"tags":[17,1111,11,9122,1777,674,62178,4651,1011,27,151,884,12,882,25,104,25900,3840],"class_list":{"0":"post-499446","1":"post","2":"type-post","3":"status-publish","4":"format-standard","5":"has-post-thumbnail","7":"category-marseille","8":"tag-17","9":"tag-actu","10":"tag-actualites","11":"tag-ces","12":"tag-eu","13":"tag-europe","14":"tag-fatiguees","15":"tag-femmes","16":"tag-fr","17":"tag-france","18":"tag-les","19":"tag-marseille","20":"tag-news","21":"tag-provence-alpes-cote-dazur","22":"tag-republique-francaise","23":"tag-societe","24":"tag-souffrir","25":"tag-voir"},"share_on_mastodon":{"url":"https:\/\/pubeurope.com\/@fr\/115461973628577394","error":""},"_links":{"self":[{"href":"https:\/\/www.europesays.com\/fr\/wp-json\/wp\/v2\/posts\/499446","targetHints":{"allow":["GET"]}}],"collection":[{"href":"https:\/\/www.europesays.com\/fr\/wp-json\/wp\/v2\/posts"}],"about":[{"href":"https:\/\/www.europesays.com\/fr\/wp-json\/wp\/v2\/types\/post"}],"author":[{"embeddable":true,"href":"https:\/\/www.europesays.com\/fr\/wp-json\/wp\/v2\/users\/2"}],"replies":[{"embeddable":true,"href":"https:\/\/www.europesays.com\/fr\/wp-json\/wp\/v2\/comments?post=499446"}],"version-history":[{"count":0,"href":"https:\/\/www.europesays.com\/fr\/wp-json\/wp\/v2\/posts\/499446\/revisions"}],"wp:featuredmedia":[{"embeddable":true,"href":"https:\/\/www.europesays.com\/fr\/wp-json\/wp\/v2\/media\/499447"}],"wp:attachment":[{"href":"https:\/\/www.europesays.com\/fr\/wp-json\/wp\/v2\/media?parent=499446"}],"wp:term":[{"taxonomy":"category","embeddable":true,"href":"https:\/\/www.europesays.com\/fr\/wp-json\/wp\/v2\/categories?post=499446"},{"taxonomy":"post_tag","embeddable":true,"href":"https:\/\/www.europesays.com\/fr\/wp-json\/wp\/v2\/tags?post=499446"}],"curies":[{"name":"wp","href":"https:\/\/api.w.org\/{rel}","templated":true}]}}