{"id":499449,"date":"2025-10-30T07:38:31","date_gmt":"2025-10-30T07:38:31","guid":{"rendered":"https:\/\/www.europesays.com\/fr\/499449\/"},"modified":"2025-10-30T07:38:31","modified_gmt":"2025-10-30T07:38:31","slug":"gregory-doucet-et-bruno-bernard-sur-la-sellette","status":"publish","type":"post","link":"https:\/\/www.europesays.com\/fr\/499449\/","title":{"rendered":"Gr\u00e9gory Doucet et Bruno Bernard sur la sellette ?"},"content":{"rendered":"<p>Ce vendredi, dans notre magazine mensuel disponible en kiosques, LyonMag publie des sondages r\u00e9alis\u00e9s par Opinion Way en partenariat avec Radio Espace.<\/p>\n<p><strong>Municipales 2026 \u00e0 Lyon : qui pourra stopper Jean-Michel Aulas ?<\/strong><\/p>\n<p><img loading=\"lazy\" decoding=\"async\" style=\"display: block; margin-left: auto; margin-right: auto;\" src=\"https:\/\/www.europesays.com\/fr\/wp-content\/uploads\/2025\/10\/capture-d-e-cran-2025-10-27-a-18-27-08-65983.png\" alt=\"\" width=\"700\" height=\"502\"\/><\/p>\n<p>C&rsquo;est le sondage de la confirmation. Opinion Way d\u00e9voile avec LyonMag une nouvelle lecture inqui\u00e9tante pour la majorit\u00e9 \u00e9cologiste de <a href=\"https:\/\/www.lyonmag.com\/profil-personnalite-lyonnaise\/504\/gregory-doucet\" target=\"_blank\" rel=\"noopener\">Gr\u00e9gory Doucet<\/a>. Avec seulement 24% d&rsquo;intentions de vote, le maire sortant, pourtant renforc\u00e9 par les soutiens du Parti socialiste, de Place publique et des communistes, est aux fraises. Pire que tout, il fait \u00e0 peine mieux que dans les sondages de 2019-2020, et moins bien qu&rsquo;au premier tour des derni\u00e8res municipales (28,46%, ndlr). Alors m\u00eame qu&rsquo;il ne portait alors que la seule \u00e9tiquette EELV !<\/p>\n<p>A contrario, <a href=\"https:\/\/www.lyonmag.com\/profil-personnalite-lyonnaise\/8\/jean-michel-aulas\" target=\"_blank\" rel=\"noopener\">Jean-Michel Aulas<\/a> est sur un petit nuage. Son excellent score annonc\u00e9 par l&rsquo;enqu\u00eate Verian en octobre est ici confirm\u00e9 : 47% d&rsquo;intentions de vote, \u00e0 deux doigts d&rsquo;une victoire \u00e9clatante d\u00e8s le premier tour. L&rsquo;ancien pr\u00e9sident de l&rsquo;OL se paye m\u00eame le luxe d\u2019afficher un score plus important que ceux de 2020, cumul\u00e9s, de tous les partis qui le soutiennent (<a href=\"https:\/\/www.lyonmag.com\/profil-personnalite-lyonnaise\/167\/etienne-blanc\" target=\"_blank\" rel=\"noopener\">Etienne Blanc<\/a>, <a href=\"https:\/\/www.lyonmag.com\/profil-personnalite-lyonnaise\/90\/yann-cucherat\" target=\"_blank\" rel=\"noopener\">Yann Cucherat<\/a> et <a href=\"https:\/\/www.lyonmag.com\/profil-personnalite-lyonnaise\/11\/denis-broliquier\" target=\"_blank\" rel=\"noopener\">Denis Broliquier<\/a>, la droite et le bloc central, atteignaient \u00e0 eux trois 36,08% au premier tour, ndlr). C\u2019est dire si les ind\u00e9cis et une petite partie de la gauche semblent jeter leur d\u00e9volu sur Jean-Michel Aulas.<\/p>\n<p>Dans le d\u00e9tail, ce sont \u00e9videmment les hommes qui pl\u00e9biscitent le plus sa candidature (56%), une donn\u00e9e probablement li\u00e9e au sportif. Par contre, les 18-24 ans le boudent encore fortement (16%), pr\u00e9f\u00e9rant largement renouveler le mandat de Gr\u00e9gory Doucet (37%).<br \/>\u00a0<br \/><strong>Impact de la r\u00e9forme PLM\u2028<\/strong><\/p>\n<p>Avec la r\u00e9forme de la loi PLM, les partis des deux extr\u00eames feront une entr\u00e9e fracassante au conseil municipal de Lyon. La France Insoumise, test\u00e9e avec la d\u00e9put\u00e9e <a href=\"https:\/\/www.lyonmag.com\/profil-personnalite-lyonnaise\/698\/anais-belouassa-cherifi\" target=\"_blank\" rel=\"noopener\">Ana\u00efs Belouassa-Cherifi<\/a>, obtiendrait 10% des voix, suivie par\u00a0<a href=\"https:\/\/www.lyonmag.com\/profil-personnalite-lyonnaise\/753\/alexandre-humbert-dupalais\" target=\"_blank\" rel=\"noopener\">Alexandre Dupalais<\/a>, le candidat UDR soutenu par le RN (8%).<\/p>\n<p>La premi\u00e8re esp\u00e9rait concurrencer davantage Gr\u00e9gory Doucet, c\u2019est rat\u00e9 &#8211; mais attention, elle n\u2019est pas encore en campagne et la venue obligatoire de Jean-Luc M\u00e9lenchon durant la campagne, peut l\u2019aider \u00e0 mobiliser davantage. Quoique\u2026 Les \u00e9lecteurs du Nouveau Front Populaire lors des l\u00e9gislatives 2024 pr\u00e9f\u00e8rent donner leur voix \u00e0 Doucet (46%) qu\u2019\u00e0 Ana\u00efs Belouassa-Cherifi (27%) et ceux qui ont vot\u00e9 M\u00e9lenchon \u00e0 la pr\u00e9sidentielle 2022 misent davantage sur le maire (40%) que sur la parlementaire insoumise (32%)\u2026<\/p>\n<p>Le second aurait aim\u00e9 profiter de l\u2019absence d\u2019un candidat traditionnel de la droite pour faire oublier que Lyon est historiquement r\u00e9fractaire au vote FN-RN. Alexandre Dupalais se contentera visiblement de pouvoir constituer un groupe in\u00e9dit par sa taille au conseil municipal.<\/p>\n<p>L\u2019une des \u00ab\u00a0gagnantes\u00a0\u00bb de ce sondage, c\u2019est <a href=\"https:\/\/www.lyonmag.com\/profil-personnalite-lyonnaise\/203\/nathalie-perrin-gilbert\" target=\"_blank\" rel=\"noopener\">Nathalie Perrin-Gilbert<\/a>. Test\u00e9e \u00e0 7%, pas loin de LFI, l\u2019ancienne maire du 1er arrondissement appara\u00eet comme la t\u00eate de gondole d\u2019une gauche classique dite mod\u00e9r\u00e9e. Il n\u2019y a en tout cas plus aucun d\u00e9bat possible avec <a href=\"https:\/\/www.lyonmag.com\/profil-personnalite-lyonnaise\/35\/georges-kepenekian\" target=\"_blank\" rel=\"noopener\">Georges K\u00e9p\u00e9n\u00e9kian<\/a>, puisque l\u2019ancien \u00e9dile lyonnais n\u2019obtiendrait que 3% d\u2019intentions de vote. S\u2019il doit y avoir une alliance entre les deux, elle devra se faire derri\u00e8re NPG, qui cartonne chez les 18-24 ans (30%).<\/p>\n<p>Quant aux 5% d\u2019ind\u00e9cis pr\u00e9f\u00e9rant ne pas se prononcer dans ce sondage, on se demande bien ce qui leur manque pour faire leur choix, alors que l\u2019offre et la demande semblent enfin se compl\u00e9ter \u00e0 merveille entre Rh\u00f4ne et Sa\u00f4ne.<\/p>\n<p><strong>M\u00e9tropolitaines 2026 : Bruno Bernard en danger<\/strong><\/p>\n<p><img loading=\"lazy\" decoding=\"async\" style=\"display: block; margin-left: auto; margin-right: auto;\" src=\"https:\/\/www.europesays.com\/fr\/wp-content\/uploads\/2025\/10\/capture-d-e-cran-2025-10-27-a-18-27-16-31275.png\" alt=\"\" width=\"800\" height=\"489\"\/><\/p>\n<p><a href=\"https:\/\/www.lyonmag.com\/profil-personnalite-lyonnaise\/518\/bruno-bernard\" target=\"_blank\" rel=\"noopener\">Bruno Bernard<\/a> a eu tort s&rsquo;il a pens\u00e9 qu\u2019il \u00e9tait \u00e0 l\u2019abri des critiques gr\u00e2ce \u00e0 la surexposition de Gr\u00e9gory Doucet. Les 27% d\u2019intentions de vote de notre sondage Opinion Way sont l\u00e0 pour lui rappeler. Certes, le pr\u00e9sident de la M\u00e9tropole n\u2019a jamais \u00e9t\u00e9 aussi haut, que ce soit dans nos enqu\u00eates de 2019-2020, qu\u2019au premier tour de la m\u00e9tropolitaine 2020 (22,62%). Mais comme Gr\u00e9gory Doucet, il jouit d\u00e9sormais d\u2019une union de la gauche avec l\u2019appui des socialistes et des communistes, qui esp\u00e8rent lui apporter sur un plateau les voix importantes de Villeurbanne, Vaulx-en-Velin et V\u00e9nissieux. Sans oublier le soutien public de David Kimelfeld, l\u2019ancien patron de la M\u00e9tropole qui avait r\u00e9colt\u00e9 15,75% des voix en 2020.<\/p>\n<p>Et surtout, Bruno Bernard n\u2019est pas en t\u00eate. Emb\u00eatant pour un sortant. C\u2019est <a href=\"https:\/\/www.lyonmag.com\/profil-personnalite-lyonnaise\/210\/veronique-sarselli\" target=\"_blank\" rel=\"noopener\">V\u00e9ronique Sarselli<\/a>, candidate LR et maire de Sainte-Foy-l\u00e8s-Lyon, qui occupe cette place dans le sondage. Avec 36% d\u2019intentions de vote, elle se fait le relais de la col\u00e8re distill\u00e9e par les maires sur leurs territoires. Un score int\u00e9ressant, surtout qu\u2019elle n\u2019est pas test\u00e9e avec le soutien du socle macroniste, qu\u2019elle n\u2019a pas encore obtenu.<br \/>\u00a0<br \/><strong>Une part importante d\u2019ind\u00e9cis<\/strong><\/p>\n<p>Mais elle n\u2019est pas la seule \u00e0 revendiquer de porter l\u2019\u00e9tendard des anti-\u00e9cologistes. Avec 20% d\u2019intentions de vote, Andr\u00e9a Kotarac &#8211; le sondage a \u00e9t\u00e9 r\u00e9alis\u00e9 avant l&rsquo;annonce de la candidature de la d\u00e9put\u00e9e <a href=\"https:\/\/www.lyonmag.com\/profil-personnalite-lyonnaise\/742\/tiffany-joncour\" target=\"_blank\" rel=\"noopener\">Tiffany Joncour<\/a> &#8211; profite de l\u2019\u00e9tiquette RN pour faire le plein de voix et de confiance. Il faut dire que ses 7,67 % de voix au premier tour en 2020, l\u2019avaient logiquement exclu du conseil m\u00e9tropolitain. Preuve que le RN, d\u00e9j\u00e0 fort de ses deux d\u00e9put\u00e9s gagn\u00e9s l\u2019an dernier dans le Rh\u00f4ne, trouve un \u00e9cho de plus en plus fort dans certaines communes, notamment dans l\u2019Est lyonnais.<\/p>\n<p>A contrario, la sensation insoumise annonc\u00e9e, y compris dans ces colonnes, \u00e9choue l\u00e0 encore dans sa qu\u00eate de bander les muscles jusqu\u2019\u00e0 en faire d\u00e9faillir de jalousie ses partenaires de gauche. Test\u00e9 comme candidat LFI, le d\u00e9put\u00e9 v\u00e9nissian <a href=\"https:\/\/www.lyonmag.com\/profil-personnalite-lyonnaise\/705\/idir-boumertit\" target=\"_blank\" rel=\"noopener\">Idir Boumertit<\/a> obtient 15 % d\u2019intentions de vote. C\u2019est honorable, mais trop insuffisant pour jouer le r\u00f4le d\u2019arbitre au second, voire au troisi\u00e8me tour.<\/p>\n<p>Enfin, Olivier Minoux fera, comme en 2020, de la figuration avec Lutte Ouvri\u00e8re (2 %). C\u2019est peut-\u00eatre li\u00e9 au fait que les habitants de l\u2019agglom\u00e9ration peinent encore \u00e0 conna\u00eetre le r\u00f4le de la M\u00e9tropole de Lyon, mais 16% des sond\u00e9s n\u2019expriment pas encore d\u2019intention de vote. Ce qui est \u00e9norme, et qui peut \u00eatre li\u00e9 \u00e0 l\u2019absence de Renaissance, Horizons et le MoDem, tous proches de soutenir V\u00e9ronique Sarselli. Qui arrivera \u00e0 convaincre ce r\u00e9servoir de voix de se d\u00e9placer le 15 mars ?<\/p>\n<p>Plus de d\u00e9tails, de chiffres et le taux de satisfaction des Grands Lyonnais quant \u00e0 l&rsquo;action de Bruno Bernard \u00e0 la t\u00eate de la M\u00e9tropole de Lyon \u00e0 retrouver d\u00e8s ce vendredi dans notre magazine mensuel.<\/p>\n","protected":false},"excerpt":{"rendered":"Ce vendredi, dans notre magazine mensuel disponible en kiosques, LyonMag publie des sondages r\u00e9alis\u00e9s par Opinion Way en&hellip;\n","protected":false},"author":2,"featured_media":499450,"comment_status":"","ping_status":"","sticky":false,"template":"","format":"standard","meta":{"footnotes":""},"categories":[1889],"tags":[1111,11,2813,2190,2430,1109,251,1112,2811,1777,674,118,1011,27,1922,1110,1114,2428,2810,12,241,316,25,2812,517,800],"class_list":{"0":"post-499449","1":"post","2":"type-post","3":"status-publish","4":"format-standard","5":"has-post-thumbnail","7":"category-lyon","8":"tag-actu","9":"tag-actualites","10":"tag-article","11":"tag-asvel","12":"tag-auvergne-rhone-alpes","13":"tag-breves","14":"tag-culture","15":"tag-depeches","16":"tag-economique","17":"tag-eu","18":"tag-europe","19":"tag-faits-divers","20":"tag-fr","21":"tag-france","22":"tag-info","23":"tag-informations","24":"tag-infos","25":"tag-lyon","26":"tag-lyonmag","27":"tag-news","28":"tag-ol","29":"tag-politique","30":"tag-republique-francaise","31":"tag-sociale","32":"tag-sport","33":"tag-transports"},"share_on_mastodon":{"url":"https:\/\/pubeurope.com\/@fr\/115461981008065951","error":""},"_links":{"self":[{"href":"https:\/\/www.europesays.com\/fr\/wp-json\/wp\/v2\/posts\/499449","targetHints":{"allow":["GET"]}}],"collection":[{"href":"https:\/\/www.europesays.com\/fr\/wp-json\/wp\/v2\/posts"}],"about":[{"href":"https:\/\/www.europesays.com\/fr\/wp-json\/wp\/v2\/types\/post"}],"author":[{"embeddable":true,"href":"https:\/\/www.europesays.com\/fr\/wp-json\/wp\/v2\/users\/2"}],"replies":[{"embeddable":true,"href":"https:\/\/www.europesays.com\/fr\/wp-json\/wp\/v2\/comments?post=499449"}],"version-history":[{"count":0,"href":"https:\/\/www.europesays.com\/fr\/wp-json\/wp\/v2\/posts\/499449\/revisions"}],"wp:featuredmedia":[{"embeddable":true,"href":"https:\/\/www.europesays.com\/fr\/wp-json\/wp\/v2\/media\/499450"}],"wp:attachment":[{"href":"https:\/\/www.europesays.com\/fr\/wp-json\/wp\/v2\/media?parent=499449"}],"wp:term":[{"taxonomy":"category","embeddable":true,"href":"https:\/\/www.europesays.com\/fr\/wp-json\/wp\/v2\/categories?post=499449"},{"taxonomy":"post_tag","embeddable":true,"href":"https:\/\/www.europesays.com\/fr\/wp-json\/wp\/v2\/tags?post=499449"}],"curies":[{"name":"wp","href":"https:\/\/api.w.org\/{rel}","templated":true}]}}